{"id":1678,"date":"2020-10-23T09:18:54","date_gmt":"2020-10-23T09:18:54","guid":{"rendered":"https:\/\/nkef.eus\/?p=1678"},"modified":"2020-10-26T09:47:57","modified_gmt":"2020-10-26T09:47:57","slug":"aplazada-el-inicio-de-la-liga-espanola-de-curling","status":"publish","type":"post","link":"https:\/\/nkef.eus\/eu\/index.php\/2020\/10\/23\/aplazada-el-inicio-de-la-liga-espanola-de-curling\/","title":{"rendered":"APLAZADA EL INICIO DE LA LIGA ESPA\u00d1OLA DE CURLING"},"content":{"rendered":"<div data-elementor-type=\"wp-post\" data-elementor-id=\"1678\" class=\"elementor elementor-1678\">\n\t\t\t\t\t\t<div class=\"elementor-inner\">\n\t\t\t\t<div class=\"elementor-section-wrap\">\n\t\t\t\t\t\t\t\t\t<section class=\"elementor-section elementor-top-section elementor-element elementor-element-42d618ed elementor-section-content-middle elementor-section-boxed elementor-section-height-default elementor-section-height-default\" data-id=\"42d618ed\" data-element_type=\"section\">\n\t\t\t\t\t\t<div class=\"elementor-container elementor-column-gap-no\">\n\t\t\t\t\t\t\t<div class=\"elementor-row\">\n\t\t\t\t\t<div class=\"elementor-column elementor-col-100 elementor-top-column elementor-element elementor-element-45ab4407\" data-id=\"45ab4407\" data-element_type=\"column\">\n\t\t\t<div class=\"elementor-column-wrap elementor-element-populated\">\n\t\t\t\t\t\t\t<div class=\"elementor-widget-wrap\">\n\t\t\t\t\t\t<div class=\"elementor-element elementor-element-38c42882 elementor-widget elementor-widget-heading\" data-id=\"38c42882\" data-element_type=\"widget\" data-widget_type=\"heading.default\">\n\t\t\t\t<div class=\"elementor-widget-container\">\n\t\t\t<h4 class=\"elementor-heading-title elementor-size-default\">APLAZADO EL INICIO DE LA LIGA ESPA\u00d1OLA DE CURLING<\/h4>\t\t<\/div>\n\t\t\t\t<\/div>\n\t\t\t\t<div class=\"elementor-element elementor-element-854c853 elementor-widget-divider--view-line elementor-widget elementor-widget-divider\" data-id=\"854c853\" data-element_type=\"widget\" data-widget_type=\"divider.default\">\n\t\t\t\t<div class=\"elementor-widget-container\">\n\t\t\t\t\t<div class=\"elementor-divider\">\n\t\t\t<span class=\"elementor-divider-separator\">\n\t\t\t\t\t\t<\/span>\n\t\t<\/div>\n\t\t\t\t<\/div>\n\t\t\t\t<\/div>\n\t\t\t\t<div class=\"elementor-element elementor-element-ca3c562 elementor-widget elementor-widget-image\" data-id=\"ca3c562\" data-element_type=\"widget\" data-widget_type=\"image.default\">\n\t\t\t\t<div class=\"elementor-widget-container\">\n\t\t\t\t\t\t\t\t<div class=\"elementor-image\">\n\t\t\t\t\t\t\t\t\t\t\t\t<img width=\"580\" height=\"580\" src=\"https:\/\/nkef.eus\/wp-content\/uploads\/2020\/10\/APLAZADO-1024x1024.png\" class=\"attachment-large size-large\" alt=\"\" loading=\"lazy\" srcset=\"https:\/\/nkef.eus\/wp-content\/uploads\/2020\/10\/APLAZADO-1024x1024.png 1024w, https:\/\/nkef.eus\/wp-content\/uploads\/2020\/10\/APLAZADO-300x300.png 300w, https:\/\/nkef.eus\/wp-content\/uploads\/2020\/10\/APLAZADO-150x150.png 150w, https:\/\/nkef.eus\/wp-content\/uploads\/2020\/10\/APLAZADO-768x768.png 768w, https:\/\/nkef.eus\/wp-content\/uploads\/2020\/10\/APLAZADO-1536x1536.png 1536w, https:\/\/nkef.eus\/wp-content\/uploads\/2020\/10\/APLAZADO-2048x2048.png 2048w, https:\/\/nkef.eus\/wp-content\/uploads\/2020\/10\/APLAZADO-12x12.png 12w\" sizes=\"(max-width: 580px) 100vw, 580px\" \/>\t\t\t\t\t\t\t\t\t\t\t\t\t\t<\/div>\n\t\t\t\t\t\t<\/div>\n\t\t\t\t<\/div>\n\t\t\t\t<div class=\"elementor-element elementor-element-6901ec8f elementor-widget elementor-widget-text-editor\" data-id=\"6901ec8f\" data-element_type=\"widget\" data-widget_type=\"text-editor.default\">\n\t\t\t\t<div class=\"elementor-widget-container\">\n\t\t\t\t\t\t\t\t<div class=\"elementor-text-editor elementor-clearfix\">\n\t\t\t\t<p style=\"text-align: center;\">Ante las restricciones de los \u00faltimos d\u00edas en diferentes zonas del territorio espa\u00f1ol y con el \u00e1nimo de analizar debidamente la situaci\u00f3n, la RFEDH ha decidido aplazar el inicio de la Liga Espa\u00f1ola de curling, as\u00ed como de la Liga Junior de Dobles Mixto, ambas competiciones de nueva creaci\u00f3n y que deb\u00edan arrancar en Jaca este fin de semana.<\/p><p style=\"text-align: center;\">La decisi\u00f3n propuesta por el Vocal de Curling de la Junta Directiva y respaldada por la mayor\u00eda de clubs de esta disciplina, ha sido aprobada por la Junta Directiva de la RFEDH. De esta forma, la Federaci\u00f3n dedicar\u00e1 los pr\u00f3ximos d\u00edas a monitorizar la evoluci\u00f3n de la pandemia y reflexionar sobre su impacto en estos eventos.<\/p>\t\t\t\t\t<\/div>\n\t\t\t\t\t\t<\/div>\n\t\t\t\t<\/div>\n\t\t\t\t\t\t<\/div>\n\t\t\t\t\t<\/div>\n\t\t<\/div>\n\t\t\t\t\t\t\t\t<\/div>\n\t\t\t\t\t<\/div>\n\t\t<\/section>\n\t\t\t\t\t\t\t\t\t<\/div>\n\t\t\t<\/div>\n\t\t\t\t\t<\/div>","protected":false},"excerpt":{"rendered":"<p>APLAZADO EL INICIO DE LA LIGA ESPA\u00d1OLA DE CURLING Ante las restricciones de los \u00faltimos d\u00edas en diferentes zonas del territorio espa\u00f1ol y con el \u00e1nimo de analizar debidamente la situaci\u00f3n, la RFEDH ha decidido aplazar el inicio de la Liga Espa\u00f1ola de curling, as\u00ed como de la Liga Junior de Dobles Mixto, ambas competiciones [&hellip;]<\/p>","protected":false},"author":3,"featured_media":1679,"comment_status":"closed","ping_status":"closed","sticky":false,"template":"elementor_header_footer","format":"standard","meta":[],"categories":[8],"tags":[],"_links":{"self":[{"href":"https:\/\/nkef.eus\/eu\/index.php\/wp-json\/wp\/v2\/posts\/1678"}],"collection":[{"href":"https:\/\/nkef.eus\/eu\/index.php\/wp-json\/wp\/v2\/posts"}],"about":[{"href":"https:\/\/nkef.eus\/eu\/index.php\/wp-json\/wp\/v2\/types\/post"}],"author":[{"embeddable":true,"href":"https:\/\/nkef.eus\/eu\/index.php\/wp-json\/wp\/v2\/users\/3"}],"replies":[{"embeddable":true,"href":"https:\/\/nkef.eus\/eu\/index.php\/wp-json\/wp\/v2\/comments?post=1678"}],"version-history":[{"count":4,"href":"https:\/\/nkef.eus\/eu\/index.php\/wp-json\/wp\/v2\/posts\/1678\/revisions"}],"predecessor-version":[{"id":1743,"href":"https:\/\/nkef.eus\/eu\/index.php\/wp-json\/wp\/v2\/posts\/1678\/revisions\/1743"}],"wp:featuredmedia":[{"embeddable":true,"href":"https:\/\/nkef.eus\/eu\/index.php\/wp-json\/wp\/v2\/media\/1679"}],"wp:attachment":[{"href":"https:\/\/nkef.eus\/eu\/index.php\/wp-json\/wp\/v2\/media?parent=1678"}],"wp:term":[{"taxonomy":"category","embeddable":true,"href":"https:\/\/nkef.eus\/eu\/index.php\/wp-json\/wp\/v2\/categories?post=1678"},{"taxonomy":"post_tag","embeddable":true,"href":"https:\/\/nkef.eus\/eu\/index.php\/wp-json\/wp\/v2\/tags?post=1678"}],"curies":[{"name":"wp","href":"https:\/\/api.w.org\/{rel}","templated":true}]}}