{"id":1648,"date":"2020-10-20T09:18:00","date_gmt":"2020-10-20T09:18:00","guid":{"rendered":"https:\/\/nkef.eus\/?p=1648"},"modified":"2020-10-26T09:54:26","modified_gmt":"2020-10-26T09:54:26","slug":"entrevista-imanol-rojo-basque-team","status":"publish","type":"post","link":"https:\/\/nkef.eus\/eu\/index.php\/2020\/10\/20\/entrevista-imanol-rojo-basque-team\/","title":{"rendered":"ENTREVISTA IMANOL ROJO &#8211; BASQUE TEAM"},"content":{"rendered":"<div data-elementor-type=\"wp-post\" data-elementor-id=\"1648\" class=\"elementor elementor-1648\">\n\t\t\t\t\t\t<div class=\"elementor-inner\">\n\t\t\t\t<div class=\"elementor-section-wrap\">\n\t\t\t\t\t\t\t\t\t<section class=\"elementor-section elementor-top-section elementor-element elementor-element-7ac630da elementor-section-content-middle elementor-section-boxed elementor-section-height-default elementor-section-height-default\" data-id=\"7ac630da\" data-element_type=\"section\">\n\t\t\t\t\t\t<div class=\"elementor-container elementor-column-gap-no\">\n\t\t\t\t\t\t\t<div class=\"elementor-row\">\n\t\t\t\t\t<div class=\"elementor-column elementor-col-100 elementor-top-column elementor-element elementor-element-3afee3d0\" data-id=\"3afee3d0\" data-element_type=\"column\">\n\t\t\t<div class=\"elementor-column-wrap elementor-element-populated\">\n\t\t\t\t\t\t\t<div class=\"elementor-widget-wrap\">\n\t\t\t\t\t\t<div class=\"elementor-element elementor-element-418b2ce3 elementor-widget elementor-widget-heading\" data-id=\"418b2ce3\" data-element_type=\"widget\" data-widget_type=\"heading.default\">\n\t\t\t\t<div class=\"elementor-widget-container\">\n\t\t\t<h4 class=\"elementor-heading-title elementor-size-default\">ENTREVISTA IMANOL ROJO - BASQUE TEAM<\/h4>\t\t<\/div>\n\t\t\t\t<\/div>\n\t\t\t\t<div class=\"elementor-element elementor-element-05283ac elementor-widget elementor-widget-image\" data-id=\"05283ac\" data-element_type=\"widget\" data-widget_type=\"image.default\">\n\t\t\t\t<div class=\"elementor-widget-container\">\n\t\t\t\t\t\t\t\t<div class=\"elementor-image\">\n\t\t\t\t\t\t\t\t\t<figure class=\"wp-caption\">\n\t\t\t\t\t\t\t\t\t\t<img width=\"580\" height=\"580\" src=\"https:\/\/nkef.eus\/wp-content\/uploads\/2020\/10\/23-IMANOL-1024x1024.jpg\" class=\"attachment-large size-large\" alt=\"\" loading=\"lazy\" srcset=\"https:\/\/nkef.eus\/wp-content\/uploads\/2020\/10\/23-IMANOL-1024x1024.jpg 1024w, https:\/\/nkef.eus\/wp-content\/uploads\/2020\/10\/23-IMANOL-300x300.jpg 300w, https:\/\/nkef.eus\/wp-content\/uploads\/2020\/10\/23-IMANOL-150x150.jpg 150w, https:\/\/nkef.eus\/wp-content\/uploads\/2020\/10\/23-IMANOL-768x768.jpg 768w, https:\/\/nkef.eus\/wp-content\/uploads\/2020\/10\/23-IMANOL-12x12.jpg 12w, https:\/\/nkef.eus\/wp-content\/uploads\/2020\/10\/23-IMANOL.jpg 1080w\" sizes=\"(max-width: 580px) 100vw, 580px\" \/>\t\t\t\t\t\t\t\t\t\t\t<figcaption class=\"widget-image-caption wp-caption-text\">II Trofeo Ciudad de Jaca - Campeonatos de Espa\u00f1a de Rollerski <\/figcaption>\n\t\t\t\t\t\t\t\t\t\t<\/figure>\n\t\t\t\t\t\t\t\t<\/div>\n\t\t\t\t\t\t<\/div>\n\t\t\t\t<\/div>\n\t\t\t\t<div class=\"elementor-element elementor-element-18fb50e elementor-widget elementor-widget-text-editor\" data-id=\"18fb50e\" data-element_type=\"widget\" data-widget_type=\"text-editor.default\">\n\t\t\t\t<div class=\"elementor-widget-container\">\n\t\t\t\t\t\t\t\t<div class=\"elementor-text-editor elementor-clearfix\">\n\t\t\t\t<h4 style=\"text-align: center;\">\u00abComo Afronta Imanol Rojo La Nueva Temporada\u00bb<\/h4>\t\t\t\t\t<\/div>\n\t\t\t\t\t\t<\/div>\n\t\t\t\t<\/div>\n\t\t\t\t<div class=\"elementor-element elementor-element-5330e65b elementor-widget elementor-widget-text-editor\" data-id=\"5330e65b\" data-element_type=\"widget\" data-widget_type=\"text-editor.default\">\n\t\t\t\t<div class=\"elementor-widget-container\">\n\t\t\t\t\t\t\t\t<div class=\"elementor-text-editor elementor-clearfix\">\n\t\t\t\t<table width=\"100%\"><tbody><tr><td><table width=\"100%\"><tbody><tr><td width=\"600\"><table width=\"100%\"><tbody><tr><td><p style=\"text-align: center;\"><u>Getxo, 20 de octubre de 2020<\/u>. Este fin de semana <strong>Imanol Rojo <\/strong>se ha proclamado campe\u00f3n de Espa\u00f1a de rollerski en Jaca. Es una buena forma de comenzar una temporada que se presenta ilusionante para el esquiador de fondo becado por la Fundaci\u00f3n Basque Team. El a\u00f1o pasado realiz\u00f3 la mejor campa\u00f1a de su trayectoria y afronta \u00e9sta que comienza ahora con el objetivo de mantenerse entre los 30 mejores de la Copa del Mundo y mantener ese buen nivel en el Mundial que se disputar\u00e1 a finales de febrero y principios de marzo en Oberstdorf, Alemania. Adem\u00e1s, a partir de esta temporada las pruebas de la Copa del Mundo comienzan a puntuar de cara a la clasificaci\u00f3n para Beijing 2022, los que ser\u00edan los terceros Juegos Ol\u00edmpicos para Rojo.<\/p><p style=\"text-align: center;\">\u201cHa sido un a\u00f1o extra\u00f1o debido a la pandemia.\u00a0Hemos hecho un poco diferente la preparaci\u00f3n. Hemos salido menos; hemos salido un par de concentraciones en Andorra y nada m\u00e1s y ahora hemos empezado a ir a Italia a esquiar, eso s\u00ed, cada viaje con medidas, haci\u00e9ndonos la PCR. En principio eso es lo que ha cambiado, que hemos salido menos en verano\u201d.<\/p><p style=\"text-align: center;\">\u201cHemos tenido bastante suerte porque las Copas del Mundo se van a hacer todas, todo el calendario y, en principio, si seguimos con este nivel, y tenemos nivel para correr Copas del Mundo, correr\u00e9 todo el calendario y sin ning\u00fan problema, y el Mundial tambi\u00e9n en marzo\u201d.<\/p><p style=\"text-align: center;\">\u201cCon mucha ilusi\u00f3n porque el a\u00f1o pasado me dio ese empuj\u00f3n para entrar en Copa del Mundo y ya estar entre los mejores y ahora lo que hace falta es mantener o si se puede mejorar de cara al Mundial que hay este a\u00f1o en marzo y ya mirando un poco de cara a dos a\u00f1os, a los Juegos Ol\u00edmpicos\u201d.<\/p><p style=\"text-align: center;\">\u201cEste a\u00f1o empiezan a contar todas las carreras, todas las Copas del Mundo cuentan para la preparaci\u00f3n ol\u00edmpica, y nos jugamos esa clasificaci\u00f3n que este a\u00f1o empezar\u00e1 en noviembre. La verdad es que no lo pienso mucho. Voy a\u00f1o a a\u00f1o y vamos a ver lo que depara \u00e9ste\u201d.<\/p><p style=\"text-align: center;\">\u201cMotiva mucho poder ir a unos terceros Juegos. Es verdad que me hace mucha ilusi\u00f3n ya que el a\u00f1o pasado me fue muy bien, quiero hacer un Mundial bonito y de cara a dos a\u00f1os a ver d\u00f3nde estamos\u201d.<\/p><p style=\"text-align: center;\">\u201cLa verdad es que me encuentro bien. Los test que hemos hecho en verano y ahora en oto\u00f1o nos dicen que, por ahora, estamos muy bien y la idea es mantener el nivel y dar ese empuj\u00f3n, si todas las cosas van bien, como el material y todas las cosas que hay alrededor del esqu\u00ed de fondo\u201d.\u00a0\u00a0\u00a0<\/p><\/td><\/tr><\/tbody><\/table><\/td><\/tr><\/tbody><\/table><\/td><\/tr><\/tbody><\/table>\t\t\t\t\t<\/div>\n\t\t\t\t\t\t<\/div>\n\t\t\t\t<\/div>\n\t\t\t\t<div class=\"elementor-element elementor-element-8b2f767 elementor-aspect-ratio-169 elementor-widget elementor-widget-video\" data-id=\"8b2f767\" data-element_type=\"widget\" data-settings=\"{&quot;youtube_url&quot;:&quot;https:\\\/\\\/www.youtube.com\\\/watch?v=3r9H8pNPCR8&amp;feature=youtu.be&quot;,&quot;video_type&quot;:&quot;youtube&quot;,&quot;controls&quot;:&quot;yes&quot;,&quot;aspect_ratio&quot;:&quot;169&quot;}\" data-widget_type=\"video.default\">\n\t\t\t\t<div class=\"elementor-widget-container\">\n\t\t\t\t\t<div class=\"elementor-wrapper elementor-fit-aspect-ratio elementor-open-inline\">\n\t\t\t<div class=\"elementor-video\"><\/div>\t\t<\/div>\n\t\t\t\t<\/div>\n\t\t\t\t<\/div>\n\t\t\t\t\t\t<\/div>\n\t\t\t\t\t<\/div>\n\t\t<\/div>\n\t\t\t\t\t\t\t\t<\/div>\n\t\t\t\t\t<\/div>\n\t\t<\/section>\n\t\t\t\t\t\t\t\t\t<\/div>\n\t\t\t<\/div>\n\t\t\t\t\t<\/div>","protected":false},"excerpt":{"rendered":"<p>ENTREVISTA IMANOL ROJO &#8211; BASQUE TEAM II Trofeo Ciudad de Jaca &#8211; Campeonatos de Espa\u00f1a de Rollerski \u00abComo Afronta Imanol Rojo La Nueva Temporada\u00bb Getxo, 20 de octubre de 2020. Este fin de semana Imanol Rojo se ha proclamado campe\u00f3n de Espa\u00f1a de rollerski en Jaca. Es una buena forma de comenzar una temporada que [&hellip;]<\/p>","protected":false},"author":3,"featured_media":1649,"comment_status":"closed","ping_status":"closed","sticky":false,"template":"elementor_header_footer","format":"standard","meta":[],"categories":[9],"tags":[],"_links":{"self":[{"href":"https:\/\/nkef.eus\/eu\/index.php\/wp-json\/wp\/v2\/posts\/1648"}],"collection":[{"href":"https:\/\/nkef.eus\/eu\/index.php\/wp-json\/wp\/v2\/posts"}],"about":[{"href":"https:\/\/nkef.eus\/eu\/index.php\/wp-json\/wp\/v2\/types\/post"}],"author":[{"embeddable":true,"href":"https:\/\/nkef.eus\/eu\/index.php\/wp-json\/wp\/v2\/users\/3"}],"replies":[{"embeddable":true,"href":"https:\/\/nkef.eus\/eu\/index.php\/wp-json\/wp\/v2\/comments?post=1648"}],"version-history":[{"count":6,"href":"https:\/\/nkef.eus\/eu\/index.php\/wp-json\/wp\/v2\/posts\/1648\/revisions"}],"predecessor-version":[{"id":1747,"href":"https:\/\/nkef.eus\/eu\/index.php\/wp-json\/wp\/v2\/posts\/1648\/revisions\/1747"}],"wp:featuredmedia":[{"embeddable":true,"href":"https:\/\/nkef.eus\/eu\/index.php\/wp-json\/wp\/v2\/media\/1649"}],"wp:attachment":[{"href":"https:\/\/nkef.eus\/eu\/index.php\/wp-json\/wp\/v2\/media?parent=1648"}],"wp:term":[{"taxonomy":"category","embeddable":true,"href":"https:\/\/nkef.eus\/eu\/index.php\/wp-json\/wp\/v2\/categories?post=1648"},{"taxonomy":"post_tag","embeddable":true,"href":"https:\/\/nkef.eus\/eu\/index.php\/wp-json\/wp\/v2\/tags?post=1648"}],"curies":[{"name":"wp","href":"https:\/\/api.w.org\/{rel}","templated":true}]}}