{"id":1629,"date":"2020-10-19T10:55:08","date_gmt":"2020-10-19T10:55:08","guid":{"rendered":"https:\/\/nkef.eus\/?p=1629"},"modified":"2020-10-26T09:56:07","modified_gmt":"2020-10-26T09:56:07","slug":"imanol-rojo-peio-anarbe-y-alaia-juaristi-campeones-de-espana-de-rollerski-2020-21","status":"publish","type":"post","link":"https:\/\/nkef.eus\/eu\/index.php\/2020\/10\/19\/imanol-rojo-peio-anarbe-y-alaia-juaristi-campeones-de-espana-de-rollerski-2020-21\/","title":{"rendered":"IMANOL ROJO, PEIO A\u00d1ARBE Y ALAIA JUARISTI CAMPEONES DE ESPA\u00d1A DE ROLLERSKI 2020-21"},"content":{"rendered":"<div data-elementor-type=\"wp-post\" data-elementor-id=\"1629\" class=\"elementor elementor-1629\">\n\t\t\t\t\t\t<div class=\"elementor-inner\">\n\t\t\t\t<div class=\"elementor-section-wrap\">\n\t\t\t\t\t\t\t\t\t<section class=\"elementor-section elementor-top-section elementor-element elementor-element-1af62549 elementor-section-content-middle elementor-section-boxed elementor-section-height-default elementor-section-height-default\" data-id=\"1af62549\" data-element_type=\"section\">\n\t\t\t\t\t\t<div class=\"elementor-container elementor-column-gap-no\">\n\t\t\t\t\t\t\t<div class=\"elementor-row\">\n\t\t\t\t\t<div class=\"elementor-column elementor-col-100 elementor-top-column elementor-element elementor-element-6a33730f\" data-id=\"6a33730f\" data-element_type=\"column\">\n\t\t\t<div class=\"elementor-column-wrap elementor-element-populated\">\n\t\t\t\t\t\t\t<div class=\"elementor-widget-wrap\">\n\t\t\t\t\t\t<div class=\"elementor-element elementor-element-192a0050 elementor-widget elementor-widget-heading\" data-id=\"192a0050\" data-element_type=\"widget\" data-widget_type=\"heading.default\">\n\t\t\t\t<div class=\"elementor-widget-container\">\n\t\t\t<h4 class=\"elementor-heading-title elementor-size-default\">IMANOL ROJO, PEIO A\u00d1ARBE Y ALAIA JUARISTI CAMPEONES DE ESPA\u00d1A DE ROLLERSKI 2020-21<\/h4>\t\t<\/div>\n\t\t\t\t<\/div>\n\t\t\t\t<div class=\"elementor-element elementor-element-d708f13 elementor-widget elementor-widget-image\" data-id=\"d708f13\" data-element_type=\"widget\" data-widget_type=\"image.default\">\n\t\t\t\t<div class=\"elementor-widget-container\">\n\t\t\t\t\t\t\t\t<div class=\"elementor-image\">\n\t\t\t\t\t\t\t\t\t\t\t\t<img width=\"580\" height=\"580\" src=\"https:\/\/nkef.eus\/wp-content\/uploads\/2020\/10\/2222-1024x1024.png\" class=\"attachment-large size-large\" alt=\"\" loading=\"lazy\" srcset=\"https:\/\/nkef.eus\/wp-content\/uploads\/2020\/10\/2222-1024x1024.png 1024w, https:\/\/nkef.eus\/wp-content\/uploads\/2020\/10\/2222-300x300.png 300w, https:\/\/nkef.eus\/wp-content\/uploads\/2020\/10\/2222-150x150.png 150w, https:\/\/nkef.eus\/wp-content\/uploads\/2020\/10\/2222-768x768.png 768w, https:\/\/nkef.eus\/wp-content\/uploads\/2020\/10\/2222-12x12.png 12w, https:\/\/nkef.eus\/wp-content\/uploads\/2020\/10\/2222.png 1080w\" sizes=\"(max-width: 580px) 100vw, 580px\" \/>\t\t\t\t\t\t\t\t\t\t\t\t\t\t<\/div>\n\t\t\t\t\t\t<\/div>\n\t\t\t\t<\/div>\n\t\t\t\t<div class=\"elementor-element elementor-element-7aba5e3f elementor-widget elementor-widget-text-editor\" data-id=\"7aba5e3f\" data-element_type=\"widget\" data-widget_type=\"text-editor.default\">\n\t\t\t\t<div class=\"elementor-widget-container\">\n\t\t\t\t\t\t\t\t<div class=\"elementor-text-editor elementor-clearfix\">\n\t\t\t\t<div id=\"js_b\" class=\"_5pbx userContent _3576\" data-testid=\"post_message\" data-ft=\"{&quot;tn&quot;:&quot;K&quot;}\"><p style=\"text-align: center;\">Los d\u00edas 17 y 18 de Octubre se ha celebrado en Jaca el II trofeo ciudad de Jaca &#8211; Campeonatos de Espa\u00f1a de Rollerski organizado por la Federaci\u00f3n Aragonesa de Deportes de Invierno el Club Pirineista Mayencos y La Real Federaci\u00f3n Espa\u00f1ola de Deportes de Invierno, disput\u00e1ndose el S\u00e1bado la prueba en estilo cl\u00e1sico y el domingo la prueba de patinador.<br \/>\u00a0<span style=\"color: #000000;\"><strong>Imanol Rojo<\/strong><\/span> se ha proclamado (<span style=\"color: #000000;\">Campe\u00f3n de<\/span> <span style=\"color: #000000;\">Espa\u00f1a<\/span> <span style=\"color: #000000;\">absoluto<\/span> en modalidad <span style=\"color: #000000;\">patinador<\/span>). <span style=\"color: #000000;\">Peio A\u00f1arbe<\/span> (<span style=\"color: #000000;\">Campe\u00f3n de<\/span> <span style=\"color: #000000;\">Espa\u00f1a U16<\/span> en modalidad <span style=\"color: #000000;\">cl\u00e1sica y patinador<\/span> y <span style=\"color: #000000;\">Alaia<\/span> <span style=\"color: #000000;\">Juaristi<\/span> (<span style=\"color: #000000;\">Campeona de<\/span> <span style=\"color: #000000;\">Espa\u00f1a U18<\/span> en modalidad patinador y <span style=\"color: #000000;\">subcampeona<\/span> en modalidad<span style=\"color: #000000;\"> cl\u00e1sica<\/span>).\u00a0<\/p><p style=\"text-align: center;\">El resto de deportistas integrantes a la estructura deportiva de la NKEF que han participado en dicha prueba tambi\u00e9n han logrado grandes resultados.<\/p><\/div><div class=\"_3x-2\" data-ft=\"{&quot;tn&quot;:&quot;H&quot;}\"><div data-ft=\"{&quot;tn&quot;:&quot;H&quot;}\"><div class=\"mtm\"><div><div class=\"_1ktf\" style=\"text-align: center;\" data-ft=\"{&quot;tn&quot;:&quot;E&quot;}\">\u00a0<\/div><\/div><\/div><\/div><\/div>\t\t\t\t\t<\/div>\n\t\t\t\t\t\t<\/div>\n\t\t\t\t<\/div>\n\t\t\t\t<div class=\"elementor-element elementor-element-4a15c20 elementor-align-center elementor-widget elementor-widget-button\" data-id=\"4a15c20\" data-element_type=\"widget\" data-widget_type=\"button.default\">\n\t\t\t\t<div class=\"elementor-widget-container\">\n\t\t\t\t\t<div class=\"elementor-button-wrapper\">\n\t\t\t<a href=\"https:\/\/nkef.eus\/wp-content\/uploads\/2020\/10\/CLASICO-SABADO.pdf\" class=\"elementor-button-link elementor-button elementor-size-sm\" role=\"button\">\n\t\t\t\t\t\t<span class=\"elementor-button-content-wrapper\">\n\t\t\t\t\t\t<span class=\"elementor-button-text\">Clasificaci\u00f3n Final T\u00e9cnica Cl\u00e1sica<\/span>\n\t\t<\/span>\n\t\t\t\t\t<\/a>\n\t\t<\/div>\n\t\t\t\t<\/div>\n\t\t\t\t<\/div>\n\t\t\t\t<div class=\"elementor-element elementor-element-ccd5156 elementor-align-center elementor-widget elementor-widget-button\" data-id=\"ccd5156\" data-element_type=\"widget\" data-widget_type=\"button.default\">\n\t\t\t\t<div class=\"elementor-widget-container\">\n\t\t\t\t\t<div class=\"elementor-button-wrapper\">\n\t\t\t<a href=\"https:\/\/nkef.eus\/wp-content\/uploads\/2020\/10\/PATINADOR-DOMINGO.pdf\" class=\"elementor-button-link elementor-button elementor-size-sm\" role=\"button\">\n\t\t\t\t\t\t<span class=\"elementor-button-content-wrapper\">\n\t\t\t\t\t\t<span class=\"elementor-button-text\">Clasificaci\u00f3n Final Patinador<\/span>\n\t\t<\/span>\n\t\t\t\t\t<\/a>\n\t\t<\/div>\n\t\t\t\t<\/div>\n\t\t\t\t<\/div>\n\t\t\t\t\t\t<\/div>\n\t\t\t\t\t<\/div>\n\t\t<\/div>\n\t\t\t\t\t\t\t\t<\/div>\n\t\t\t\t\t<\/div>\n\t\t<\/section>\n\t\t\t\t\t\t\t\t\t<\/div>\n\t\t\t<\/div>\n\t\t\t\t\t<\/div>","protected":false},"excerpt":{"rendered":"<p>IMANOL ROJO, PEIO A\u00d1ARBE Y ALAIA JUARISTI CAMPEONES DE ESPA\u00d1A DE ROLLERSKI 2020-21 Los d\u00edas 17 y 18 de Octubre se ha celebrado en Jaca el II trofeo ciudad de Jaca &#8211; Campeonatos de Espa\u00f1a de Rollerski organizado por la Federaci\u00f3n Aragonesa de Deportes de Invierno el Club Pirineista Mayencos y La Real Federaci\u00f3n Espa\u00f1ola [&hellip;]<\/p>","protected":false},"author":3,"featured_media":1630,"comment_status":"closed","ping_status":"closed","sticky":false,"template":"elementor_header_footer","format":"standard","meta":[],"categories":[9],"tags":[],"_links":{"self":[{"href":"https:\/\/nkef.eus\/eu\/index.php\/wp-json\/wp\/v2\/posts\/1629"}],"collection":[{"href":"https:\/\/nkef.eus\/eu\/index.php\/wp-json\/wp\/v2\/posts"}],"about":[{"href":"https:\/\/nkef.eus\/eu\/index.php\/wp-json\/wp\/v2\/types\/post"}],"author":[{"embeddable":true,"href":"https:\/\/nkef.eus\/eu\/index.php\/wp-json\/wp\/v2\/users\/3"}],"replies":[{"embeddable":true,"href":"https:\/\/nkef.eus\/eu\/index.php\/wp-json\/wp\/v2\/comments?post=1629"}],"version-history":[{"count":4,"href":"https:\/\/nkef.eus\/eu\/index.php\/wp-json\/wp\/v2\/posts\/1629\/revisions"}],"predecessor-version":[{"id":1749,"href":"https:\/\/nkef.eus\/eu\/index.php\/wp-json\/wp\/v2\/posts\/1629\/revisions\/1749"}],"wp:featuredmedia":[{"embeddable":true,"href":"https:\/\/nkef.eus\/eu\/index.php\/wp-json\/wp\/v2\/media\/1630"}],"wp:attachment":[{"href":"https:\/\/nkef.eus\/eu\/index.php\/wp-json\/wp\/v2\/media?parent=1629"}],"wp:term":[{"taxonomy":"category","embeddable":true,"href":"https:\/\/nkef.eus\/eu\/index.php\/wp-json\/wp\/v2\/categories?post=1629"},{"taxonomy":"post_tag","embeddable":true,"href":"https:\/\/nkef.eus\/eu\/index.php\/wp-json\/wp\/v2\/tags?post=1629"}],"curies":[{"name":"wp","href":"https:\/\/api.w.org\/{rel}","templated":true}]}}