{"id":1557,"date":"2020-10-08T09:35:25","date_gmt":"2020-10-08T09:35:25","guid":{"rendered":"https:\/\/nkef.eus\/?p=1557"},"modified":"2020-10-26T10:00:43","modified_gmt":"2020-10-26T10:00:43","slug":"covid-19-protocolo-de-actuacion-para-la-vuelta-de-competiciones-oficiales-de-ambito-estatal-y-caracter-no-profesional-temporada-2020-2021","status":"publish","type":"post","link":"https:\/\/nkef.eus\/eu\/index.php\/2020\/10\/08\/covid-19-protocolo-de-actuacion-para-la-vuelta-de-competiciones-oficiales-de-ambito-estatal-y-caracter-no-profesional-temporada-2020-2021\/","title":{"rendered":"COVID-19. Protocolo de actuaci\u00f3n para la vuelta de competiciones oficiales de \u00e1mbito estatal y car\u00e1cter no profesional (Temporada 2020-2021)"},"content":{"rendered":"<div data-elementor-type=\"wp-post\" data-elementor-id=\"1557\" class=\"elementor elementor-1557\">\n\t\t\t\t\t\t<div class=\"elementor-inner\">\n\t\t\t\t<div class=\"elementor-section-wrap\">\n\t\t\t\t\t\t\t\t\t<section class=\"elementor-section elementor-top-section elementor-element elementor-element-53299ce3 elementor-section-content-middle elementor-section-boxed elementor-section-height-default elementor-section-height-default\" data-id=\"53299ce3\" data-element_type=\"section\">\n\t\t\t\t\t\t<div class=\"elementor-container elementor-column-gap-no\">\n\t\t\t\t\t\t\t<div class=\"elementor-row\">\n\t\t\t\t\t<div class=\"elementor-column elementor-col-100 elementor-top-column elementor-element elementor-element-6713a0dc\" data-id=\"6713a0dc\" data-element_type=\"column\">\n\t\t\t<div class=\"elementor-column-wrap elementor-element-populated\">\n\t\t\t\t\t\t\t<div class=\"elementor-widget-wrap\">\n\t\t\t\t\t\t<div class=\"elementor-element elementor-element-257dc86c elementor-widget elementor-widget-heading\" data-id=\"257dc86c\" data-element_type=\"widget\" data-widget_type=\"heading.default\">\n\t\t\t\t<div class=\"elementor-widget-container\">\n\t\t\t<h4 class=\"elementor-heading-title elementor-size-default\">COVID-19. Protocolo de\nactuaci\u00f3n para la vuelta de competiciones oficiales de \u00e1mbito estatal y car\u00e1cter no profesional\n(Temporada 2020-2021)<\/h4>\t\t<\/div>\n\t\t\t\t<\/div>\n\t\t\t\t<div class=\"elementor-element elementor-element-fde4598 elementor-widget elementor-widget-image\" data-id=\"fde4598\" data-element_type=\"widget\" data-widget_type=\"image.default\">\n\t\t\t\t<div class=\"elementor-widget-container\">\n\t\t\t\t\t\t\t\t<div class=\"elementor-image\">\n\t\t\t\t\t\t\t\t\t<figure class=\"wp-caption\">\n\t\t\t\t\t\t\t\t\t\t<img width=\"580\" height=\"861\" src=\"https:\/\/nkef.eus\/wp-content\/uploads\/2020\/10\/protocolo-690x1024.png\" class=\"attachment-large size-large\" alt=\"\" loading=\"lazy\" srcset=\"https:\/\/nkef.eus\/wp-content\/uploads\/2020\/10\/protocolo-690x1024.png 690w, https:\/\/nkef.eus\/wp-content\/uploads\/2020\/10\/protocolo-202x300.png 202w, https:\/\/nkef.eus\/wp-content\/uploads\/2020\/10\/protocolo-768x1140.png 768w, https:\/\/nkef.eus\/wp-content\/uploads\/2020\/10\/protocolo.png 1030w\" sizes=\"(max-width: 580px) 100vw, 580px\" \/>\t\t\t\t\t\t\t\t\t\t\t<figcaption class=\"widget-image-caption wp-caption-text\">Las especificaciones en competici\u00f3n de Deportes de Invierno aparecen en el apartado V- Competiciones, Punto 5.-.  <\/figcaption>\n\t\t\t\t\t\t\t\t\t\t<\/figure>\n\t\t\t\t\t\t\t\t<\/div>\n\t\t\t\t\t\t<\/div>\n\t\t\t\t<\/div>\n\t\t\t\t<div class=\"elementor-element elementor-element-3b3ef71b elementor-widget elementor-widget-text-editor\" data-id=\"3b3ef71b\" data-element_type=\"widget\" data-widget_type=\"text-editor.default\">\n\t\t\t\t<div class=\"elementor-widget-container\">\n\t\t\t\t\t\t\t\t<div class=\"elementor-text-editor elementor-clearfix\">\n\t\t\t\t<p class=\"Default\"><span style=\"font-size: 11.0pt; color: windowtext;\">Este protocolo base, ha sido suscrito por todas las Comunidades Aut\u00f3nomas, Federaci\u00f3n Espa\u00f1ola de Municipios y Provincias, Federaciones Deportivas Espa\u00f1olas, Asociaci\u00f3n del Deporte Espa\u00f1ol, Comit\u00e9 Paral\u00edmpico Espa\u00f1ol, Comit\u00e9 Ol\u00edmpico Espa\u00f1ol y otros interlocutores del deporte y organizadores de competiciones integrados en el Grupo de Tareas para el Impulso del Deporte del Consejo Superior de Deportes, y debe servir como referencia y m\u00ednimo com\u00fan denominador para las Comunidades Aut\u00f3nomas (CCAA), de los requerimientos m\u00ednimos que deben cumplirse en la organizaci\u00f3n de las competiciones oficiales de \u00e1mbito estatal y de car\u00e1cter no profesional, en materia de prevenci\u00f3n COVID19 <\/span><\/p><p>\u00a0<\/p>\t\t\t\t\t<\/div>\n\t\t\t\t\t\t<\/div>\n\t\t\t\t<\/div>\n\t\t\t\t<div class=\"elementor-element elementor-element-e14c729 elementor-align-center elementor-widget elementor-widget-button\" data-id=\"e14c729\" data-element_type=\"widget\" data-widget_type=\"button.default\">\n\t\t\t\t<div class=\"elementor-widget-container\">\n\t\t\t\t\t<div class=\"elementor-button-wrapper\">\n\t\t\t<a href=\"https:\/\/nkef.eus\/wp-content\/uploads\/2020\/10\/PROTOCOLO-VUELTA-A-LA-COMPETICIO\u0301N-con-Especificaciones-Deportes-de-Invierno-RFEDI-1.pdf\" class=\"elementor-button-link elementor-button elementor-size-sm\" role=\"button\">\n\t\t\t\t\t\t<span class=\"elementor-button-content-wrapper\">\n\t\t\t\t\t\t<span class=\"elementor-button-text\">Ver Documento<\/span>\n\t\t<\/span>\n\t\t\t\t\t<\/a>\n\t\t<\/div>\n\t\t\t\t<\/div>\n\t\t\t\t<\/div>\n\t\t\t\t\t\t<\/div>\n\t\t\t\t\t<\/div>\n\t\t<\/div>\n\t\t\t\t\t\t\t\t<\/div>\n\t\t\t\t\t<\/div>\n\t\t<\/section>\n\t\t\t\t\t\t\t\t\t<\/div>\n\t\t\t<\/div>\n\t\t\t\t\t<\/div>","protected":false},"excerpt":{"rendered":"<p>COVID-19. Protocolo de actuaci\u00f3n para la vuelta de competiciones oficiales de \u00e1mbito estatal y car\u00e1cter no profesional (Temporada 2020-2021) Las especificaciones en competici\u00f3n de Deportes de Invierno aparecen en el apartado V- Competiciones, Punto 5.-. Este protocolo base, ha sido suscrito por todas las Comunidades Aut\u00f3nomas, Federaci\u00f3n Espa\u00f1ola de Municipios y Provincias, Federaciones Deportivas Espa\u00f1olas, [&hellip;]<\/p>","protected":false},"author":3,"featured_media":894,"comment_status":"closed","ping_status":"closed","sticky":false,"template":"elementor_header_footer","format":"standard","meta":[],"categories":[15],"tags":[],"_links":{"self":[{"href":"https:\/\/nkef.eus\/eu\/index.php\/wp-json\/wp\/v2\/posts\/1557"}],"collection":[{"href":"https:\/\/nkef.eus\/eu\/index.php\/wp-json\/wp\/v2\/posts"}],"about":[{"href":"https:\/\/nkef.eus\/eu\/index.php\/wp-json\/wp\/v2\/types\/post"}],"author":[{"embeddable":true,"href":"https:\/\/nkef.eus\/eu\/index.php\/wp-json\/wp\/v2\/users\/3"}],"replies":[{"embeddable":true,"href":"https:\/\/nkef.eus\/eu\/index.php\/wp-json\/wp\/v2\/comments?post=1557"}],"version-history":[{"count":5,"href":"https:\/\/nkef.eus\/eu\/index.php\/wp-json\/wp\/v2\/posts\/1557\/revisions"}],"predecessor-version":[{"id":1754,"href":"https:\/\/nkef.eus\/eu\/index.php\/wp-json\/wp\/v2\/posts\/1557\/revisions\/1754"}],"wp:featuredmedia":[{"embeddable":true,"href":"https:\/\/nkef.eus\/eu\/index.php\/wp-json\/wp\/v2\/media\/894"}],"wp:attachment":[{"href":"https:\/\/nkef.eus\/eu\/index.php\/wp-json\/wp\/v2\/media?parent=1557"}],"wp:term":[{"taxonomy":"category","embeddable":true,"href":"https:\/\/nkef.eus\/eu\/index.php\/wp-json\/wp\/v2\/categories?post=1557"},{"taxonomy":"post_tag","embeddable":true,"href":"https:\/\/nkef.eus\/eu\/index.php\/wp-json\/wp\/v2\/tags?post=1557"}],"curies":[{"name":"wp","href":"https:\/\/api.w.org\/{rel}","templated":true}]}}