{"id":1525,"date":"2020-10-05T08:31:34","date_gmt":"2020-10-05T08:31:34","guid":{"rendered":"https:\/\/nkef.eus\/?p=1525"},"modified":"2020-10-26T10:07:43","modified_gmt":"2020-10-26T10:07:43","slug":"derrota-del-txuri-urdin-en-la-liga-iberdrola-y-liga-u20","status":"publish","type":"post","link":"https:\/\/nkef.eus\/eu\/index.php\/2020\/10\/05\/derrota-del-txuri-urdin-en-la-liga-iberdrola-y-liga-u20\/","title":{"rendered":"DERROTA DEL TXURI URDIN EN LA LIGA IBERDROLA Y LIGA U20"},"content":{"rendered":"<div data-elementor-type=\"wp-post\" data-elementor-id=\"1525\" class=\"elementor elementor-1525\">\n\t\t\t\t\t\t<div class=\"elementor-inner\">\n\t\t\t\t<div class=\"elementor-section-wrap\">\n\t\t\t\t\t\t\t\t\t<section class=\"elementor-section elementor-top-section elementor-element elementor-element-329a412e elementor-section-content-middle elementor-section-boxed elementor-section-height-default elementor-section-height-default\" data-id=\"329a412e\" data-element_type=\"section\">\n\t\t\t\t\t\t<div class=\"elementor-container elementor-column-gap-no\">\n\t\t\t\t\t\t\t<div class=\"elementor-row\">\n\t\t\t\t\t<div class=\"elementor-column elementor-col-100 elementor-top-column elementor-element elementor-element-542619ac\" data-id=\"542619ac\" data-element_type=\"column\">\n\t\t\t<div class=\"elementor-column-wrap elementor-element-populated\">\n\t\t\t\t\t\t\t<div class=\"elementor-widget-wrap\">\n\t\t\t\t\t\t<div class=\"elementor-element elementor-element-4d3b18a2 elementor-widget elementor-widget-heading\" data-id=\"4d3b18a2\" data-element_type=\"widget\" data-widget_type=\"heading.default\">\n\t\t\t\t<div class=\"elementor-widget-container\">\n\t\t\t<h4 class=\"elementor-heading-title elementor-size-default\">DERROTA DEL TXURI URDIN EN LA LIGA IBERDROLA Y LIGA U20<\/h4>\t\t<\/div>\n\t\t\t\t<\/div>\n\t\t\t\t<div class=\"elementor-element elementor-element-c7053d7 elementor-widget elementor-widget-image\" data-id=\"c7053d7\" data-element_type=\"widget\" data-widget_type=\"image.default\">\n\t\t\t\t<div class=\"elementor-widget-container\">\n\t\t\t\t\t\t\t\t<div class=\"elementor-image\">\n\t\t\t\t\t\t\t\t\t<figure class=\"wp-caption\">\n\t\t\t\t\t\t\t\t\t\t<img width=\"580\" height=\"386\" src=\"https:\/\/nkef.eus\/wp-content\/uploads\/2020\/10\/LigaIberdrola_MJDvsTXU3oct20-0506-1024x681.jpg\" class=\"attachment-large size-large\" alt=\"\" loading=\"lazy\" srcset=\"https:\/\/nkef.eus\/wp-content\/uploads\/2020\/10\/LigaIberdrola_MJDvsTXU3oct20-0506-1024x681.jpg 1024w, https:\/\/nkef.eus\/wp-content\/uploads\/2020\/10\/LigaIberdrola_MJDvsTXU3oct20-0506-300x199.jpg 300w, https:\/\/nkef.eus\/wp-content\/uploads\/2020\/10\/LigaIberdrola_MJDvsTXU3oct20-0506-768x511.jpg 768w, https:\/\/nkef.eus\/wp-content\/uploads\/2020\/10\/LigaIberdrola_MJDvsTXU3oct20-0506-1536x1021.jpg 1536w, https:\/\/nkef.eus\/wp-content\/uploads\/2020\/10\/LigaIberdrola_MJDvsTXU3oct20-0506-2048x1362.jpg 2048w\" sizes=\"(max-width: 580px) 100vw, 580px\" \/>\t\t\t\t\t\t\t\t\t\t\t<figcaption class=\"widget-image-caption wp-caption-text\">Foto: SAD Majadahonda \/ S\u00e1bado 03-10-2020<\/figcaption>\n\t\t\t\t\t\t\t\t\t\t<\/figure>\n\t\t\t\t\t\t\t\t<\/div>\n\t\t\t\t\t\t<\/div>\n\t\t\t\t<\/div>\n\t\t\t\t<div class=\"elementor-element elementor-element-3f793d0 elementor-widget-divider--view-line elementor-widget elementor-widget-divider\" data-id=\"3f793d0\" data-element_type=\"widget\" data-widget_type=\"divider.default\">\n\t\t\t\t<div class=\"elementor-widget-container\">\n\t\t\t\t\t<div class=\"elementor-divider\">\n\t\t\t<span class=\"elementor-divider-separator\">\n\t\t\t\t\t\t<\/span>\n\t\t<\/div>\n\t\t\t\t<\/div>\n\t\t\t\t<\/div>\n\t\t\t\t<div class=\"elementor-element elementor-element-57e8359 elementor-widget elementor-widget-spacer\" data-id=\"57e8359\" data-element_type=\"widget\" data-widget_type=\"spacer.default\">\n\t\t\t\t<div class=\"elementor-widget-container\">\n\t\t\t\t\t<div class=\"elementor-spacer\">\n\t\t\t<div class=\"elementor-spacer-inner\"><\/div>\n\t\t<\/div>\n\t\t\t\t<\/div>\n\t\t\t\t<\/div>\n\t\t\t\t<div class=\"elementor-element elementor-element-10931ebf elementor-widget elementor-widget-text-editor\" data-id=\"10931ebf\" data-element_type=\"widget\" data-widget_type=\"text-editor.default\">\n\t\t\t\t<div class=\"elementor-widget-container\">\n\t\t\t\t\t\t\t\t<div class=\"elementor-text-editor elementor-clearfix\">\n\t\t\t\t<p>Las jugadoras del Txuri Urdin se enfrentaban el pasado S\u00e1bado a las actuales campeonas de la Liga Iberdrola (<strong>SAD Majadahonda).<\/strong>\u00a0<\/p><p>Un partido complicado en el que las jugadoras de Madrid no han dado opci\u00f3n alguna al equipo del Txuri, resolviendo el partido en el primer tiempo con un marcador de (5-0).\u00a0<\/p><p>Al final del partido (6-1) para las jugadoras del SAD Majadahonda.<\/p>\t\t\t\t\t<\/div>\n\t\t\t\t\t\t<\/div>\n\t\t\t\t<\/div>\n\t\t\t\t<div class=\"elementor-element elementor-element-0d2ebad elementor-widget elementor-widget-image\" data-id=\"0d2ebad\" data-element_type=\"widget\" data-widget_type=\"image.default\">\n\t\t\t\t<div class=\"elementor-widget-container\">\n\t\t\t\t\t\t\t\t<div class=\"elementor-image\">\n\t\t\t\t\t\t\t\t\t<figure class=\"wp-caption\">\n\t\t\t\t\t\t\t\t\t\t<img width=\"580\" height=\"773\" src=\"https:\/\/nkef.eus\/wp-content\/uploads\/2020\/10\/U20.jpg\" class=\"attachment-large size-large\" alt=\"\" loading=\"lazy\" srcset=\"https:\/\/nkef.eus\/wp-content\/uploads\/2020\/10\/U20.jpg 768w, https:\/\/nkef.eus\/wp-content\/uploads\/2020\/10\/U20-225x300.jpg 225w\" sizes=\"(max-width: 580px) 100vw, 580px\" \/>\t\t\t\t\t\t\t\t\t\t\t<figcaption class=\"widget-image-caption wp-caption-text\">Partido CHH Txuri Urdin - CH Jaca U20 \/ S\u00e1bado 03-10-2020<\/figcaption>\n\t\t\t\t\t\t\t\t\t\t<\/figure>\n\t\t\t\t\t\t\t\t<\/div>\n\t\t\t\t\t\t<\/div>\n\t\t\t\t<\/div>\n\t\t\t\t<div class=\"elementor-element elementor-element-8ac0346 elementor-widget-divider--view-line elementor-widget elementor-widget-divider\" data-id=\"8ac0346\" data-element_type=\"widget\" data-widget_type=\"divider.default\">\n\t\t\t\t<div class=\"elementor-widget-container\">\n\t\t\t\t\t<div class=\"elementor-divider\">\n\t\t\t<span class=\"elementor-divider-separator\">\n\t\t\t\t\t\t<\/span>\n\t\t<\/div>\n\t\t\t\t<\/div>\n\t\t\t\t<\/div>\n\t\t\t\t<div class=\"elementor-element elementor-element-e5f06e9 elementor-widget elementor-widget-text-editor\" data-id=\"e5f06e9\" data-element_type=\"widget\" data-widget_type=\"text-editor.default\">\n\t\t\t\t<div class=\"elementor-widget-container\">\n\t\t\t\t\t\t\t\t<div class=\"elementor-text-editor elementor-clearfix\">\n\t\t\t\t<p>Otro de los encuentros disputados el pasado S\u00e1bado ha sido el que enfrentaba a los equipos U20 del CHH TXuri Urdin y CH Jaca. Partido muy disputado con resultado al final de los tres tiempos reglamentarios (1-1). En la pr\u00f3rroga de 5 minutos el Txuri ha tenido la oportunidad de ganar el partido con un penalti a su favor en la \u00faltima jugada que no ha podido materializar llegando as\u00ed a la tanda de penaltis donde el CH Jaca se ha impuesto al club donostiarra.<\/p><p>Por otro lado comentar que el partido que se ten\u00eda que disputar el S\u00e1bado 03-10-2020 entre el CHH TXuri Urdin y el CH Jaca correspondiente a la LNHH, ha tenido que ser aplazado por problemas T\u00e9cnicos.<\/p>\t\t\t\t\t<\/div>\n\t\t\t\t\t\t<\/div>\n\t\t\t\t<\/div>\n\t\t\t\t\t\t<\/div>\n\t\t\t\t\t<\/div>\n\t\t<\/div>\n\t\t\t\t\t\t\t\t<\/div>\n\t\t\t\t\t<\/div>\n\t\t<\/section>\n\t\t\t\t\t\t\t\t\t<\/div>\n\t\t\t<\/div>\n\t\t\t\t\t<\/div>","protected":false},"excerpt":{"rendered":"<p>DERROTA DEL TXURI URDIN EN LA LIGA IBERDROLA Y LIGA U20 Foto: SAD Majadahonda \/ S\u00e1bado 03-10-2020 Las jugadoras del Txuri Urdin se enfrentaban el pasado S\u00e1bado a las actuales campeonas de la Liga Iberdrola (SAD Majadahonda).\u00a0 Un partido complicado en el que las jugadoras de Madrid no han dado opci\u00f3n alguna al equipo del [&hellip;]<\/p>","protected":false},"author":3,"featured_media":1528,"comment_status":"closed","ping_status":"closed","sticky":false,"template":"elementor_header_footer","format":"standard","meta":[],"categories":[13],"tags":[],"_links":{"self":[{"href":"https:\/\/nkef.eus\/eu\/index.php\/wp-json\/wp\/v2\/posts\/1525"}],"collection":[{"href":"https:\/\/nkef.eus\/eu\/index.php\/wp-json\/wp\/v2\/posts"}],"about":[{"href":"https:\/\/nkef.eus\/eu\/index.php\/wp-json\/wp\/v2\/types\/post"}],"author":[{"embeddable":true,"href":"https:\/\/nkef.eus\/eu\/index.php\/wp-json\/wp\/v2\/users\/3"}],"replies":[{"embeddable":true,"href":"https:\/\/nkef.eus\/eu\/index.php\/wp-json\/wp\/v2\/comments?post=1525"}],"version-history":[{"count":10,"href":"https:\/\/nkef.eus\/eu\/index.php\/wp-json\/wp\/v2\/posts\/1525\/revisions"}],"predecessor-version":[{"id":1757,"href":"https:\/\/nkef.eus\/eu\/index.php\/wp-json\/wp\/v2\/posts\/1525\/revisions\/1757"}],"wp:featuredmedia":[{"embeddable":true,"href":"https:\/\/nkef.eus\/eu\/index.php\/wp-json\/wp\/v2\/media\/1528"}],"wp:attachment":[{"href":"https:\/\/nkef.eus\/eu\/index.php\/wp-json\/wp\/v2\/media?parent=1525"}],"wp:term":[{"taxonomy":"category","embeddable":true,"href":"https:\/\/nkef.eus\/eu\/index.php\/wp-json\/wp\/v2\/categories?post=1525"},{"taxonomy":"post_tag","embeddable":true,"href":"https:\/\/nkef.eus\/eu\/index.php\/wp-json\/wp\/v2\/tags?post=1525"}],"curies":[{"name":"wp","href":"https:\/\/api.w.org\/{rel}","templated":true}]}}