{"id":1514,"date":"2020-10-02T09:16:40","date_gmt":"2020-10-02T09:16:40","guid":{"rendered":"https:\/\/nkef.eus\/?p=1514"},"modified":"2020-10-26T10:09:27","modified_gmt":"2020-10-26T10:09:27","slug":"debut-del-chh-txuri-urdin-en-la-liga-nacional-de-hockey-hielo-y-liga-u20","status":"publish","type":"post","link":"https:\/\/nkef.eus\/eu\/index.php\/2020\/10\/02\/debut-del-chh-txuri-urdin-en-la-liga-nacional-de-hockey-hielo-y-liga-u20\/","title":{"rendered":"DEBUT DEL CHH TXURI URDIN EN LA LIGA NACIONAL DE HOCKEY HIELO Y LIGA U20"},"content":{"rendered":"<div data-elementor-type=\"wp-post\" data-elementor-id=\"1514\" class=\"elementor elementor-1514\">\n\t\t\t\t\t\t<div class=\"elementor-inner\">\n\t\t\t\t<div class=\"elementor-section-wrap\">\n\t\t\t\t\t\t\t\t\t<section class=\"elementor-section elementor-top-section elementor-element elementor-element-540b800b elementor-section-content-middle elementor-section-boxed elementor-section-height-default elementor-section-height-default\" data-id=\"540b800b\" data-element_type=\"section\">\n\t\t\t\t\t\t<div class=\"elementor-container elementor-column-gap-no\">\n\t\t\t\t\t\t\t<div class=\"elementor-row\">\n\t\t\t\t\t<div class=\"elementor-column elementor-col-100 elementor-top-column elementor-element elementor-element-1fd64dbd\" data-id=\"1fd64dbd\" data-element_type=\"column\">\n\t\t\t<div class=\"elementor-column-wrap elementor-element-populated\">\n\t\t\t\t\t\t\t<div class=\"elementor-widget-wrap\">\n\t\t\t\t\t\t<div class=\"elementor-element elementor-element-1dce393b elementor-widget elementor-widget-heading\" data-id=\"1dce393b\" data-element_type=\"widget\" data-widget_type=\"heading.default\">\n\t\t\t\t<div class=\"elementor-widget-container\">\n\t\t\t<h4 class=\"elementor-heading-title elementor-size-default\">DEBUT DEL CHH TXURI URDIN EN LA LIGA NACIONAL DE HOCKEY HIELO Y LIGA U20.<\/h4>\t\t<\/div>\n\t\t\t\t<\/div>\n\t\t\t\t<div class=\"elementor-element elementor-element-ea99319 elementor-widget elementor-widget-image\" data-id=\"ea99319\" data-element_type=\"widget\" data-widget_type=\"image.default\">\n\t\t\t\t<div class=\"elementor-widget-container\">\n\t\t\t\t\t\t\t\t<div class=\"elementor-image\">\n\t\t\t\t\t\t\t\t\t<figure class=\"wp-caption\">\n\t\t\t\t\t\t\t\t\t\t<img width=\"580\" height=\"303\" src=\"https:\/\/nkef.eus\/wp-content\/uploads\/2020\/10\/foto11-1024x535.jpg\" class=\"attachment-large size-large\" alt=\"\" loading=\"lazy\" srcset=\"https:\/\/nkef.eus\/wp-content\/uploads\/2020\/10\/foto11-1024x535.jpg 1024w, https:\/\/nkef.eus\/wp-content\/uploads\/2020\/10\/foto11-300x157.jpg 300w, https:\/\/nkef.eus\/wp-content\/uploads\/2020\/10\/foto11-768x401.jpg 768w, https:\/\/nkef.eus\/wp-content\/uploads\/2020\/10\/foto11.jpg 1080w\" sizes=\"(max-width: 580px) 100vw, 580px\" \/>\t\t\t\t\t\t\t\t\t\t\t<figcaption class=\"widget-image-caption wp-caption-text\">Foto: CHH Txuri Urdin - CH Jaca Temporada 2019-20<\/figcaption>\n\t\t\t\t\t\t\t\t\t\t<\/figure>\n\t\t\t\t\t\t\t\t<\/div>\n\t\t\t\t\t\t<\/div>\n\t\t\t\t<\/div>\n\t\t\t\t<div class=\"elementor-element elementor-element-9c34b27 elementor-widget elementor-widget-text-editor\" data-id=\"9c34b27\" data-element_type=\"widget\" data-widget_type=\"text-editor.default\">\n\t\t\t\t<div class=\"elementor-widget-container\">\n\t\t\t\t\t\t\t\t<div class=\"elementor-text-editor elementor-clearfix\">\n\t\t\t\t<p>El equipo Senior del CHH. Txuri Urdin debuta como local el S\u00e1bado d\u00eda 03 de Octubre\u00a0 a las 21:45 Horas enfrent\u00e1ndose al CH Jaca en lo que ser\u00e1 su primer partido oficial\u00a0 de la liga nacional de hockey hielo correspondiente a la temporada 2020-21. Recordar que este partido corresponde a la segunda jornada. La primera se disput\u00f3 el fin de semana pasado donde el CHH Txuri Urdin no jug\u00f3 por descanso.<\/p>\t\t\t\t\t<\/div>\n\t\t\t\t\t\t<\/div>\n\t\t\t\t<\/div>\n\t\t\t\t<div class=\"elementor-element elementor-element-f1e955f elementor-widget elementor-widget-image\" data-id=\"f1e955f\" data-element_type=\"widget\" data-widget_type=\"image.default\">\n\t\t\t\t<div class=\"elementor-widget-container\">\n\t\t\t\t\t\t\t\t<div class=\"elementor-image\">\n\t\t\t\t\t\t\t\t\t<figure class=\"wp-caption\">\n\t\t\t\t\t\t\t\t\t\t<img width=\"580\" height=\"373\" src=\"https:\/\/nkef.eus\/wp-content\/uploads\/2020\/10\/foto222-1024x658.jpg\" class=\"attachment-large size-large\" alt=\"\" loading=\"lazy\" srcset=\"https:\/\/nkef.eus\/wp-content\/uploads\/2020\/10\/foto222-1024x658.jpg 1024w, https:\/\/nkef.eus\/wp-content\/uploads\/2020\/10\/foto222-300x193.jpg 300w, https:\/\/nkef.eus\/wp-content\/uploads\/2020\/10\/foto222-768x493.jpg 768w, https:\/\/nkef.eus\/wp-content\/uploads\/2020\/10\/foto222.jpg 1029w\" sizes=\"(max-width: 580px) 100vw, 580px\" \/>\t\t\t\t\t\t\t\t\t\t\t<figcaption class=\"widget-image-caption wp-caption-text\">Foto: CHH Txuri Urdin - CH Jaca Temporada 2019-20<\/figcaption>\n\t\t\t\t\t\t\t\t\t\t<\/figure>\n\t\t\t\t\t\t\t\t<\/div>\n\t\t\t\t\t\t<\/div>\n\t\t\t\t<\/div>\n\t\t\t\t<div class=\"elementor-element elementor-element-bb46546 elementor-widget elementor-widget-text-editor\" data-id=\"bb46546\" data-element_type=\"widget\" data-widget_type=\"text-editor.default\">\n\t\t\t\t<div class=\"elementor-widget-container\">\n\t\t\t\t\t\t\t\t<div class=\"elementor-text-editor elementor-clearfix\">\n\t\t\t\t<p style=\"text-align: center;\">Tambi\u00e9n el S\u00e1bado 03 de Octubre\u00a0 a las 14:15 Horas debutar\u00e1 en la liga el equipo U20 del CHH Txuri Urdin que disputar\u00e1 su partido como local enfrent\u00e1ndose al CH Jaca despu\u00e9s de aplazar su partido de la semana pasada contra el Kosner Club Hielo Huarte.<\/p>\t\t\t\t\t<\/div>\n\t\t\t\t\t\t<\/div>\n\t\t\t\t<\/div>\n\t\t\t\t\t\t<\/div>\n\t\t\t\t\t<\/div>\n\t\t<\/div>\n\t\t\t\t\t\t\t\t<\/div>\n\t\t\t\t\t<\/div>\n\t\t<\/section>\n\t\t\t\t\t\t\t\t\t<\/div>\n\t\t\t<\/div>\n\t\t\t\t\t<\/div>","protected":false},"excerpt":{"rendered":"<p>DEBUT DEL CHH TXURI URDIN EN LA LIGA NACIONAL DE HOCKEY HIELO Y LIGA U20. Foto: CHH Txuri Urdin &#8211; CH Jaca Temporada 2019-20 El equipo Senior del CHH. Txuri Urdin debuta como local el S\u00e1bado d\u00eda 03 de Octubre\u00a0 a las 21:45 Horas enfrent\u00e1ndose al CH Jaca en lo que ser\u00e1 su primer partido [&hellip;]<\/p>","protected":false},"author":3,"featured_media":1511,"comment_status":"closed","ping_status":"closed","sticky":false,"template":"elementor_header_footer","format":"standard","meta":[],"categories":[13],"tags":[],"_links":{"self":[{"href":"https:\/\/nkef.eus\/eu\/index.php\/wp-json\/wp\/v2\/posts\/1514"}],"collection":[{"href":"https:\/\/nkef.eus\/eu\/index.php\/wp-json\/wp\/v2\/posts"}],"about":[{"href":"https:\/\/nkef.eus\/eu\/index.php\/wp-json\/wp\/v2\/types\/post"}],"author":[{"embeddable":true,"href":"https:\/\/nkef.eus\/eu\/index.php\/wp-json\/wp\/v2\/users\/3"}],"replies":[{"embeddable":true,"href":"https:\/\/nkef.eus\/eu\/index.php\/wp-json\/wp\/v2\/comments?post=1514"}],"version-history":[{"count":4,"href":"https:\/\/nkef.eus\/eu\/index.php\/wp-json\/wp\/v2\/posts\/1514\/revisions"}],"predecessor-version":[{"id":1759,"href":"https:\/\/nkef.eus\/eu\/index.php\/wp-json\/wp\/v2\/posts\/1514\/revisions\/1759"}],"wp:featuredmedia":[{"embeddable":true,"href":"https:\/\/nkef.eus\/eu\/index.php\/wp-json\/wp\/v2\/media\/1511"}],"wp:attachment":[{"href":"https:\/\/nkef.eus\/eu\/index.php\/wp-json\/wp\/v2\/media?parent=1514"}],"wp:term":[{"taxonomy":"category","embeddable":true,"href":"https:\/\/nkef.eus\/eu\/index.php\/wp-json\/wp\/v2\/categories?post=1514"},{"taxonomy":"post_tag","embeddable":true,"href":"https:\/\/nkef.eus\/eu\/index.php\/wp-json\/wp\/v2\/tags?post=1514"}],"curies":[{"name":"wp","href":"https:\/\/api.w.org\/{rel}","templated":true}]}}