{"id":1450,"date":"2020-09-25T08:37:17","date_gmt":"2020-09-25T08:37:17","guid":{"rendered":"https:\/\/nkef.eus\/?p=1450"},"modified":"2020-10-26T10:13:20","modified_gmt":"2020-10-26T10:13:20","slug":"primera-liga-espanola-de-curling-por-clubes-y-junior-dobles-mixto","status":"publish","type":"post","link":"https:\/\/nkef.eus\/eu\/index.php\/2020\/09\/25\/primera-liga-espanola-de-curling-por-clubes-y-junior-dobles-mixto\/","title":{"rendered":"PRIMERA LIGA ESPA\u00d1OLA DE CURLING POR CLUBES Y JUNIORS DOBLES MIXTO"},"content":{"rendered":"<div data-elementor-type=\"wp-post\" data-elementor-id=\"1450\" class=\"elementor elementor-1450\">\n\t\t\t\t\t\t<div class=\"elementor-inner\">\n\t\t\t\t<div class=\"elementor-section-wrap\">\n\t\t\t\t\t\t\t\t\t<section class=\"elementor-section elementor-top-section elementor-element elementor-element-73f516e3 elementor-section-content-middle elementor-section-boxed elementor-section-height-default elementor-section-height-default\" data-id=\"73f516e3\" data-element_type=\"section\">\n\t\t\t\t\t\t<div class=\"elementor-container elementor-column-gap-no\">\n\t\t\t\t\t\t\t<div class=\"elementor-row\">\n\t\t\t\t\t<div class=\"elementor-column elementor-col-100 elementor-top-column elementor-element elementor-element-70d5b88e\" data-id=\"70d5b88e\" data-element_type=\"column\">\n\t\t\t<div class=\"elementor-column-wrap elementor-element-populated\">\n\t\t\t\t\t\t\t<div class=\"elementor-widget-wrap\">\n\t\t\t\t\t\t<div class=\"elementor-element elementor-element-59060218 elementor-widget elementor-widget-heading\" data-id=\"59060218\" data-element_type=\"widget\" data-widget_type=\"heading.default\">\n\t\t\t\t<div class=\"elementor-widget-container\">\n\t\t\t<h4 class=\"elementor-heading-title elementor-size-default\">PRIMERA LIGA ESPA\u00d1OLA DE CURLING POR CLUBES Y JUNIORS DOBLES MIXTO<\/h4>\t\t<\/div>\n\t\t\t\t<\/div>\n\t\t\t\t<div class=\"elementor-element elementor-element-6967b9a0 elementor-widget elementor-widget-text-editor\" data-id=\"6967b9a0\" data-element_type=\"widget\" data-widget_type=\"text-editor.default\">\n\t\t\t\t<div class=\"elementor-widget-container\">\n\t\t\t\t\t\t\t\t<div class=\"elementor-text-editor elementor-clearfix\">\n\t\t\t\t<p>La Federaci\u00f3n Espa\u00f1ola de Deportes de Hielo convoca la Primera <strong>Liga Espa\u00f1ola de<\/strong> <strong>Curling<\/strong> en las modalidades de <strong>Clubes y Juniors Dobles Mixto.<\/strong><\/p>\n<p>Todo lo relacionado con estas competiciones pod\u00e9is consultarlo a trav\u00e9s del siguiente enlace<\/p>\t\t\t\t\t<\/div>\n\t\t\t\t\t\t<\/div>\n\t\t\t\t<\/div>\n\t\t\t\t<div class=\"elementor-element elementor-element-aeb907b elementor-align-center elementor-widget elementor-widget-button\" data-id=\"aeb907b\" data-element_type=\"widget\" data-widget_type=\"button.default\">\n\t\t\t\t<div class=\"elementor-widget-container\">\n\t\t\t\t\t<div class=\"elementor-button-wrapper\">\n\t\t\t<a href=\"https:\/\/nkef.eus\/wp-content\/uploads\/2020\/09\/liga-curling.pdf\" target=\"_blank\" class=\"elementor-button-link elementor-button elementor-size-sm\" role=\"button\">\n\t\t\t\t\t\t<span class=\"elementor-button-content-wrapper\">\n\t\t\t\t\t\t<span class=\"elementor-button-text\">M\u00e1s informaci\u00f3n<\/span>\n\t\t<\/span>\n\t\t\t\t\t<\/a>\n\t\t<\/div>\n\t\t\t\t<\/div>\n\t\t\t\t<\/div>\n\t\t\t\t<div class=\"elementor-element elementor-element-4ea7721 elementor-widget elementor-widget-image\" data-id=\"4ea7721\" data-element_type=\"widget\" data-widget_type=\"image.default\">\n\t\t\t\t<div class=\"elementor-widget-container\">\n\t\t\t\t\t\t\t\t<div class=\"elementor-image\">\n\t\t\t\t\t\t\t\t\t\t\t\t<img width=\"580\" height=\"580\" src=\"https:\/\/nkef.eus\/wp-content\/uploads\/2020\/09\/CURLING33-1024x1024.jpg\" class=\"attachment-large size-large\" alt=\"\" loading=\"lazy\" srcset=\"https:\/\/nkef.eus\/wp-content\/uploads\/2020\/09\/CURLING33-1024x1024.jpg 1024w, https:\/\/nkef.eus\/wp-content\/uploads\/2020\/09\/CURLING33-300x300.jpg 300w, https:\/\/nkef.eus\/wp-content\/uploads\/2020\/09\/CURLING33-150x150.jpg 150w, https:\/\/nkef.eus\/wp-content\/uploads\/2020\/09\/CURLING33-768x768.jpg 768w, https:\/\/nkef.eus\/wp-content\/uploads\/2020\/09\/CURLING33-1536x1536.jpg 1536w, https:\/\/nkef.eus\/wp-content\/uploads\/2020\/09\/CURLING33-2048x2048.jpg 2048w\" sizes=\"(max-width: 580px) 100vw, 580px\" \/>\t\t\t\t\t\t\t\t\t\t\t\t\t\t<\/div>\n\t\t\t\t\t\t<\/div>\n\t\t\t\t<\/div>\n\t\t\t\t\t\t<\/div>\n\t\t\t\t\t<\/div>\n\t\t<\/div>\n\t\t\t\t\t\t\t\t<\/div>\n\t\t\t\t\t<\/div>\n\t\t<\/section>\n\t\t\t\t\t\t\t\t\t<\/div>\n\t\t\t<\/div>\n\t\t\t\t\t<\/div>","protected":false},"excerpt":{"rendered":"<p>PRIMERA LIGA ESPA\u00d1OLA DE CURLING POR CLUBES Y JUNIORS DOBLES MIXTO La Federaci\u00f3n Espa\u00f1ola de Deportes de Hielo convoca la Primera Liga Espa\u00f1ola de Curling en las modalidades de Clubes y Juniors Dobles Mixto. Todo lo relacionado con estas competiciones pod\u00e9is consultarlo a trav\u00e9s del siguiente enlace M\u00e1s informaci\u00f3n<\/p>","protected":false},"author":3,"featured_media":1451,"comment_status":"closed","ping_status":"closed","sticky":false,"template":"elementor_header_footer","format":"standard","meta":[],"categories":[8],"tags":[],"_links":{"self":[{"href":"https:\/\/nkef.eus\/eu\/index.php\/wp-json\/wp\/v2\/posts\/1450"}],"collection":[{"href":"https:\/\/nkef.eus\/eu\/index.php\/wp-json\/wp\/v2\/posts"}],"about":[{"href":"https:\/\/nkef.eus\/eu\/index.php\/wp-json\/wp\/v2\/types\/post"}],"author":[{"embeddable":true,"href":"https:\/\/nkef.eus\/eu\/index.php\/wp-json\/wp\/v2\/users\/3"}],"replies":[{"embeddable":true,"href":"https:\/\/nkef.eus\/eu\/index.php\/wp-json\/wp\/v2\/comments?post=1450"}],"version-history":[{"count":9,"href":"https:\/\/nkef.eus\/eu\/index.php\/wp-json\/wp\/v2\/posts\/1450\/revisions"}],"predecessor-version":[{"id":1762,"href":"https:\/\/nkef.eus\/eu\/index.php\/wp-json\/wp\/v2\/posts\/1450\/revisions\/1762"}],"wp:featuredmedia":[{"embeddable":true,"href":"https:\/\/nkef.eus\/eu\/index.php\/wp-json\/wp\/v2\/media\/1451"}],"wp:attachment":[{"href":"https:\/\/nkef.eus\/eu\/index.php\/wp-json\/wp\/v2\/media?parent=1450"}],"wp:term":[{"taxonomy":"category","embeddable":true,"href":"https:\/\/nkef.eus\/eu\/index.php\/wp-json\/wp\/v2\/categories?post=1450"},{"taxonomy":"post_tag","embeddable":true,"href":"https:\/\/nkef.eus\/eu\/index.php\/wp-json\/wp\/v2\/tags?post=1450"}],"curies":[{"name":"wp","href":"https:\/\/api.w.org\/{rel}","templated":true}]}}