{"id":1162,"date":"2020-07-09T14:27:37","date_gmt":"2020-07-09T14:27:37","guid":{"rendered":"https:\/\/nkef.eus\/?p=1162"},"modified":"2020-10-26T10:19:53","modified_gmt":"2020-10-26T10:19:53","slug":"bopv-09-julio-2020","status":"publish","type":"post","link":"https:\/\/nkef.eus\/eu\/index.php\/2020\/07\/09\/bopv-09-julio-2020\/","title":{"rendered":"BOPV &#8211; 09 JULIO 2020"},"content":{"rendered":"<div data-elementor-type=\"wp-post\" data-elementor-id=\"1162\" class=\"elementor elementor-1162\">\n\t\t\t\t\t\t<div class=\"elementor-inner\">\n\t\t\t\t<div class=\"elementor-section-wrap\">\n\t\t\t\t\t\t\t\t\t<section class=\"elementor-section elementor-top-section elementor-element elementor-element-489ed256 elementor-section-content-middle elementor-section-boxed elementor-section-height-default elementor-section-height-default\" data-id=\"489ed256\" data-element_type=\"section\">\n\t\t\t\t\t\t<div class=\"elementor-container elementor-column-gap-no\">\n\t\t\t\t\t\t\t<div class=\"elementor-row\">\n\t\t\t\t\t<div class=\"elementor-column elementor-col-100 elementor-top-column elementor-element elementor-element-31bcc642\" data-id=\"31bcc642\" data-element_type=\"column\">\n\t\t\t<div class=\"elementor-column-wrap elementor-element-populated\">\n\t\t\t\t\t\t\t<div class=\"elementor-widget-wrap\">\n\t\t\t\t\t\t<div class=\"elementor-element elementor-element-5c9cd8aa elementor-widget elementor-widget-heading\" data-id=\"5c9cd8aa\" data-element_type=\"widget\" data-widget_type=\"heading.default\">\n\t\t\t\t<div class=\"elementor-widget-container\">\n\t\t\t<h4 class=\"elementor-heading-title elementor-size-default\">BOLET\u00cdN OFICIAL PA\u00cdS VASCO \/ 09 JULIO 2020<\/h4>\t\t<\/div>\n\t\t\t\t<\/div>\n\t\t\t\t<div class=\"elementor-element elementor-element-d1b7d3 elementor-icon-list--layout-traditional elementor-list-item-link-full_width elementor-widget elementor-widget-icon-list\" data-id=\"d1b7d3\" data-element_type=\"widget\" data-widget_type=\"icon-list.default\">\n\t\t\t\t<div class=\"elementor-widget-container\">\n\t\t\t\t\t<ul class=\"elementor-icon-list-items\">\n\t\t\t\t\t\t\t<li class=\"elementor-icon-list-item\">\n\t\t\t\t\t\t\t\t\t\t\t<a href=\"https:\/\/www.euskadi.eus\/y22-bopv\/es\/bopv2\/datos\/2020\/07\/2002698a.pdf\">\n\n\t\t\t\t\t\t\t\t\t\t\t\t<span class=\"elementor-icon-list-icon\">\n\t\t\t\t\t\t\t<i aria-hidden=\"true\" class=\"fas fa-file-pdf\"><\/i>\t\t\t\t\t\t<\/span>\n\t\t\t\t\t\t\t\t\t\t<span class=\"elementor-icon-list-text\">DEPARTAMENTO DE CULTURA Y POL\u00cdTICA LING\u00dc\u00cdSTICA 2698 ORDEN de 25 de junio de 2020, del Consejero de Cultura y Pol\u00edtica Ling\u00fc\u00edstica, por la que se establece el r\u00e9gimen de concesi\u00f3n de subvenciones para la participaci\u00f3n en competiciones deportivas oficiales de \u00e1mbito y car\u00e1cter internacional en categor\u00eda absoluta y ligas estatales de mujeres de categor\u00eda absoluta que se realicen o inicien en el a\u00f1o 2020.<\/span>\n\t\t\t\t\t\t\t\t\t\t\t<\/a>\n\t\t\t\t\t\t\t\t\t<\/li>\n\t\t\t\t\t\t<\/ul>\n\t\t\t\t<\/div>\n\t\t\t\t<\/div>\n\t\t\t\t\t\t<\/div>\n\t\t\t\t\t<\/div>\n\t\t<\/div>\n\t\t\t\t\t\t\t\t<\/div>\n\t\t\t\t\t<\/div>\n\t\t<\/section>\n\t\t\t\t\t\t\t\t\t<\/div>\n\t\t\t<\/div>\n\t\t\t\t\t<\/div>","protected":false},"excerpt":{"rendered":"<p>BOLET\u00cdN OFICIAL PA\u00cdS VASCO \/ 09 JULIO 2020 DEPARTAMENTO DE CULTURA Y POL\u00cdTICA LING\u00dc\u00cdSTICA 2698 ORDEN de 25 de junio de 2020, del Consejero de Cultura y Pol\u00edtica Ling\u00fc\u00edstica, por la que se establece el r\u00e9gimen de concesi\u00f3n de subvenciones para la participaci\u00f3n en competiciones deportivas oficiales de \u00e1mbito y car\u00e1cter internacional en categor\u00eda absoluta [&hellip;]<\/p>","protected":false},"author":3,"featured_media":1211,"comment_status":"closed","ping_status":"closed","sticky":false,"template":"elementor_header_footer","format":"standard","meta":[],"categories":[15],"tags":[],"_links":{"self":[{"href":"https:\/\/nkef.eus\/eu\/index.php\/wp-json\/wp\/v2\/posts\/1162"}],"collection":[{"href":"https:\/\/nkef.eus\/eu\/index.php\/wp-json\/wp\/v2\/posts"}],"about":[{"href":"https:\/\/nkef.eus\/eu\/index.php\/wp-json\/wp\/v2\/types\/post"}],"author":[{"embeddable":true,"href":"https:\/\/nkef.eus\/eu\/index.php\/wp-json\/wp\/v2\/users\/3"}],"replies":[{"embeddable":true,"href":"https:\/\/nkef.eus\/eu\/index.php\/wp-json\/wp\/v2\/comments?post=1162"}],"version-history":[{"count":6,"href":"https:\/\/nkef.eus\/eu\/index.php\/wp-json\/wp\/v2\/posts\/1162\/revisions"}],"predecessor-version":[{"id":1770,"href":"https:\/\/nkef.eus\/eu\/index.php\/wp-json\/wp\/v2\/posts\/1162\/revisions\/1770"}],"wp:featuredmedia":[{"embeddable":true,"href":"https:\/\/nkef.eus\/eu\/index.php\/wp-json\/wp\/v2\/media\/1211"}],"wp:attachment":[{"href":"https:\/\/nkef.eus\/eu\/index.php\/wp-json\/wp\/v2\/media?parent=1162"}],"wp:term":[{"taxonomy":"category","embeddable":true,"href":"https:\/\/nkef.eus\/eu\/index.php\/wp-json\/wp\/v2\/categories?post=1162"},{"taxonomy":"post_tag","embeddable":true,"href":"https:\/\/nkef.eus\/eu\/index.php\/wp-json\/wp\/v2\/tags?post=1162"}],"curies":[{"name":"wp","href":"https:\/\/api.w.org\/{rel}","templated":true}]}}