{"id":921,"date":"2020-01-07T10:40:44","date_gmt":"2020-01-07T10:40:44","guid":{"rendered":"https:\/\/nkef.eus\/?p=921"},"modified":"2020-10-26T10:59:55","modified_gmt":"2020-10-26T10:59:55","slug":"imanol-rojo-tour-de-ski-2019-20","status":"publish","type":"post","link":"https:\/\/nkef.eus\/es_es\/index.php\/2020\/01\/07\/imanol-rojo-tour-de-ski-2019-20\/","title":{"rendered":"IMANOL ROJO &#8211; TOUR DE SKI 2019\/20"},"content":{"rendered":"\t\t<div data-elementor-type=\"wp-post\" data-elementor-id=\"921\" class=\"elementor elementor-921\">\n\t\t\t\t\t\t<div class=\"elementor-inner\">\n\t\t\t\t<div class=\"elementor-section-wrap\">\n\t\t\t\t\t\t\t\t\t<section class=\"elementor-section elementor-top-section elementor-element elementor-element-3104467a elementor-section-content-middle elementor-section-boxed elementor-section-height-default elementor-section-height-default\" data-id=\"3104467a\" data-element_type=\"section\">\n\t\t\t\t\t\t<div class=\"elementor-container elementor-column-gap-no\">\n\t\t\t\t\t\t\t<div class=\"elementor-row\">\n\t\t\t\t\t<div class=\"elementor-column elementor-col-100 elementor-top-column elementor-element elementor-element-3217656a\" data-id=\"3217656a\" data-element_type=\"column\">\n\t\t\t<div class=\"elementor-column-wrap elementor-element-populated\">\n\t\t\t\t\t\t\t<div class=\"elementor-widget-wrap\">\n\t\t\t\t\t\t<div class=\"elementor-element elementor-element-23a89480 elementor-widget elementor-widget-heading\" data-id=\"23a89480\" data-element_type=\"widget\" data-widget_type=\"heading.default\">\n\t\t\t\t<div class=\"elementor-widget-container\">\n\t\t\t<h4 class=\"elementor-heading-title elementor-size-default\">IMANOL ROJO - TOUR DE SKI 2019\/20<\/h4>\t\t<\/div>\n\t\t\t\t<\/div>\n\t\t\t\t<div class=\"elementor-element elementor-element-10e4d422 elementor-widget elementor-widget-text-editor\" data-id=\"10e4d422\" data-element_type=\"widget\" data-widget_type=\"text-editor.default\">\n\t\t\t\t<div class=\"elementor-widget-container\">\n\t\t\t\t\t\t\t\t<div class=\"elementor-text-editor elementor-clearfix\">\n\t\t\t\t<p>El\u00a0<strong>Tour de Ski (TdS)<\/strong>\u00a0es un evento de esqui de fondo\u00a0que se celebra anualmente desde la temporada 2006\/07\u00a0en Europa Central, inspirado en el Tour de Francia\u00a0del ciclismo.\u00a0El Tour de Ski es un\u00a0evento de la Copa del Mundo por etapas en la Copa\u00a0del Mundo FIS Cross Country y que cuenta con la mayor repercusi\u00f3n en televisi\u00f3n y medios de cominicaci\u00f3n . Esta temporada el Tour de Ski se ha celebrado del 28 de Diciembre 2019 al 05 de Enero de 2020 con solamente dos d\u00edas de descanso por cambio de sede.\u00a0 Imanol Rojo, deportista del Club Apino Uzturre, RFEDI y FVDI-NKEF ha participado en dicho evento logrando ocupar al final de las 7 carreras\u00a0disputadas un m\u00e1s que meritorio puesto 37 en la clasificaci\u00f3n Final.\u00a0Mas teniendo en cuenta que han empezado el evento\u00a0\u00a0un total de 86 corredores de los cuales solo 56 han logrado finalizarlo.<\/p><p>Muchas Felicidades Imanol!!!!!\u00a0<\/p>\t\t\t\t\t<\/div>\n\t\t\t\t\t\t<\/div>\n\t\t\t\t<\/div>\n\t\t\t\t\t\t<\/div>\n\t\t\t\t\t<\/div>\n\t\t<\/div>\n\t\t\t\t\t\t\t\t<\/div>\n\t\t\t\t\t<\/div>\n\t\t<\/section>\n\t\t\t\t\t\t\t\t\t<\/div>\n\t\t\t<\/div>\n\t\t\t\t\t<\/div>\n\t\t","protected":false},"excerpt":{"rendered":"<p>IMANOL ROJO &#8211; TOUR DE SKI 2019\/20 El\u00a0Tour de Ski (TdS)\u00a0es un evento de esqui de fondo\u00a0que se celebra anualmente desde la temporada 2006\/07\u00a0en Europa Central, inspirado en el Tour de Francia\u00a0del ciclismo.\u00a0El Tour de Ski es un\u00a0evento de la Copa del Mundo por etapas en la Copa\u00a0del Mundo FIS Cross Country y que cuenta [&hellip;]<\/p>\n","protected":false},"author":2,"featured_media":922,"comment_status":"closed","ping_status":"closed","sticky":false,"template":"elementor_header_footer","format":"standard","meta":[],"categories":[9],"tags":[],"_links":{"self":[{"href":"https:\/\/nkef.eus\/es_es\/index.php\/wp-json\/wp\/v2\/posts\/921"}],"collection":[{"href":"https:\/\/nkef.eus\/es_es\/index.php\/wp-json\/wp\/v2\/posts"}],"about":[{"href":"https:\/\/nkef.eus\/es_es\/index.php\/wp-json\/wp\/v2\/types\/post"}],"author":[{"embeddable":true,"href":"https:\/\/nkef.eus\/es_es\/index.php\/wp-json\/wp\/v2\/users\/2"}],"replies":[{"embeddable":true,"href":"https:\/\/nkef.eus\/es_es\/index.php\/wp-json\/wp\/v2\/comments?post=921"}],"version-history":[{"count":3,"href":"https:\/\/nkef.eus\/es_es\/index.php\/wp-json\/wp\/v2\/posts\/921\/revisions"}],"predecessor-version":[{"id":1838,"href":"https:\/\/nkef.eus\/es_es\/index.php\/wp-json\/wp\/v2\/posts\/921\/revisions\/1838"}],"wp:featuredmedia":[{"embeddable":true,"href":"https:\/\/nkef.eus\/es_es\/index.php\/wp-json\/wp\/v2\/media\/922"}],"wp:attachment":[{"href":"https:\/\/nkef.eus\/es_es\/index.php\/wp-json\/wp\/v2\/media?parent=921"}],"wp:term":[{"taxonomy":"category","embeddable":true,"href":"https:\/\/nkef.eus\/es_es\/index.php\/wp-json\/wp\/v2\/categories?post=921"},{"taxonomy":"post_tag","embeddable":true,"href":"https:\/\/nkef.eus\/es_es\/index.php\/wp-json\/wp\/v2\/tags?post=921"}],"curies":[{"name":"wp","href":"https:\/\/api.w.org\/{rel}","templated":true}]}}