{"id":902,"date":"2020-01-09T10:29:29","date_gmt":"2020-01-09T10:29:29","guid":{"rendered":"https:\/\/nkef.eus\/?p=902"},"modified":"2020-10-26T10:59:29","modified_gmt":"2020-10-26T10:59:29","slug":"acta-sorteo-enfrentamientos-campeonato-de-espana-de-curling-dobles-mixto","status":"publish","type":"post","link":"https:\/\/nkef.eus\/es_es\/index.php\/2020\/01\/09\/acta-sorteo-enfrentamientos-campeonato-de-espana-de-curling-dobles-mixto\/","title":{"rendered":"ACTA SORTEO ENFRENTAMIENTOS CAMPEONATO DE ESPA\u00d1A DE CURLING DOBLES MIXTO"},"content":{"rendered":"\t\t<div data-elementor-type=\"wp-post\" data-elementor-id=\"902\" class=\"elementor elementor-902\">\n\t\t\t\t\t\t<div class=\"elementor-inner\">\n\t\t\t\t<div class=\"elementor-section-wrap\">\n\t\t\t\t\t\t\t\t\t<section class=\"elementor-section elementor-top-section elementor-element elementor-element-58d4aa2d elementor-section-content-middle elementor-section-boxed elementor-section-height-default elementor-section-height-default\" data-id=\"58d4aa2d\" data-element_type=\"section\">\n\t\t\t\t\t\t<div class=\"elementor-container elementor-column-gap-no\">\n\t\t\t\t\t\t\t<div class=\"elementor-row\">\n\t\t\t\t\t<div class=\"elementor-column elementor-col-100 elementor-top-column elementor-element elementor-element-3ebd41d7\" data-id=\"3ebd41d7\" data-element_type=\"column\">\n\t\t\t<div class=\"elementor-column-wrap elementor-element-populated\">\n\t\t\t\t\t\t\t<div class=\"elementor-widget-wrap\">\n\t\t\t\t\t\t<div class=\"elementor-element elementor-element-155df4ed elementor-widget elementor-widget-heading\" data-id=\"155df4ed\" data-element_type=\"widget\" data-widget_type=\"heading.default\">\n\t\t\t\t<div class=\"elementor-widget-container\">\n\t\t\t<h4 class=\"elementor-heading-title elementor-size-default\">ACTA SORTEO ENFRENTAMIENTOS CAMPEONATO DE ESPA\u00d1A DE CURLING DOBLES MIXTO<\/h4>\t\t<\/div>\n\t\t\t\t<\/div>\n\t\t\t\t<div class=\"elementor-element elementor-element-4d8de8a5 elementor-widget elementor-widget-text-editor\" data-id=\"4d8de8a5\" data-element_type=\"widget\" data-widget_type=\"text-editor.default\">\n\t\t\t\t<div class=\"elementor-widget-container\">\n\t\t\t\t\t\t\t\t<div class=\"elementor-text-editor elementor-clearfix\">\n\t\t\t\t<p>JACA 24 AL 26 ENERO 2020<\/p><p>El Mi\u00e9rcoles d\u00eda 08 de Enero se ha celebrado en la sede Federativa el sorteo de emparejamientos para el Campeonato de Espa\u00f1a de Curling Dobles Mixto que tendr\u00e1 lugar en Jaca del 24 al 26 de Enero de 2020 y en el que participaran los siguientes equipos pertenecientes a esta Federaci\u00f3n:<\/p><p><a href=\"https:\/\/www.facebook.com\/txuriberricurling\/?__tn__=K-R&amp;eid=ARCtYcGUHzPHs8VEBtb2rTs2YXWhRcL6-zuyKjC0i2eM7deCVReEmWgFJx9arFMT5rhRE9iXliAxLBpo&amp;fref=mentions&amp;__xts__%5B0%5D=68.ARDAJE3jVxs6qAcpuGVlCyhPMw7dML2PB8VVaiVEH9gPZGBabSlh8_awmLJm7iYwMyy1nylZS7dpO3ryFec9SiY3PfEKsCFhCbYI-30WjAYbqImsQUMPgGgkuPmADZrKig9IzZZqhhvu3vpmi4Z7EUw0VqltIiV45sclLKOvN49aD-qhOsN5uvMmwtJMr0m8MzexhcTYHVMkrdyBUhaB7pG-rjb60C6EQHWuP2jPonN662F_kAu2NnhQjrIZid2YNOFBaFPvVN8hqL_YApf4GWL3saiKGyBaUrxBdipZk15J39aE8qxsFQUV4CBTA2FAUSd7vlWrojETPxLOtAoxF3jG0Sj4\">Txuri-Berri Curling<\/a>\u00a0con tres tres parejas que forman los siguientes deportistas.<\/p><p>1\ufe0f\u20e3\u00a0Leire Otaegi Garmendia y Xavier Iraola.<br \/>2\ufe0f\u20e3Estrella Labrador y Alberto Vez.<br \/>3\ufe0f\u20e3Oihane Otaegi Garmendia y Mikel Unanue<\/p><p><u>Club Iceberg<\/u><br \/>1\ufe0f\u20e3\u00a0Concepci\u00f3n Repes y Julian Alfonso.<\/p><p><a href=\"https:\/\/www.facebook.com\/Iparpolo-Curling-160462644503065\/?__tn__=K-R&amp;eid=ARBlcqQO-d_XObgjq8Cmgt4SEeoo2ZQapPVIGSsTH4-hg-BCqc1v7NC8QsBpuqcmYF1I1M8qhzeJNiMY&amp;fref=mentions&amp;__xts__%5B0%5D=68.ARDAJE3jVxs6qAcpuGVlCyhPMw7dML2PB8VVaiVEH9gPZGBabSlh8_awmLJm7iYwMyy1nylZS7dpO3ryFec9SiY3PfEKsCFhCbYI-30WjAYbqImsQUMPgGgkuPmADZrKig9IzZZqhhvu3vpmi4Z7EUw0VqltIiV45sclLKOvN49aD-qhOsN5uvMmwtJMr0m8MzexhcTYHVMkrdyBUhaB7pG-rjb60C6EQHWuP2jPonN662F_kAu2NnhQjrIZid2YNOFBaFPvVN8hqL_YApf4GWL3saiKGyBaUrxBdipZk15J39aE8qxsFQUV4CBTA2FAUSd7vlWrojETPxLOtAoxF3jG0Sj4\">Iparpolo Curling<\/a>\u00a0con dos parejas formadas por<\/p><p>1\ufe0f\u20e3Javier Munt\u00e9 Kinsella y Alicia Munt\u00e9 Kinsella<br \/>2\ufe0f\u20e3Victor Mirete y Mar\u00eda Fern\u00e1ndez Picado<\/p><p><u>Harricada Curling\u00a0<\/u>con cuatro parejas formadas por.<\/p><p>1\ufe0f\u20e3I\u00f1igo Ruiz de Eguilaz y Oihane Ruiz D\u00edaz.<\/p><p>2\ufe0f\u20e3I\u00f1igo Ruiz Alvarado y Bel\u00e9n B\u00e1rcena<\/p><p>3\ufe0f\u20e3Borja Ruiz de Azua y Lucia Majuelo<\/p><p>4\ufe0f\u20e3Lydia Garaigordobil y Josu Perlacia.<\/p><p>Suerte a todos!!!!<\/p>\t\t\t\t\t<\/div>\n\t\t\t\t\t\t<\/div>\n\t\t\t\t<\/div>\n\t\t\t\t<div class=\"elementor-element elementor-element-49743ab9 elementor-icon-list--layout-traditional elementor-list-item-link-full_width elementor-widget elementor-widget-icon-list\" data-id=\"49743ab9\" data-element_type=\"widget\" data-widget_type=\"icon-list.default\">\n\t\t\t\t<div class=\"elementor-widget-container\">\n\t\t\t\t\t<ul class=\"elementor-icon-list-items\">\n\t\t\t\t\t\t\t<li class=\"elementor-icon-list-item\">\n\t\t\t\t\t\t\t\t\t\t\t<a href=\"https:\/\/nkef.eus\/wp-content\/uploads\/2020\/06\/Acta-de-sorteo-CE-Dobles-Mixtos-2020.pdf\" target=\"_blank\">\n\n\t\t\t\t\t\t\t\t\t\t\t\t<span class=\"elementor-icon-list-icon\">\n\t\t\t\t\t\t\t<i aria-hidden=\"true\" class=\"far fa-file-pdf\"><\/i>\t\t\t\t\t\t<\/span>\n\t\t\t\t\t\t\t\t\t\t<span class=\"elementor-icon-list-text\">ACTA SORTEO<\/span>\n\t\t\t\t\t\t\t\t\t\t\t<\/a>\n\t\t\t\t\t\t\t\t\t<\/li>\n\t\t\t\t\t\t<\/ul>\n\t\t\t\t<\/div>\n\t\t\t\t<\/div>\n\t\t\t\t\t\t<\/div>\n\t\t\t\t\t<\/div>\n\t\t<\/div>\n\t\t\t\t\t\t\t\t<\/div>\n\t\t\t\t\t<\/div>\n\t\t<\/section>\n\t\t\t\t\t\t\t\t\t<\/div>\n\t\t\t<\/div>\n\t\t\t\t\t<\/div>\n\t\t","protected":false},"excerpt":{"rendered":"<p>ACTA SORTEO ENFRENTAMIENTOS CAMPEONATO DE ESPA\u00d1A DE CURLING DOBLES MIXTO JACA 24 AL 26 ENERO 2020 El Mi\u00e9rcoles d\u00eda 08 de Enero se ha celebrado en la sede Federativa el sorteo de emparejamientos para el Campeonato de Espa\u00f1a de Curling Dobles Mixto que tendr\u00e1 lugar en Jaca del 24 al 26 de Enero de 2020 [&hellip;]<\/p>\n","protected":false},"author":2,"featured_media":903,"comment_status":"closed","ping_status":"closed","sticky":false,"template":"elementor_header_footer","format":"standard","meta":[],"categories":[8],"tags":[],"_links":{"self":[{"href":"https:\/\/nkef.eus\/es_es\/index.php\/wp-json\/wp\/v2\/posts\/902"}],"collection":[{"href":"https:\/\/nkef.eus\/es_es\/index.php\/wp-json\/wp\/v2\/posts"}],"about":[{"href":"https:\/\/nkef.eus\/es_es\/index.php\/wp-json\/wp\/v2\/types\/post"}],"author":[{"embeddable":true,"href":"https:\/\/nkef.eus\/es_es\/index.php\/wp-json\/wp\/v2\/users\/2"}],"replies":[{"embeddable":true,"href":"https:\/\/nkef.eus\/es_es\/index.php\/wp-json\/wp\/v2\/comments?post=902"}],"version-history":[{"count":3,"href":"https:\/\/nkef.eus\/es_es\/index.php\/wp-json\/wp\/v2\/posts\/902\/revisions"}],"predecessor-version":[{"id":1836,"href":"https:\/\/nkef.eus\/es_es\/index.php\/wp-json\/wp\/v2\/posts\/902\/revisions\/1836"}],"wp:featuredmedia":[{"embeddable":true,"href":"https:\/\/nkef.eus\/es_es\/index.php\/wp-json\/wp\/v2\/media\/903"}],"wp:attachment":[{"href":"https:\/\/nkef.eus\/es_es\/index.php\/wp-json\/wp\/v2\/media?parent=902"}],"wp:term":[{"taxonomy":"category","embeddable":true,"href":"https:\/\/nkef.eus\/es_es\/index.php\/wp-json\/wp\/v2\/categories?post=902"},{"taxonomy":"post_tag","embeddable":true,"href":"https:\/\/nkef.eus\/es_es\/index.php\/wp-json\/wp\/v2\/tags?post=902"}],"curies":[{"name":"wp","href":"https:\/\/api.w.org\/{rel}","templated":true}]}}