{"id":875,"date":"2020-01-15T10:04:30","date_gmt":"2020-01-15T10:04:30","guid":{"rendered":"https:\/\/nkef.eus\/?p=875"},"modified":"2020-10-26T10:55:12","modified_gmt":"2020-10-26T10:55:12","slug":"copa-del-mundo-de-esqui-de-fondo-en-nove-mesto-cze","status":"publish","type":"post","link":"https:\/\/nkef.eus\/es_es\/index.php\/2020\/01\/15\/copa-del-mundo-de-esqui-de-fondo-en-nove-mesto-cze\/","title":{"rendered":"COPA DEL MUNDO DE ESQUI DE FONDO EN NOVE MESTO (CZE)"},"content":{"rendered":"\t\t<div data-elementor-type=\"wp-post\" data-elementor-id=\"875\" class=\"elementor elementor-875\">\n\t\t\t\t\t\t<div class=\"elementor-inner\">\n\t\t\t\t<div class=\"elementor-section-wrap\">\n\t\t\t\t\t\t\t\t\t<section class=\"elementor-section elementor-top-section elementor-element elementor-element-24cee142 elementor-section-content-middle elementor-section-boxed elementor-section-height-default elementor-section-height-default\" data-id=\"24cee142\" data-element_type=\"section\">\n\t\t\t\t\t\t<div class=\"elementor-container elementor-column-gap-no\">\n\t\t\t\t\t\t\t<div class=\"elementor-row\">\n\t\t\t\t\t<div class=\"elementor-column elementor-col-100 elementor-top-column elementor-element elementor-element-25e853d6\" data-id=\"25e853d6\" data-element_type=\"column\">\n\t\t\t<div class=\"elementor-column-wrap elementor-element-populated\">\n\t\t\t\t\t\t\t<div class=\"elementor-widget-wrap\">\n\t\t\t\t\t\t<div class=\"elementor-element elementor-element-e644a6a elementor-widget elementor-widget-heading\" data-id=\"e644a6a\" data-element_type=\"widget\" data-widget_type=\"heading.default\">\n\t\t\t\t<div class=\"elementor-widget-container\">\n\t\t\t<h4 class=\"elementor-heading-title elementor-size-default\">COPA DEL MUNDO DE ESQUI DE FONDO EN NOVE MESTO (CZE)<\/h4>\t\t<\/div>\n\t\t\t\t<\/div>\n\t\t\t\t<div class=\"elementor-element elementor-element-1616ab25 elementor-widget elementor-widget-text-editor\" data-id=\"1616ab25\" data-element_type=\"widget\" data-widget_type=\"text-editor.default\">\n\t\t\t\t<div class=\"elementor-widget-container\">\n\t\t\t\t\t\t\t\t<div class=\"elementor-text-editor elementor-clearfix\">\n\t\t\t\t<p>18 Y 19 ENERO 2020<\/p><p>Despu\u00e9s de finalizar el Tour de ski con\u00a07\ufe0f\u20e3\u00a0carreras en\u00a09\ufe0f\u20e3\u00a0d\u00edas y tomarse un peque\u00f1o y mas que merecido descanso, Imanol rojo del Club Alpino Uzturre, FVDI-NKEF y estructura RFEDI, vuelve a la competici\u00f3n este fin de semana pr\u00f3ximo con la disputa de una nueva prueba de la Copa del Mundo FIS de Fondo.<br \/><br \/>El d\u00eda 18\/01\/2020 (15KM C) y el 19\/01\/2020 (15KM F Pursuit) en Nove Mesto (CZE).\u00a0\ud83d\udcaa\ud83d\udcaa<\/p>\t\t\t\t\t<\/div>\n\t\t\t\t\t\t<\/div>\n\t\t\t\t<\/div>\n\t\t\t\t\t\t<\/div>\n\t\t\t\t\t<\/div>\n\t\t<\/div>\n\t\t\t\t\t\t\t\t<\/div>\n\t\t\t\t\t<\/div>\n\t\t<\/section>\n\t\t\t\t\t\t\t\t\t<\/div>\n\t\t\t<\/div>\n\t\t\t\t\t<\/div>\n\t\t","protected":false},"excerpt":{"rendered":"<p>COPA DEL MUNDO DE ESQUI DE FONDO EN NOVE MESTO (CZE) 18 Y 19 ENERO 2020 Despu\u00e9s de finalizar el Tour de ski con\u00a07\ufe0f\u20e3\u00a0carreras en\u00a09\ufe0f\u20e3\u00a0d\u00edas y tomarse un peque\u00f1o y mas que merecido descanso, Imanol rojo del Club Alpino Uzturre, FVDI-NKEF y estructura RFEDI, vuelve a la competici\u00f3n este fin de semana pr\u00f3ximo con la [&hellip;]<\/p>\n","protected":false},"author":2,"featured_media":876,"comment_status":"closed","ping_status":"closed","sticky":false,"template":"elementor_header_footer","format":"standard","meta":[],"categories":[9],"tags":[],"_links":{"self":[{"href":"https:\/\/nkef.eus\/es_es\/index.php\/wp-json\/wp\/v2\/posts\/875"}],"collection":[{"href":"https:\/\/nkef.eus\/es_es\/index.php\/wp-json\/wp\/v2\/posts"}],"about":[{"href":"https:\/\/nkef.eus\/es_es\/index.php\/wp-json\/wp\/v2\/types\/post"}],"author":[{"embeddable":true,"href":"https:\/\/nkef.eus\/es_es\/index.php\/wp-json\/wp\/v2\/users\/2"}],"replies":[{"embeddable":true,"href":"https:\/\/nkef.eus\/es_es\/index.php\/wp-json\/wp\/v2\/comments?post=875"}],"version-history":[{"count":3,"href":"https:\/\/nkef.eus\/es_es\/index.php\/wp-json\/wp\/v2\/posts\/875\/revisions"}],"predecessor-version":[{"id":1828,"href":"https:\/\/nkef.eus\/es_es\/index.php\/wp-json\/wp\/v2\/posts\/875\/revisions\/1828"}],"wp:featuredmedia":[{"embeddable":true,"href":"https:\/\/nkef.eus\/es_es\/index.php\/wp-json\/wp\/v2\/media\/876"}],"wp:attachment":[{"href":"https:\/\/nkef.eus\/es_es\/index.php\/wp-json\/wp\/v2\/media?parent=875"}],"wp:term":[{"taxonomy":"category","embeddable":true,"href":"https:\/\/nkef.eus\/es_es\/index.php\/wp-json\/wp\/v2\/categories?post=875"},{"taxonomy":"post_tag","embeddable":true,"href":"https:\/\/nkef.eus\/es_es\/index.php\/wp-json\/wp\/v2\/tags?post=875"}],"curies":[{"name":"wp","href":"https:\/\/api.w.org\/{rel}","templated":true}]}}