{"id":817,"date":"2020-01-31T09:13:46","date_gmt":"2020-01-31T09:13:46","guid":{"rendered":"https:\/\/nkef.eus\/?p=817"},"modified":"2020-10-26T10:52:31","modified_gmt":"2020-10-26T10:52:31","slug":"v-trofeo-cesva-diego-leyun-azcoiti","status":"publish","type":"post","link":"https:\/\/nkef.eus\/es_es\/index.php\/2020\/01\/31\/v-trofeo-cesva-diego-leyun-azcoiti\/","title":{"rendered":"V TROFEO CESVA DIEGO LEYUN AZCOITI"},"content":{"rendered":"\t\t<div data-elementor-type=\"wp-post\" data-elementor-id=\"817\" class=\"elementor elementor-817\">\n\t\t\t\t\t\t<div class=\"elementor-inner\">\n\t\t\t\t<div class=\"elementor-section-wrap\">\n\t\t\t\t\t\t\t\t\t<section class=\"elementor-section elementor-top-section elementor-element elementor-element-230e84c2 elementor-section-content-middle elementor-section-boxed elementor-section-height-default elementor-section-height-default\" data-id=\"230e84c2\" data-element_type=\"section\">\n\t\t\t\t\t\t<div class=\"elementor-container elementor-column-gap-no\">\n\t\t\t\t\t\t\t<div class=\"elementor-row\">\n\t\t\t\t\t<div class=\"elementor-column elementor-col-100 elementor-top-column elementor-element elementor-element-4917bb61\" data-id=\"4917bb61\" data-element_type=\"column\">\n\t\t\t<div class=\"elementor-column-wrap elementor-element-populated\">\n\t\t\t\t\t\t\t<div class=\"elementor-widget-wrap\">\n\t\t\t\t\t\t<div class=\"elementor-element elementor-element-1d629e62 elementor-widget elementor-widget-heading\" data-id=\"1d629e62\" data-element_type=\"widget\" data-widget_type=\"heading.default\">\n\t\t\t\t<div class=\"elementor-widget-container\">\n\t\t\t<h4 class=\"elementor-heading-title elementor-size-default\">V TROFEO CESVA DIEGO LEYUN AZCOITI<\/h4>\t\t<\/div>\n\t\t\t\t<\/div>\n\t\t\t\t<div class=\"elementor-element elementor-element-75efa1c8 elementor-widget elementor-widget-text-editor\" data-id=\"75efa1c8\" data-element_type=\"widget\" data-widget_type=\"text-editor.default\">\n\t\t\t\t<div class=\"elementor-widget-container\">\n\t\t\t\t\t\t\t\t<div class=\"elementor-text-editor elementor-clearfix\">\n\t\t\t\t<p>ASTUN 8-9\/02\/2020<\/p><p>El Club Deportivo Cesva conjuntamente con la Federaci\u00f3n Vizca\u00edna de deportes de invierno, Federaci\u00f3n<br \/><br \/>Vasca de Deportes de Invierno y la Estaci\u00f3n Invernal de Ast\u00fan tienen el placer de convocar el V TROFEO<br \/><br \/>CESVA DIEGO LEYUN AZCOITI U14\/U16 a realizar en Astun los d\u00edas 8-9 de Febrero 2020<br \/><br \/>Estas competiciones se celebrar\u00e1n en las especialidades de Slalom el s\u00e1bado 8 y Slalom Gigante el<br \/><br \/>domingo 9.<br \/><br \/>El Comit\u00e9 Organizador se regir\u00e1 por las normas de la Federaci\u00f3n Internacional de Esqu\u00ed (FIS) y de la<br \/><br \/>Real Federaci\u00f3n Espa\u00f1ola Deportes de Invierno (RFEDI).<\/p>\t\t\t\t\t<\/div>\n\t\t\t\t\t\t<\/div>\n\t\t\t\t<\/div>\n\t\t\t\t<div class=\"elementor-element elementor-element-6913cc5f elementor-icon-list--layout-traditional elementor-list-item-link-full_width elementor-widget elementor-widget-icon-list\" data-id=\"6913cc5f\" data-element_type=\"widget\" data-widget_type=\"icon-list.default\">\n\t\t\t\t<div class=\"elementor-widget-container\">\n\t\t\t\t\t<ul class=\"elementor-icon-list-items\">\n\t\t\t\t\t\t\t<li class=\"elementor-icon-list-item\">\n\t\t\t\t\t\t\t\t\t\t\t<a href=\"https:\/\/nkef.eus\/wp-content\/uploads\/2020\/06\/V-TROFEO-CESVA-diego-leyun-azcoiti.pdf\" target=\"_blank\">\n\n\t\t\t\t\t\t\t\t\t\t\t\t<span class=\"elementor-icon-list-icon\">\n\t\t\t\t\t\t\t<i aria-hidden=\"true\" class=\"far fa-file-pdf\"><\/i>\t\t\t\t\t\t<\/span>\n\t\t\t\t\t\t\t\t\t\t<span class=\"elementor-icon-list-text\">PROGRAMA<\/span>\n\t\t\t\t\t\t\t\t\t\t\t<\/a>\n\t\t\t\t\t\t\t\t\t<\/li>\n\t\t\t\t\t\t<\/ul>\n\t\t\t\t<\/div>\n\t\t\t\t<\/div>\n\t\t\t\t\t\t<\/div>\n\t\t\t\t\t<\/div>\n\t\t<\/div>\n\t\t\t\t\t\t\t\t<\/div>\n\t\t\t\t\t<\/div>\n\t\t<\/section>\n\t\t\t\t\t\t\t\t\t<\/div>\n\t\t\t<\/div>\n\t\t\t\t\t<\/div>\n\t\t","protected":false},"excerpt":{"rendered":"<p>V TROFEO CESVA DIEGO LEYUN AZCOITI ASTUN 8-9\/02\/2020 El Club Deportivo Cesva conjuntamente con la Federaci\u00f3n Vizca\u00edna de deportes de invierno, Federaci\u00f3n Vasca de Deportes de Invierno y la Estaci\u00f3n Invernal de Ast\u00fan tienen el placer de convocar el V TROFEO CESVA DIEGO LEYUN AZCOITI U14\/U16 a realizar en Astun los d\u00edas 8-9 de Febrero [&hellip;]<\/p>\n","protected":false},"author":2,"featured_media":819,"comment_status":"closed","ping_status":"closed","sticky":false,"template":"elementor_header_footer","format":"standard","meta":[],"categories":[3],"tags":[],"_links":{"self":[{"href":"https:\/\/nkef.eus\/es_es\/index.php\/wp-json\/wp\/v2\/posts\/817"}],"collection":[{"href":"https:\/\/nkef.eus\/es_es\/index.php\/wp-json\/wp\/v2\/posts"}],"about":[{"href":"https:\/\/nkef.eus\/es_es\/index.php\/wp-json\/wp\/v2\/types\/post"}],"author":[{"embeddable":true,"href":"https:\/\/nkef.eus\/es_es\/index.php\/wp-json\/wp\/v2\/users\/2"}],"replies":[{"embeddable":true,"href":"https:\/\/nkef.eus\/es_es\/index.php\/wp-json\/wp\/v2\/comments?post=817"}],"version-history":[{"count":3,"href":"https:\/\/nkef.eus\/es_es\/index.php\/wp-json\/wp\/v2\/posts\/817\/revisions"}],"predecessor-version":[{"id":1823,"href":"https:\/\/nkef.eus\/es_es\/index.php\/wp-json\/wp\/v2\/posts\/817\/revisions\/1823"}],"wp:featuredmedia":[{"embeddable":true,"href":"https:\/\/nkef.eus\/es_es\/index.php\/wp-json\/wp\/v2\/media\/819"}],"wp:attachment":[{"href":"https:\/\/nkef.eus\/es_es\/index.php\/wp-json\/wp\/v2\/media?parent=817"}],"wp:term":[{"taxonomy":"category","embeddable":true,"href":"https:\/\/nkef.eus\/es_es\/index.php\/wp-json\/wp\/v2\/categories?post=817"},{"taxonomy":"post_tag","embeddable":true,"href":"https:\/\/nkef.eus\/es_es\/index.php\/wp-json\/wp\/v2\/tags?post=817"}],"curies":[{"name":"wp","href":"https:\/\/api.w.org\/{rel}","templated":true}]}}