{"id":8059,"date":"2026-02-18T09:57:14","date_gmt":"2026-02-18T09:57:14","guid":{"rendered":"https:\/\/nkef.eus\/?p=8059"},"modified":"2026-02-18T10:05:36","modified_gmt":"2026-02-18T10:05:36","slug":"open-vitoria-gasteiz-2026-liga-iberdrola-de-patinaje-campeonato-de-euskadi-2026-i-cto-de-alava-2026-final-de-liga-norte","status":"publish","type":"post","link":"https:\/\/nkef.eus\/es_es\/index.php\/2026\/02\/18\/open-vitoria-gasteiz-2026-liga-iberdrola-de-patinaje-campeonato-de-euskadi-2026-i-cto-de-alava-2026-final-de-liga-norte\/","title":{"rendered":"OPEN VITORIA-GASTEIZ 2026 \u2013 LIGA IBERDROLA DE PATINAJE CAMPEONATO DE EUSKADI 2026 \u2013 I CTO DE ALAVA 2026 FINAL DE LIGA NORTE"},"content":{"rendered":"\t\t<div data-elementor-type=\"wp-post\" data-elementor-id=\"8059\" class=\"elementor elementor-8059\">\n\t\t\t\t\t\t<div class=\"elementor-inner\">\n\t\t\t\t<div class=\"elementor-section-wrap\">\n\t\t\t\t\t\t\t\t\t<section class=\"elementor-section elementor-top-section elementor-element elementor-element-5f85cd52 elementor-section-content-middle elementor-section-boxed elementor-section-height-default elementor-section-height-default\" data-id=\"5f85cd52\" data-element_type=\"section\">\n\t\t\t\t\t\t<div class=\"elementor-container elementor-column-gap-no\">\n\t\t\t\t\t\t\t<div class=\"elementor-row\">\n\t\t\t\t\t<div class=\"elementor-column elementor-col-100 elementor-top-column elementor-element elementor-element-17bb5f52\" data-id=\"17bb5f52\" data-element_type=\"column\">\n\t\t\t<div class=\"elementor-column-wrap elementor-element-populated\">\n\t\t\t\t\t\t\t<div class=\"elementor-widget-wrap\">\n\t\t\t\t\t\t<div class=\"elementor-element elementor-element-4ef54191 elementor-widget elementor-widget-heading\" data-id=\"4ef54191\" data-element_type=\"widget\" data-widget_type=\"heading.default\">\n\t\t\t\t<div class=\"elementor-widget-container\">\n\t\t\t<h4 class=\"elementor-heading-title elementor-size-default\">OPEN VITORIA-GASTEIZ 2026 \u2013 LIGA IBERDROLA DE PATINAJE CAMPEONATO DE EUSKADI 2026 \u2013 I CTO DE ALAVA 2026 FINAL DE LIGA NORTE<\/h4>\t\t<\/div>\n\t\t\t\t<\/div>\n\t\t\t\t<div class=\"elementor-element elementor-element-c269a90 elementor-widget elementor-widget-image\" data-id=\"c269a90\" data-element_type=\"widget\" data-widget_type=\"image.default\">\n\t\t\t\t<div class=\"elementor-widget-container\">\n\t\t\t\t\t\t\t\t<div class=\"elementor-image\">\n\t\t\t\t\t\t\t\t\t\t\t\t<img width=\"580\" height=\"725\" src=\"https:\/\/nkef.eus\/wp-content\/uploads\/2026\/02\/CARTEL-v4Open-Vitoria-Gasteiz-819x1024.jpg\" class=\"attachment-large size-large\" alt=\"\" loading=\"lazy\" srcset=\"https:\/\/nkef.eus\/wp-content\/uploads\/2026\/02\/CARTEL-v4Open-Vitoria-Gasteiz-819x1024.jpg 819w, https:\/\/nkef.eus\/wp-content\/uploads\/2026\/02\/CARTEL-v4Open-Vitoria-Gasteiz-240x300.jpg 240w, https:\/\/nkef.eus\/wp-content\/uploads\/2026\/02\/CARTEL-v4Open-Vitoria-Gasteiz-768x960.jpg 768w, https:\/\/nkef.eus\/wp-content\/uploads\/2026\/02\/CARTEL-v4Open-Vitoria-Gasteiz-10x12.jpg 10w, https:\/\/nkef.eus\/wp-content\/uploads\/2026\/02\/CARTEL-v4Open-Vitoria-Gasteiz.jpg 1080w\" sizes=\"(max-width: 580px) 100vw, 580px\" \/>\t\t\t\t\t\t\t\t\t\t\t\t\t\t<\/div>\n\t\t\t\t\t\t<\/div>\n\t\t\t\t<\/div>\n\t\t\t\t<div class=\"elementor-element elementor-element-515e037 elementor-widget-divider--view-line elementor-widget elementor-widget-divider\" data-id=\"515e037\" data-element_type=\"widget\" data-widget_type=\"divider.default\">\n\t\t\t\t<div class=\"elementor-widget-container\">\n\t\t\t\t\t<div class=\"elementor-divider\">\n\t\t\t<span class=\"elementor-divider-separator\">\n\t\t\t\t\t\t<\/span>\n\t\t<\/div>\n\t\t\t\t<\/div>\n\t\t\t\t<\/div>\n\t\t\t\t<div class=\"elementor-element elementor-element-285492ec elementor-widget elementor-widget-text-editor\" data-id=\"285492ec\" data-element_type=\"widget\" data-widget_type=\"text-editor.default\">\n\t\t\t\t<div class=\"elementor-widget-container\">\n\t\t\t\t\t\t\t\t<div class=\"elementor-text-editor elementor-clearfix\">\n\t\t\t\t<p>Desde la NKEF, en colaboraci\u00f3n con la RFEDH, junto con la Federaci\u00f3n Alavesa de Deportes de Invierno y el CH Bipolo, invitamos a todas las FF.AA, a participar en:<\/p><p>\u00a0<\/p><p>\u00a0&#8211; Open Vitoria-Gasteiz 2026 \/ Campeonato de Euskadi \/ I Cto de Alava&#8211; Fase 9 de Liga Iberdrola de Patinaje sobre Hielo y Fase Final de Liga Norte.<\/p><p>Para categor\u00edas Nacional e ISU Infantil.<\/p><p>\u00a0<\/p><p>Que se celebrar\u00e1 los pr\u00f3ximos d\u00edas, 21 y 22 de Marzo, en la Pista de Hielo de Bakh, en la calle Paseo de la Biosfera, 2, de Vitoria-Gasteiz (Alava).<\/p><p>\u00a0<\/p><p>Fecha limite de inscripciones a trav\u00e9s de la intranet de la RFEDH, el 6 de marzo de 2026 a las 13:00 horas.<\/p>\t\t\t\t\t<\/div>\n\t\t\t\t\t\t<\/div>\n\t\t\t\t<\/div>\n\t\t\t\t<div class=\"elementor-element elementor-element-12ff0e2 elementor-widget-divider--view-line elementor-widget elementor-widget-divider\" data-id=\"12ff0e2\" data-element_type=\"widget\" data-widget_type=\"divider.default\">\n\t\t\t\t<div class=\"elementor-widget-container\">\n\t\t\t\t\t<div class=\"elementor-divider\">\n\t\t\t<span class=\"elementor-divider-separator\">\n\t\t\t\t\t\t<\/span>\n\t\t<\/div>\n\t\t\t\t<\/div>\n\t\t\t\t<\/div>\n\t\t\t\t<section class=\"elementor-section elementor-inner-section elementor-element elementor-element-99e4ad7 elementor-section-boxed elementor-section-height-default elementor-section-height-default\" data-id=\"99e4ad7\" data-element_type=\"section\">\n\t\t\t\t\t\t<div class=\"elementor-container elementor-column-gap-default\">\n\t\t\t\t\t\t\t<div class=\"elementor-row\">\n\t\t\t\t\t<div class=\"elementor-column elementor-col-50 elementor-inner-column elementor-element elementor-element-1763c2d\" data-id=\"1763c2d\" data-element_type=\"column\">\n\t\t\t<div class=\"elementor-column-wrap elementor-element-populated\">\n\t\t\t\t\t\t\t<div class=\"elementor-widget-wrap\">\n\t\t\t\t\t\t<div class=\"elementor-element elementor-element-183ce57 elementor-align-center elementor-widget elementor-widget-button\" data-id=\"183ce57\" data-element_type=\"widget\" data-widget_type=\"button.default\">\n\t\t\t\t<div class=\"elementor-widget-container\">\n\t\t\t\t\t<div class=\"elementor-button-wrapper\">\n\t\t\t<a href=\"https:\/\/nkef.eus\/wp-content\/uploads\/2026\/02\/Convocatoria-Open-Vitoria-GAsteiz-Cto-Euskadi-y-Alava-LIPH.pdf\" class=\"elementor-button-link elementor-button elementor-size-sm\" role=\"button\">\n\t\t\t\t\t\t<span class=\"elementor-button-content-wrapper\">\n\t\t\t\t\t\t<span class=\"elementor-button-text\">CONVOCATORIA<\/span>\n\t\t<\/span>\n\t\t\t\t\t<\/a>\n\t\t<\/div>\n\t\t\t\t<\/div>\n\t\t\t\t<\/div>\n\t\t\t\t\t\t<\/div>\n\t\t\t\t\t<\/div>\n\t\t<\/div>\n\t\t\t\t<div class=\"elementor-column elementor-col-50 elementor-inner-column elementor-element elementor-element-f4092ef\" data-id=\"f4092ef\" data-element_type=\"column\">\n\t\t\t<div class=\"elementor-column-wrap elementor-element-populated\">\n\t\t\t\t\t\t\t<div class=\"elementor-widget-wrap\">\n\t\t\t\t\t\t<div class=\"elementor-element elementor-element-d834417 elementor-align-center elementor-widget elementor-widget-button\" data-id=\"d834417\" data-element_type=\"widget\" data-widget_type=\"button.default\">\n\t\t\t\t<div class=\"elementor-widget-container\">\n\t\t\t\t\t<div class=\"elementor-button-wrapper\">\n\t\t\t<a href=\"https:\/\/nkef.eus\/wp-content\/uploads\/2026\/02\/ANEXO-I-Inscripciones-OPEN-VITORIA-2026.docx\" class=\"elementor-button-link elementor-button elementor-size-sm\" role=\"button\">\n\t\t\t\t\t\t<span class=\"elementor-button-content-wrapper\">\n\t\t\t\t\t\t<span class=\"elementor-button-text\">ANEXO 1 INSCRIPCIONES<\/span>\n\t\t<\/span>\n\t\t\t\t\t<\/a>\n\t\t<\/div>\n\t\t\t\t<\/div>\n\t\t\t\t<\/div>\n\t\t\t\t\t\t<\/div>\n\t\t\t\t\t<\/div>\n\t\t<\/div>\n\t\t\t\t\t\t\t\t<\/div>\n\t\t\t\t\t<\/div>\n\t\t<\/section>\n\t\t\t\t<div class=\"elementor-element elementor-element-a624771 elementor-align-right elementor-widget elementor-widget-button\" data-id=\"a624771\" data-element_type=\"widget\" data-widget_type=\"button.default\">\n\t\t\t\t<div class=\"elementor-widget-container\">\n\t\t\t\t\t<div class=\"elementor-button-wrapper\">\n\t\t\t<a href=\"https:\/\/nkef.eus\/wp-content\/uploads\/2026\/02\/Anexo-II-OPEN-VITORIA-2026-PLANNED-PROGRAM.docx\" class=\"elementor-button-link elementor-button elementor-size-sm\" role=\"button\">\n\t\t\t\t\t\t<span class=\"elementor-button-content-wrapper\">\n\t\t\t\t\t\t<span class=\"elementor-button-text\">ANEXO 2 PLANNED PROGRAM<\/span>\n\t\t<\/span>\n\t\t\t\t\t<\/a>\n\t\t<\/div>\n\t\t\t\t<\/div>\n\t\t\t\t<\/div>\n\t\t\t\t\t\t<\/div>\n\t\t\t\t\t<\/div>\n\t\t<\/div>\n\t\t\t\t\t\t\t\t<\/div>\n\t\t\t\t\t<\/div>\n\t\t<\/section>\n\t\t\t\t\t\t\t\t\t<\/div>\n\t\t\t<\/div>\n\t\t\t\t\t<\/div>\n\t\t","protected":false},"excerpt":{"rendered":"<p>OPEN VITORIA-GASTEIZ 2026 \u2013 LIGA IBERDROLA DE PATINAJE CAMPEONATO DE EUSKADI 2026 \u2013 I CTO DE ALAVA 2026 FINAL DE LIGA NORTE Desde la NKEF, en colaboraci\u00f3n con la RFEDH, junto con la Federaci\u00f3n Alavesa de Deportes de Invierno y el CH Bipolo, invitamos a todas las FF.AA, a participar en: \u00a0 \u00a0&#8211; Open Vitoria-Gasteiz [&hellip;]<\/p>\n","protected":false},"author":3,"featured_media":8060,"comment_status":"closed","ping_status":"closed","sticky":false,"template":"elementor_header_footer","format":"standard","meta":[],"categories":[17],"tags":[],"_links":{"self":[{"href":"https:\/\/nkef.eus\/es_es\/index.php\/wp-json\/wp\/v2\/posts\/8059"}],"collection":[{"href":"https:\/\/nkef.eus\/es_es\/index.php\/wp-json\/wp\/v2\/posts"}],"about":[{"href":"https:\/\/nkef.eus\/es_es\/index.php\/wp-json\/wp\/v2\/types\/post"}],"author":[{"embeddable":true,"href":"https:\/\/nkef.eus\/es_es\/index.php\/wp-json\/wp\/v2\/users\/3"}],"replies":[{"embeddable":true,"href":"https:\/\/nkef.eus\/es_es\/index.php\/wp-json\/wp\/v2\/comments?post=8059"}],"version-history":[{"count":7,"href":"https:\/\/nkef.eus\/es_es\/index.php\/wp-json\/wp\/v2\/posts\/8059\/revisions"}],"predecessor-version":[{"id":8072,"href":"https:\/\/nkef.eus\/es_es\/index.php\/wp-json\/wp\/v2\/posts\/8059\/revisions\/8072"}],"wp:featuredmedia":[{"embeddable":true,"href":"https:\/\/nkef.eus\/es_es\/index.php\/wp-json\/wp\/v2\/media\/8060"}],"wp:attachment":[{"href":"https:\/\/nkef.eus\/es_es\/index.php\/wp-json\/wp\/v2\/media?parent=8059"}],"wp:term":[{"taxonomy":"category","embeddable":true,"href":"https:\/\/nkef.eus\/es_es\/index.php\/wp-json\/wp\/v2\/categories?post=8059"},{"taxonomy":"post_tag","embeddable":true,"href":"https:\/\/nkef.eus\/es_es\/index.php\/wp-json\/wp\/v2\/tags?post=8059"}],"curies":[{"name":"wp","href":"https:\/\/api.w.org\/{rel}","templated":true}]}}