{"id":7894,"date":"2025-06-03T09:05:49","date_gmt":"2025-06-03T09:05:49","guid":{"rendered":"https:\/\/nkef.eus\/?p=7894"},"modified":"2025-06-03T09:08:51","modified_gmt":"2025-06-03T09:08:51","slug":"la-iv-gala-de-los-deportes-de-invierno-ya-esta-en-marcha","status":"publish","type":"post","link":"https:\/\/nkef.eus\/es_es\/index.php\/2025\/06\/03\/la-iv-gala-de-los-deportes-de-invierno-ya-esta-en-marcha\/","title":{"rendered":"LA IV GALA DE LOS DEPORTES DE INVIERNO YA EST\u00c1 EN MARCHA"},"content":{"rendered":"\t\t<div data-elementor-type=\"wp-post\" data-elementor-id=\"7894\" class=\"elementor elementor-7894\">\n\t\t\t\t\t\t<div class=\"elementor-inner\">\n\t\t\t\t<div class=\"elementor-section-wrap\">\n\t\t\t\t\t\t\t\t\t<section class=\"elementor-section elementor-top-section elementor-element elementor-element-7e7ee319 elementor-section-content-middle elementor-section-boxed elementor-section-height-default elementor-section-height-default\" data-id=\"7e7ee319\" data-element_type=\"section\">\n\t\t\t\t\t\t<div class=\"elementor-container elementor-column-gap-no\">\n\t\t\t\t\t\t\t<div class=\"elementor-row\">\n\t\t\t\t\t<div class=\"elementor-column elementor-col-100 elementor-top-column elementor-element elementor-element-ae94747\" data-id=\"ae94747\" data-element_type=\"column\">\n\t\t\t<div class=\"elementor-column-wrap elementor-element-populated\">\n\t\t\t\t\t\t\t<div class=\"elementor-widget-wrap\">\n\t\t\t\t\t\t<div class=\"elementor-element elementor-element-78164532 elementor-widget elementor-widget-heading\" data-id=\"78164532\" data-element_type=\"widget\" data-widget_type=\"heading.default\">\n\t\t\t\t<div class=\"elementor-widget-container\">\n\t\t\t<h4 class=\"elementor-heading-title elementor-size-default\">LA IV GALA DE LOS DEPORTES DE INVIERNO YA EST\u00c1 EN MARCHA<\/h4>\t\t<\/div>\n\t\t\t\t<\/div>\n\t\t\t\t<div class=\"elementor-element elementor-element-48876fd elementor-widget elementor-widget-image\" data-id=\"48876fd\" data-element_type=\"widget\" data-widget_type=\"image.default\">\n\t\t\t\t<div class=\"elementor-widget-container\">\n\t\t\t\t\t\t\t\t<div class=\"elementor-image\">\n\t\t\t\t\t\t\t\t\t\t\t\t<img width=\"580\" height=\"725\" src=\"https:\/\/nkef.eus\/wp-content\/uploads\/2025\/06\/CARTEL-GALA-819x1024.jpeg\" class=\"attachment-large size-large\" alt=\"\" loading=\"lazy\" srcset=\"https:\/\/nkef.eus\/wp-content\/uploads\/2025\/06\/CARTEL-GALA-819x1024.jpeg 819w, https:\/\/nkef.eus\/wp-content\/uploads\/2025\/06\/CARTEL-GALA-240x300.jpeg 240w, https:\/\/nkef.eus\/wp-content\/uploads\/2025\/06\/CARTEL-GALA-768x960.jpeg 768w, https:\/\/nkef.eus\/wp-content\/uploads\/2025\/06\/CARTEL-GALA-10x12.jpeg 10w, https:\/\/nkef.eus\/wp-content\/uploads\/2025\/06\/CARTEL-GALA.jpeg 1080w\" sizes=\"(max-width: 580px) 100vw, 580px\" \/>\t\t\t\t\t\t\t\t\t\t\t\t\t\t<\/div>\n\t\t\t\t\t\t<\/div>\n\t\t\t\t<\/div>\n\t\t\t\t<div class=\"elementor-element elementor-element-869a750 elementor-widget-divider--view-line elementor-widget elementor-widget-divider\" data-id=\"869a750\" data-element_type=\"widget\" data-widget_type=\"divider.default\">\n\t\t\t\t<div class=\"elementor-widget-container\">\n\t\t\t\t\t<div class=\"elementor-divider\">\n\t\t\t<span class=\"elementor-divider-separator\">\n\t\t\t\t\t\t<\/span>\n\t\t<\/div>\n\t\t\t\t<\/div>\n\t\t\t\t<\/div>\n\t\t\t\t<div class=\"elementor-element elementor-element-251c9c94 elementor-widget elementor-widget-text-editor\" data-id=\"251c9c94\" data-element_type=\"widget\" data-widget_type=\"text-editor.default\">\n\t\t\t\t<div class=\"elementor-widget-container\">\n\t\t\t\t\t\t\t\t<div class=\"elementor-text-editor elementor-clearfix\">\n\t\t\t\t<p>\u00a0<\/p><p>Nos complace anunciar la celebraci\u00f3n de la IV Gala de los Deportes de Invierno NKEF cuya edici\u00f3n contara con la colaboraci\u00f3n de la empresa de dise\u00f1o WEB y Comunicaci\u00f3n LODIGITALIZO. Un evento que reconoce y celebra el esfuerzo, la pasi\u00f3n y el talento de todos los deportistas que participan en las disciplinas de invierno tanto nieve como hielo. La gala tendr\u00e1 lugar el Front\u00f3n Bizkaia (Miribilla) el pr\u00f3ximo d\u00eda 12 de Junio 2025 a las19:00 Horas, y ser\u00e1 una oportunidad perfecta para reunir a la comunidad deportiva, familiares y amigos en un ambiente de celebraci\u00f3n y reconocimiento. Durante la tarde, se entregar\u00e1n premios a los mejores deportistas, y equipos, adem\u00e1s de un coctel a la finalizaci\u00f3n del acto. Este evento refleja nuestro compromiso con el deporte y la promoci\u00f3n de los deportes de invierno en nuestra regi\u00f3n.<\/p><p>\u00a1Gracias por formar parte de esta aventura!\u00a0<\/p>\t\t\t\t\t<\/div>\n\t\t\t\t\t\t<\/div>\n\t\t\t\t<\/div>\n\t\t\t\t\t\t<\/div>\n\t\t\t\t\t<\/div>\n\t\t<\/div>\n\t\t\t\t\t\t\t\t<\/div>\n\t\t\t\t\t<\/div>\n\t\t<\/section>\n\t\t\t\t\t\t\t\t\t<\/div>\n\t\t\t<\/div>\n\t\t\t\t\t<\/div>\n\t\t","protected":false},"excerpt":{"rendered":"<p>LA IV GALA DE LOS DEPORTES DE INVIERNO YA EST\u00c1 EN MARCHA \u00a0 Nos complace anunciar la celebraci\u00f3n de la IV Gala de los Deportes de Invierno NKEF cuya edici\u00f3n contara con la colaboraci\u00f3n de la empresa de dise\u00f1o WEB y Comunicaci\u00f3n LODIGITALIZO. Un evento que reconoce y celebra el esfuerzo, la pasi\u00f3n y el [&hellip;]<\/p>\n","protected":false},"author":3,"featured_media":7892,"comment_status":"closed","ping_status":"closed","sticky":false,"template":"elementor_header_footer","format":"standard","meta":[],"categories":[15],"tags":[],"_links":{"self":[{"href":"https:\/\/nkef.eus\/es_es\/index.php\/wp-json\/wp\/v2\/posts\/7894"}],"collection":[{"href":"https:\/\/nkef.eus\/es_es\/index.php\/wp-json\/wp\/v2\/posts"}],"about":[{"href":"https:\/\/nkef.eus\/es_es\/index.php\/wp-json\/wp\/v2\/types\/post"}],"author":[{"embeddable":true,"href":"https:\/\/nkef.eus\/es_es\/index.php\/wp-json\/wp\/v2\/users\/3"}],"replies":[{"embeddable":true,"href":"https:\/\/nkef.eus\/es_es\/index.php\/wp-json\/wp\/v2\/comments?post=7894"}],"version-history":[{"count":4,"href":"https:\/\/nkef.eus\/es_es\/index.php\/wp-json\/wp\/v2\/posts\/7894\/revisions"}],"predecessor-version":[{"id":7898,"href":"https:\/\/nkef.eus\/es_es\/index.php\/wp-json\/wp\/v2\/posts\/7894\/revisions\/7898"}],"wp:featuredmedia":[{"embeddable":true,"href":"https:\/\/nkef.eus\/es_es\/index.php\/wp-json\/wp\/v2\/media\/7892"}],"wp:attachment":[{"href":"https:\/\/nkef.eus\/es_es\/index.php\/wp-json\/wp\/v2\/media?parent=7894"}],"wp:term":[{"taxonomy":"category","embeddable":true,"href":"https:\/\/nkef.eus\/es_es\/index.php\/wp-json\/wp\/v2\/categories?post=7894"},{"taxonomy":"post_tag","embeddable":true,"href":"https:\/\/nkef.eus\/es_es\/index.php\/wp-json\/wp\/v2\/tags?post=7894"}],"curies":[{"name":"wp","href":"https:\/\/api.w.org\/{rel}","templated":true}]}}