{"id":7828,"date":"2025-05-12T08:06:30","date_gmt":"2025-05-12T08:06:30","guid":{"rendered":"https:\/\/nkef.eus\/?p=7828"},"modified":"2025-05-12T08:13:52","modified_gmt":"2025-05-12T08:13:52","slug":"oihane-y-leire-otaegi-mikel-unanue-y-sergio-vez-han-recibido-la-medalla-del-comite-olimpico-espanol-de-manos-de-la-fed-hielo-y-acompanados-por-el-director-de-actividad-fisica-y-deporte-del-gobierno","status":"publish","type":"post","link":"https:\/\/nkef.eus\/es_es\/index.php\/2025\/05\/12\/oihane-y-leire-otaegi-mikel-unanue-y-sergio-vez-han-recibido-la-medalla-del-comite-olimpico-espanol-de-manos-de-la-fed-hielo-y-acompanados-por-el-director-de-actividad-fisica-y-deporte-del-gobierno\/","title":{"rendered":"Oihane y Leire Otaegi, Mikel Unanue y Sergio Vez han recibido la medalla del Comit\u00e9 Ol\u00edmpico Espa\u00f1ol de manos de la FED Hielo, y acompa\u00f1ados por el director de Actividad F\u00edsica y Deporte del Gobierno Vasco"},"content":{"rendered":"\t\t<div data-elementor-type=\"wp-post\" data-elementor-id=\"7828\" class=\"elementor elementor-7828\">\n\t\t\t\t\t\t<div class=\"elementor-inner\">\n\t\t\t\t<div class=\"elementor-section-wrap\">\n\t\t\t\t\t\t\t\t\t<section class=\"elementor-section elementor-top-section elementor-element elementor-element-7de8e10a elementor-section-content-middle elementor-section-boxed elementor-section-height-default elementor-section-height-default\" data-id=\"7de8e10a\" data-element_type=\"section\">\n\t\t\t\t\t\t<div class=\"elementor-container elementor-column-gap-no\">\n\t\t\t\t\t\t\t<div class=\"elementor-row\">\n\t\t\t\t\t<div class=\"elementor-column elementor-col-100 elementor-top-column elementor-element elementor-element-29776bde\" data-id=\"29776bde\" data-element_type=\"column\">\n\t\t\t<div class=\"elementor-column-wrap elementor-element-populated\">\n\t\t\t\t\t\t\t<div class=\"elementor-widget-wrap\">\n\t\t\t\t\t\t<div class=\"elementor-element elementor-element-141da267 elementor-widget elementor-widget-heading\" data-id=\"141da267\" data-element_type=\"widget\" data-widget_type=\"heading.default\">\n\t\t\t\t<div class=\"elementor-widget-container\">\n\t\t\t<h4 class=\"elementor-heading-title elementor-size-default\">Oihane y Leire Otaegi, Mikel Unanue y Sergio Vez han recibido la medalla del Comit\u00e9 Ol\u00edmpico Espa\u00f1ol de manos de la FED Hielo, y acompa\u00f1ados por el director de Actividad F\u00edsica y Deporte del Gobierno Vasco<\/h4>\t\t<\/div>\n\t\t\t\t<\/div>\n\t\t\t\t<div class=\"elementor-element elementor-element-1c60fc3 elementor-widget elementor-widget-image\" data-id=\"1c60fc3\" data-element_type=\"widget\" data-widget_type=\"image.default\">\n\t\t\t\t<div class=\"elementor-widget-container\">\n\t\t\t\t\t\t\t\t<div class=\"elementor-image\">\n\t\t\t\t\t\t\t\t\t<figure class=\"wp-caption\">\n\t\t\t\t\t\t\t\t\t\t<img width=\"580\" height=\"387\" src=\"https:\/\/nkef.eus\/wp-content\/uploads\/2025\/05\/1-1024x683.jpg\" class=\"attachment-large size-large\" alt=\"\" loading=\"lazy\" srcset=\"https:\/\/nkef.eus\/wp-content\/uploads\/2025\/05\/1-1024x683.jpg 1024w, https:\/\/nkef.eus\/wp-content\/uploads\/2025\/05\/1-300x200.jpg 300w, https:\/\/nkef.eus\/wp-content\/uploads\/2025\/05\/1-768x512.jpg 768w, https:\/\/nkef.eus\/wp-content\/uploads\/2025\/05\/1-1536x1024.jpg 1536w, https:\/\/nkef.eus\/wp-content\/uploads\/2025\/05\/1-2048x1365.jpg 2048w, https:\/\/nkef.eus\/wp-content\/uploads\/2025\/05\/1-18x12.jpg 18w, https:\/\/nkef.eus\/wp-content\/uploads\/2025\/05\/1-1200x800.jpg 1200w, https:\/\/nkef.eus\/wp-content\/uploads\/2025\/05\/1-1980x1320.jpg 1980w\" sizes=\"(max-width: 580px) 100vw, 580px\" \/>\t\t\t\t\t\t\t\t\t\t\t<figcaption class=\"widget-image-caption wp-caption-text\">De izquierda a derecha: Juan Cruz, Gorka Iturriaga, Sergio Vez, Oihane Otaegi, Leire Otaegi, Mikel Unanue, Frank Gonzalez  <\/figcaption>\n\t\t\t\t\t\t\t\t\t\t<\/figure>\n\t\t\t\t\t\t\t\t<\/div>\n\t\t\t\t\t\t<\/div>\n\t\t\t\t<\/div>\n\t\t\t\t<div class=\"elementor-element elementor-element-d7cb5d1 elementor-widget-divider--view-line elementor-widget elementor-widget-divider\" data-id=\"d7cb5d1\" data-element_type=\"widget\" data-widget_type=\"divider.default\">\n\t\t\t\t<div class=\"elementor-widget-container\">\n\t\t\t\t\t<div class=\"elementor-divider\">\n\t\t\t<span class=\"elementor-divider-separator\">\n\t\t\t\t\t\t<\/span>\n\t\t<\/div>\n\t\t\t\t<\/div>\n\t\t\t\t<\/div>\n\t\t\t\t<div class=\"elementor-element elementor-element-7d40596 elementor-widget elementor-widget-text-editor\" data-id=\"7d40596\" data-element_type=\"widget\" data-widget_type=\"text-editor.default\">\n\t\t\t\t<div class=\"elementor-widget-container\">\n\t\t\t\t\t\t\t\t<div class=\"elementor-text-editor elementor-clearfix\">\n\t\t\t\t<p><u>Getxo, 9 de mayo de 2025<\/u>. Gorka Iturriaga, director de Actividad F\u00edsica y Deporte del Gobierno Vasco, ha recibido en Basque Team Zentroa a Frank Gonzalez y Xavier Cherta,\u00a0\u00a0presidente y secretario general, respectivamente, de la Real Federaci\u00f3n Espa\u00f1ola de Deportes de Hielo, cediendo el lugar, dentro de la colaboraci\u00f3n cordial que existe entre ambas instituciones, para la entrega de la Medalla del Comit\u00e9 Ol\u00edmpico Espa\u00f1ol a los y las jugadoras de curling Oihane y Leire Otaegi, Mikel Unanue y Sergio Vez. La entrega del reconocimiento ha contado tambi\u00e9n con la presencia de Juan Cruz, presidente de la Federaci\u00f3n Vasca de Deportes de Invierno.\u00a0<\/p><p>Unanue, Vez y las hermanas Otaegi han obtenido el galard\u00f3n como recompensa por sus m\u00e9ritos deportivos. Han competido en siete de los ocho Mundiales mixtos organizados hasta la fecha. Participaron en la primera edici\u00f3n disputada en 2015 en Berna, y salvo en la de 2016 en la que lo hizo Iparpolo, y en las de 2020 y 2021 que fueron suspendidos por la pandemia, han competido en todas las dem\u00e1s, destacando especialmente las medallas de plata cosechadas en 2018 en Kelowna (Canad\u00e1) y en 2023 en Aberdeen (Escocia), y el cuarto puesto logrado tambi\u00e9n en Aberdeen el pasado a\u00f1o, en 2024.\u00a0\u00a0\u00a0<\/p><p>Los cuatro tienen un palmar\u00e9s impresionante. Internacionalmente suman entre todos 103 torneos, 847 partidos y 25 medallas, y a nivel estatal, representando al club Txuri-Berri, han sido campeones en la modalidad de equipos mixtos en 10 ocasiones entre 2012 y 2025.\u00a0<\/p><p><em>Copyright \u00a9 *|2025|* *|BASQUE TEAM|*, All rights reserved<\/em><\/p>\t\t\t\t\t<\/div>\n\t\t\t\t\t\t<\/div>\n\t\t\t\t<\/div>\n\t\t\t\t\t\t<\/div>\n\t\t\t\t\t<\/div>\n\t\t<\/div>\n\t\t\t\t\t\t\t\t<\/div>\n\t\t\t\t\t<\/div>\n\t\t<\/section>\n\t\t\t\t\t\t\t\t\t<\/div>\n\t\t\t<\/div>\n\t\t\t\t\t<\/div>\n\t\t","protected":false},"excerpt":{"rendered":"<p>Oihane y Leire Otaegi, Mikel Unanue y Sergio Vez han recibido la medalla del Comit\u00e9 Ol\u00edmpico Espa\u00f1ol de manos de la FED Hielo, y acompa\u00f1ados por el director de Actividad F\u00edsica y Deporte del Gobierno Vasco De izquierda a derecha: Juan Cruz, Gorka Iturriaga, Sergio Vez, Oihane Otaegi, Leire Otaegi, Mikel Unanue, Frank Gonzalez Getxo, [&hellip;]<\/p>\n","protected":false},"author":3,"featured_media":7829,"comment_status":"closed","ping_status":"closed","sticky":false,"template":"elementor_header_footer","format":"standard","meta":[],"categories":[8],"tags":[],"_links":{"self":[{"href":"https:\/\/nkef.eus\/es_es\/index.php\/wp-json\/wp\/v2\/posts\/7828"}],"collection":[{"href":"https:\/\/nkef.eus\/es_es\/index.php\/wp-json\/wp\/v2\/posts"}],"about":[{"href":"https:\/\/nkef.eus\/es_es\/index.php\/wp-json\/wp\/v2\/types\/post"}],"author":[{"embeddable":true,"href":"https:\/\/nkef.eus\/es_es\/index.php\/wp-json\/wp\/v2\/users\/3"}],"replies":[{"embeddable":true,"href":"https:\/\/nkef.eus\/es_es\/index.php\/wp-json\/wp\/v2\/comments?post=7828"}],"version-history":[{"count":4,"href":"https:\/\/nkef.eus\/es_es\/index.php\/wp-json\/wp\/v2\/posts\/7828\/revisions"}],"predecessor-version":[{"id":7833,"href":"https:\/\/nkef.eus\/es_es\/index.php\/wp-json\/wp\/v2\/posts\/7828\/revisions\/7833"}],"wp:featuredmedia":[{"embeddable":true,"href":"https:\/\/nkef.eus\/es_es\/index.php\/wp-json\/wp\/v2\/media\/7829"}],"wp:attachment":[{"href":"https:\/\/nkef.eus\/es_es\/index.php\/wp-json\/wp\/v2\/media?parent=7828"}],"wp:term":[{"taxonomy":"category","embeddable":true,"href":"https:\/\/nkef.eus\/es_es\/index.php\/wp-json\/wp\/v2\/categories?post=7828"},{"taxonomy":"post_tag","embeddable":true,"href":"https:\/\/nkef.eus\/es_es\/index.php\/wp-json\/wp\/v2\/tags?post=7828"}],"curies":[{"name":"wp","href":"https:\/\/api.w.org\/{rel}","templated":true}]}}