{"id":7735,"date":"2025-03-25T10:39:49","date_gmt":"2025-03-25T10:39:49","guid":{"rendered":"https:\/\/nkef.eus\/?p=7735"},"modified":"2025-03-25T10:41:09","modified_gmt":"2025-03-25T10:41:09","slug":"iv-trofeo-marmotas-cesva-u-10-u-12-audi-quattro-cup","status":"publish","type":"post","link":"https:\/\/nkef.eus\/es_es\/index.php\/2025\/03\/25\/iv-trofeo-marmotas-cesva-u-10-u-12-audi-quattro-cup\/","title":{"rendered":"IV TROFEO MARMOTAS CESVA U-10\/U-12 &#8211; AUDI QUATTRO CUP"},"content":{"rendered":"\t\t<div data-elementor-type=\"wp-post\" data-elementor-id=\"7735\" class=\"elementor elementor-7735\">\n\t\t\t\t\t\t<div class=\"elementor-inner\">\n\t\t\t\t<div class=\"elementor-section-wrap\">\n\t\t\t\t\t\t\t\t\t<section class=\"elementor-section elementor-top-section elementor-element elementor-element-72db0c59 elementor-section-content-middle elementor-section-boxed elementor-section-height-default elementor-section-height-default\" data-id=\"72db0c59\" data-element_type=\"section\">\n\t\t\t\t\t\t<div class=\"elementor-container elementor-column-gap-no\">\n\t\t\t\t\t\t\t<div class=\"elementor-row\">\n\t\t\t\t\t<div class=\"elementor-column elementor-col-100 elementor-top-column elementor-element elementor-element-1b8baea7\" data-id=\"1b8baea7\" data-element_type=\"column\">\n\t\t\t<div class=\"elementor-column-wrap elementor-element-populated\">\n\t\t\t\t\t\t\t<div class=\"elementor-widget-wrap\">\n\t\t\t\t\t\t<div class=\"elementor-element elementor-element-58f4e97b elementor-widget elementor-widget-heading\" data-id=\"58f4e97b\" data-element_type=\"widget\" data-widget_type=\"heading.default\">\n\t\t\t\t<div class=\"elementor-widget-container\">\n\t\t\t<h4 class=\"elementor-heading-title elementor-size-default\">IV TROFEO MARMOTAS CESVA U-10\/U-12 - AUDI QUATTRO CUP<\/h4>\t\t<\/div>\n\t\t\t\t<\/div>\n\t\t\t\t<div class=\"elementor-element elementor-element-39da8b7 elementor-widget elementor-widget-image\" data-id=\"39da8b7\" data-element_type=\"widget\" data-widget_type=\"image.default\">\n\t\t\t\t<div class=\"elementor-widget-container\">\n\t\t\t\t\t\t\t\t<div class=\"elementor-image\">\n\t\t\t\t\t\t\t\t\t\t\t\t<img width=\"452\" height=\"595\" src=\"https:\/\/nkef.eus\/wp-content\/uploads\/2025\/03\/Sin-titulo.png\" class=\"attachment-large size-large\" alt=\"\" loading=\"lazy\" srcset=\"https:\/\/nkef.eus\/wp-content\/uploads\/2025\/03\/Sin-titulo.png 452w, https:\/\/nkef.eus\/wp-content\/uploads\/2025\/03\/Sin-titulo-228x300.png 228w, https:\/\/nkef.eus\/wp-content\/uploads\/2025\/03\/Sin-titulo-9x12.png 9w\" sizes=\"(max-width: 452px) 100vw, 452px\" \/>\t\t\t\t\t\t\t\t\t\t\t\t\t\t<\/div>\n\t\t\t\t\t\t<\/div>\n\t\t\t\t<\/div>\n\t\t\t\t<div class=\"elementor-element elementor-element-1eccde2 elementor-widget-divider--view-line elementor-widget elementor-widget-divider\" data-id=\"1eccde2\" data-element_type=\"widget\" data-widget_type=\"divider.default\">\n\t\t\t\t<div class=\"elementor-widget-container\">\n\t\t\t\t\t<div class=\"elementor-divider\">\n\t\t\t<span class=\"elementor-divider-separator\">\n\t\t\t\t\t\t<\/span>\n\t\t<\/div>\n\t\t\t\t<\/div>\n\t\t\t\t<\/div>\n\t\t\t\t<div class=\"elementor-element elementor-element-288585eb elementor-widget elementor-widget-text-editor\" data-id=\"288585eb\" data-element_type=\"widget\" data-widget_type=\"text-editor.default\">\n\t\t\t\t<div class=\"elementor-widget-container\">\n\t\t\t\t\t\t\t\t<div class=\"elementor-text-editor elementor-clearfix\">\n\t\t\t\t<p>IV TROFEO MARMOTAS<br \/>29-30 de Marzo 2025 \u2013 Astun \u2013 U10\/U12 Hombres Y Mujeres.<br \/>El Club Deportivo Cesva ,Federaci\u00f3n Vasca de Deportes de Invierno,Estaci\u00f3n Invernal de Ast\u00fan y Audi quatro cup tienen el placer de convocar el IV TROFEO MARMOTAS.<br \/>Estas competiciones se celebrar\u00e1n en las especialidades de:<br \/>\u2022 Slalom Gigante Audi quatro cup el s\u00e1bado 29.<br \/>\u2022 Slalom Trofeo Marmotas el domingo 30.<br \/>.<br \/>El Comit\u00e9 Organizador se regir\u00e1 por las normas de la Federaci\u00f3n Internacional de Esqu\u00ed (FIS) y de la Real Fede-raci\u00f3n Espa\u00f1ola Deportes de Invierno (RFEDI<\/p><p>\u00a0<\/p><p>\u00a0<\/p>\t\t\t\t\t<\/div>\n\t\t\t\t\t\t<\/div>\n\t\t\t\t<\/div>\n\t\t\t\t<div class=\"elementor-element elementor-element-71e814e elementor-widget-divider--view-line elementor-widget elementor-widget-divider\" data-id=\"71e814e\" data-element_type=\"widget\" data-widget_type=\"divider.default\">\n\t\t\t\t<div class=\"elementor-widget-container\">\n\t\t\t\t\t<div class=\"elementor-divider\">\n\t\t\t<span class=\"elementor-divider-separator\">\n\t\t\t\t\t\t<\/span>\n\t\t<\/div>\n\t\t\t\t<\/div>\n\t\t\t\t<\/div>\n\t\t\t\t<section class=\"elementor-section elementor-inner-section elementor-element elementor-element-4787705 elementor-section-boxed elementor-section-height-default elementor-section-height-default\" data-id=\"4787705\" data-element_type=\"section\">\n\t\t\t\t\t\t<div class=\"elementor-container elementor-column-gap-default\">\n\t\t\t\t\t\t\t<div class=\"elementor-row\">\n\t\t\t\t\t<div class=\"elementor-column elementor-col-50 elementor-inner-column elementor-element elementor-element-17a7924\" data-id=\"17a7924\" data-element_type=\"column\">\n\t\t\t<div class=\"elementor-column-wrap elementor-element-populated\">\n\t\t\t\t\t\t\t<div class=\"elementor-widget-wrap\">\n\t\t\t\t\t\t<div class=\"elementor-element elementor-element-f7931c3 elementor-align-center elementor-widget elementor-widget-button\" data-id=\"f7931c3\" data-element_type=\"widget\" data-widget_type=\"button.default\">\n\t\t\t\t<div class=\"elementor-widget-container\">\n\t\t\t\t\t<div class=\"elementor-button-wrapper\">\n\t\t\t<a href=\"https:\/\/nkef.eus\/wp-content\/uploads\/2025\/03\/IV-TROFEO-MARMOTAS-Audi-Quatro-Cup.pdf\" class=\"elementor-button-link elementor-button elementor-size-sm\" role=\"button\">\n\t\t\t\t\t\t<span class=\"elementor-button-content-wrapper\">\n\t\t\t\t\t\t<span class=\"elementor-button-text\">NOTA INFORMATIVA<\/span>\n\t\t<\/span>\n\t\t\t\t\t<\/a>\n\t\t<\/div>\n\t\t\t\t<\/div>\n\t\t\t\t<\/div>\n\t\t\t\t\t\t<\/div>\n\t\t\t\t\t<\/div>\n\t\t<\/div>\n\t\t\t\t<div class=\"elementor-column elementor-col-50 elementor-inner-column elementor-element elementor-element-fb96995\" data-id=\"fb96995\" data-element_type=\"column\">\n\t\t\t<div class=\"elementor-column-wrap elementor-element-populated\">\n\t\t\t\t\t\t\t<div class=\"elementor-widget-wrap\">\n\t\t\t\t\t\t<div class=\"elementor-element elementor-element-abbcc54 elementor-align-center elementor-widget elementor-widget-button\" data-id=\"abbcc54\" data-element_type=\"widget\" data-widget_type=\"button.default\">\n\t\t\t\t<div class=\"elementor-widget-container\">\n\t\t\t\t\t<div class=\"elementor-button-wrapper\">\n\t\t\t<a href=\"https:\/\/nkef.eus\/wp-content\/uploads\/2025\/03\/FORFAITS-IV-TROFEO-MARMOTAS-AUDI-QUATRO-CUP-29-30-DE-MARZO-ASTUN.xlsx\" class=\"elementor-button-link elementor-button elementor-size-sm\" role=\"button\">\n\t\t\t\t\t\t<span class=\"elementor-button-content-wrapper\">\n\t\t\t\t\t\t<span class=\"elementor-button-text\">SOLICITUD DE FORFAITS<\/span>\n\t\t<\/span>\n\t\t\t\t\t<\/a>\n\t\t<\/div>\n\t\t\t\t<\/div>\n\t\t\t\t<\/div>\n\t\t\t\t\t\t<\/div>\n\t\t\t\t\t<\/div>\n\t\t<\/div>\n\t\t\t\t\t\t\t\t<\/div>\n\t\t\t\t\t<\/div>\n\t\t<\/section>\n\t\t\t\t\t\t<\/div>\n\t\t\t\t\t<\/div>\n\t\t<\/div>\n\t\t\t\t\t\t\t\t<\/div>\n\t\t\t\t\t<\/div>\n\t\t<\/section>\n\t\t\t\t\t\t\t\t\t<\/div>\n\t\t\t<\/div>\n\t\t\t\t\t<\/div>\n\t\t","protected":false},"excerpt":{"rendered":"<p>IV TROFEO MARMOTAS CESVA U-10\/U-12 &#8211; AUDI QUATTRO CUP IV TROFEO MARMOTAS29-30 de Marzo 2025 \u2013 Astun \u2013 U10\/U12 Hombres Y Mujeres.El Club Deportivo Cesva ,Federaci\u00f3n Vasca de Deportes de Invierno,Estaci\u00f3n Invernal de Ast\u00fan y Audi quatro cup tienen el placer de convocar el IV TROFEO MARMOTAS.Estas competiciones se celebrar\u00e1n en las especialidades de:\u2022 Slalom [&hellip;]<\/p>\n","protected":false},"author":3,"featured_media":7736,"comment_status":"closed","ping_status":"closed","sticky":false,"template":"elementor_header_footer","format":"standard","meta":[],"categories":[3],"tags":[],"_links":{"self":[{"href":"https:\/\/nkef.eus\/es_es\/index.php\/wp-json\/wp\/v2\/posts\/7735"}],"collection":[{"href":"https:\/\/nkef.eus\/es_es\/index.php\/wp-json\/wp\/v2\/posts"}],"about":[{"href":"https:\/\/nkef.eus\/es_es\/index.php\/wp-json\/wp\/v2\/types\/post"}],"author":[{"embeddable":true,"href":"https:\/\/nkef.eus\/es_es\/index.php\/wp-json\/wp\/v2\/users\/3"}],"replies":[{"embeddable":true,"href":"https:\/\/nkef.eus\/es_es\/index.php\/wp-json\/wp\/v2\/comments?post=7735"}],"version-history":[{"count":4,"href":"https:\/\/nkef.eus\/es_es\/index.php\/wp-json\/wp\/v2\/posts\/7735\/revisions"}],"predecessor-version":[{"id":7742,"href":"https:\/\/nkef.eus\/es_es\/index.php\/wp-json\/wp\/v2\/posts\/7735\/revisions\/7742"}],"wp:featuredmedia":[{"embeddable":true,"href":"https:\/\/nkef.eus\/es_es\/index.php\/wp-json\/wp\/v2\/media\/7736"}],"wp:attachment":[{"href":"https:\/\/nkef.eus\/es_es\/index.php\/wp-json\/wp\/v2\/media?parent=7735"}],"wp:term":[{"taxonomy":"category","embeddable":true,"href":"https:\/\/nkef.eus\/es_es\/index.php\/wp-json\/wp\/v2\/categories?post=7735"},{"taxonomy":"post_tag","embeddable":true,"href":"https:\/\/nkef.eus\/es_es\/index.php\/wp-json\/wp\/v2\/tags?post=7735"}],"curies":[{"name":"wp","href":"https:\/\/api.w.org\/{rel}","templated":true}]}}