{"id":7687,"date":"2025-03-14T09:22:36","date_gmt":"2025-03-14T09:22:36","guid":{"rendered":"https:\/\/nkef.eus\/?p=7687"},"modified":"2025-03-24T10:06:33","modified_gmt":"2025-03-24T10:06:33","slug":"campeonato-de-euskadi-esqui-alpino-sg","status":"publish","type":"post","link":"https:\/\/nkef.eus\/es_es\/index.php\/2025\/03\/14\/campeonato-de-euskadi-esqui-alpino-sg\/","title":{"rendered":"CAMPEONATO DE EUSKADI ESQUI ALPINO &#8211; SG"},"content":{"rendered":"\t\t<div data-elementor-type=\"wp-post\" data-elementor-id=\"7687\" class=\"elementor elementor-7687\">\n\t\t\t\t\t\t<div class=\"elementor-inner\">\n\t\t\t\t<div class=\"elementor-section-wrap\">\n\t\t\t\t\t\t\t\t\t<section class=\"elementor-section elementor-top-section elementor-element elementor-element-7891c7c4 elementor-section-content-middle elementor-section-boxed elementor-section-height-default elementor-section-height-default\" data-id=\"7891c7c4\" data-element_type=\"section\">\n\t\t\t\t\t\t<div class=\"elementor-container elementor-column-gap-no\">\n\t\t\t\t\t\t\t<div class=\"elementor-row\">\n\t\t\t\t\t<div class=\"elementor-column elementor-col-100 elementor-top-column elementor-element elementor-element-6e480410\" data-id=\"6e480410\" data-element_type=\"column\">\n\t\t\t<div class=\"elementor-column-wrap elementor-element-populated\">\n\t\t\t\t\t\t\t<div class=\"elementor-widget-wrap\">\n\t\t\t\t\t\t<div class=\"elementor-element elementor-element-457c7ecd elementor-widget elementor-widget-heading\" data-id=\"457c7ecd\" data-element_type=\"widget\" data-widget_type=\"heading.default\">\n\t\t\t\t<div class=\"elementor-widget-container\">\n\t\t\t<h4 class=\"elementor-heading-title elementor-size-default\">CAMPEONATO DE EUSKADI ESQUI ALPINO - SG<\/h4>\t\t<\/div>\n\t\t\t\t<\/div>\n\t\t\t\t<div class=\"elementor-element elementor-element-dbf437c elementor-widget elementor-widget-image\" data-id=\"dbf437c\" data-element_type=\"widget\" data-widget_type=\"image.default\">\n\t\t\t\t<div class=\"elementor-widget-container\">\n\t\t\t\t\t\t\t\t<div class=\"elementor-image\">\n\t\t\t\t\t\t\t\t\t\t\t\t<img width=\"580\" height=\"820\" src=\"https:\/\/nkef.eus\/wp-content\/uploads\/2025\/03\/CARTEL-724x1024.jpg\" class=\"attachment-large size-large\" alt=\"\" loading=\"lazy\" srcset=\"https:\/\/nkef.eus\/wp-content\/uploads\/2025\/03\/CARTEL-724x1024.jpg 724w, https:\/\/nkef.eus\/wp-content\/uploads\/2025\/03\/CARTEL-212x300.jpg 212w, https:\/\/nkef.eus\/wp-content\/uploads\/2025\/03\/CARTEL-768x1086.jpg 768w, https:\/\/nkef.eus\/wp-content\/uploads\/2025\/03\/CARTEL-1086x1536.jpg 1086w, https:\/\/nkef.eus\/wp-content\/uploads\/2025\/03\/CARTEL-8x12.jpg 8w, https:\/\/nkef.eus\/wp-content\/uploads\/2025\/03\/CARTEL-1200x1697.jpg 1200w, https:\/\/nkef.eus\/wp-content\/uploads\/2025\/03\/CARTEL.jpg 1414w\" sizes=\"(max-width: 580px) 100vw, 580px\" \/>\t\t\t\t\t\t\t\t\t\t\t\t\t\t<\/div>\n\t\t\t\t\t\t<\/div>\n\t\t\t\t<\/div>\n\t\t\t\t<div class=\"elementor-element elementor-element-407775b elementor-widget-divider--view-line elementor-widget elementor-widget-divider\" data-id=\"407775b\" data-element_type=\"widget\" data-widget_type=\"divider.default\">\n\t\t\t\t<div class=\"elementor-widget-container\">\n\t\t\t\t\t<div class=\"elementor-divider\">\n\t\t\t<span class=\"elementor-divider-separator\">\n\t\t\t\t\t\t<\/span>\n\t\t<\/div>\n\t\t\t\t<\/div>\n\t\t\t\t<\/div>\n\t\t\t\t<div class=\"elementor-element elementor-element-187a58ea elementor-widget elementor-widget-text-editor\" data-id=\"187a58ea\" data-element_type=\"widget\" data-widget_type=\"text-editor.default\">\n\t\t\t\t<div class=\"elementor-widget-container\">\n\t\t\t\t\t\t\t\t<div class=\"elementor-text-editor elementor-clearfix\">\n\t\t\t\t<p>La Federaci\u00f3n Vasca de Deportes de Invierno, tienen el placer de convocar el I TR0FE0 DE VELOCIDAD DE<br \/>EUSKADI U-14\/U-16 en Ast\u00fan dia 19 de marzo de 2025<br \/>Esta competicion se celebrar\u00e1 en la especialidad de SUPERGIGANTE<br \/>El Comit\u00e9 Organizador se regir\u00e1 por las normas de la Federaci\u00f3n Internacional de Esqu\u00ed (FIS) y de la<br \/>Real Federaci\u00f3n Espa\u00f1ola Deportes de Invierno (RFEDI) y de la Federaci\u00f3n Vasca de Deportes de<br \/>Invierno (NKEF)<\/p>\t\t\t\t\t<\/div>\n\t\t\t\t\t\t<\/div>\n\t\t\t\t<\/div>\n\t\t\t\t<div class=\"elementor-element elementor-element-c00dade elementor-widget-divider--view-line elementor-widget elementor-widget-divider\" data-id=\"c00dade\" data-element_type=\"widget\" data-widget_type=\"divider.default\">\n\t\t\t\t<div class=\"elementor-widget-container\">\n\t\t\t\t\t<div class=\"elementor-divider\">\n\t\t\t<span class=\"elementor-divider-separator\">\n\t\t\t\t\t\t<\/span>\n\t\t<\/div>\n\t\t\t\t<\/div>\n\t\t\t\t<\/div>\n\t\t\t\t<div class=\"elementor-element elementor-element-73e76b3 elementor-align-center elementor-widget elementor-widget-button\" data-id=\"73e76b3\" data-element_type=\"widget\" data-widget_type=\"button.default\">\n\t\t\t\t<div class=\"elementor-widget-container\">\n\t\t\t\t\t<div class=\"elementor-button-wrapper\">\n\t\t\t<a href=\"https:\/\/nkef.eus\/wp-content\/uploads\/2025\/03\/I-CAMPEONATO-DE-VELOCIDAD-DE-EUSKADI-SG.pdf\" class=\"elementor-button-link elementor-button elementor-size-sm\" role=\"button\">\n\t\t\t\t\t\t<span class=\"elementor-button-content-wrapper\">\n\t\t\t\t\t\t<span class=\"elementor-button-text\">NOTA INFORMATIVA<\/span>\n\t\t<\/span>\n\t\t\t\t\t<\/a>\n\t\t<\/div>\n\t\t\t\t<\/div>\n\t\t\t\t<\/div>\n\t\t\t\t<div class=\"elementor-element elementor-element-bd77995 elementor-widget-divider--view-line elementor-widget elementor-widget-divider\" data-id=\"bd77995\" data-element_type=\"widget\" data-widget_type=\"divider.default\">\n\t\t\t\t<div class=\"elementor-widget-container\">\n\t\t\t\t\t<div class=\"elementor-divider\">\n\t\t\t<span class=\"elementor-divider-separator\">\n\t\t\t\t\t\t<\/span>\n\t\t<\/div>\n\t\t\t\t<\/div>\n\t\t\t\t<\/div>\n\t\t\t\t<div class=\"elementor-element elementor-element-576cf29 elementor-align-center elementor-widget elementor-widget-button\" data-id=\"576cf29\" data-element_type=\"widget\" data-widget_type=\"button.default\">\n\t\t\t\t<div class=\"elementor-widget-container\">\n\t\t\t\t\t<div class=\"elementor-button-wrapper\">\n\t\t\t<a href=\"https:\/\/nkef.eus\/wp-content\/uploads\/2025\/03\/RESULTADOS-SG-CAMPEONATOS-DE-EUSKADI-DE-VELOCIDAD.pdf\" class=\"elementor-button-link elementor-button elementor-size-sm\" role=\"button\">\n\t\t\t\t\t\t<span class=\"elementor-button-content-wrapper\">\n\t\t\t\t\t\t<span class=\"elementor-button-text\">RESULTADOS<\/span>\n\t\t<\/span>\n\t\t\t\t\t<\/a>\n\t\t<\/div>\n\t\t\t\t<\/div>\n\t\t\t\t<\/div>\n\t\t\t\t\t\t<\/div>\n\t\t\t\t\t<\/div>\n\t\t<\/div>\n\t\t\t\t\t\t\t\t<\/div>\n\t\t\t\t\t<\/div>\n\t\t<\/section>\n\t\t\t\t\t\t\t\t\t<\/div>\n\t\t\t<\/div>\n\t\t\t\t\t<\/div>\n\t\t","protected":false},"excerpt":{"rendered":"<p>CAMPEONATO DE EUSKADI ESQUI ALPINO &#8211; SG La Federaci\u00f3n Vasca de Deportes de Invierno, tienen el placer de convocar el I TR0FE0 DE VELOCIDAD DEEUSKADI U-14\/U-16 en Ast\u00fan dia 19 de marzo de 2025Esta competicion se celebrar\u00e1 en la especialidad de SUPERGIGANTEEl Comit\u00e9 Organizador se regir\u00e1 por las normas de la Federaci\u00f3n Internacional de Esqu\u00ed [&hellip;]<\/p>\n","protected":false},"author":3,"featured_media":7688,"comment_status":"closed","ping_status":"closed","sticky":false,"template":"elementor_header_footer","format":"standard","meta":[],"categories":[3],"tags":[],"_links":{"self":[{"href":"https:\/\/nkef.eus\/es_es\/index.php\/wp-json\/wp\/v2\/posts\/7687"}],"collection":[{"href":"https:\/\/nkef.eus\/es_es\/index.php\/wp-json\/wp\/v2\/posts"}],"about":[{"href":"https:\/\/nkef.eus\/es_es\/index.php\/wp-json\/wp\/v2\/types\/post"}],"author":[{"embeddable":true,"href":"https:\/\/nkef.eus\/es_es\/index.php\/wp-json\/wp\/v2\/users\/3"}],"replies":[{"embeddable":true,"href":"https:\/\/nkef.eus\/es_es\/index.php\/wp-json\/wp\/v2\/comments?post=7687"}],"version-history":[{"count":16,"href":"https:\/\/nkef.eus\/es_es\/index.php\/wp-json\/wp\/v2\/posts\/7687\/revisions"}],"predecessor-version":[{"id":7734,"href":"https:\/\/nkef.eus\/es_es\/index.php\/wp-json\/wp\/v2\/posts\/7687\/revisions\/7734"}],"wp:featuredmedia":[{"embeddable":true,"href":"https:\/\/nkef.eus\/es_es\/index.php\/wp-json\/wp\/v2\/media\/7688"}],"wp:attachment":[{"href":"https:\/\/nkef.eus\/es_es\/index.php\/wp-json\/wp\/v2\/media?parent=7687"}],"wp:term":[{"taxonomy":"category","embeddable":true,"href":"https:\/\/nkef.eus\/es_es\/index.php\/wp-json\/wp\/v2\/categories?post=7687"},{"taxonomy":"post_tag","embeddable":true,"href":"https:\/\/nkef.eus\/es_es\/index.php\/wp-json\/wp\/v2\/tags?post=7687"}],"curies":[{"name":"wp","href":"https:\/\/api.w.org\/{rel}","templated":true}]}}