{"id":7680,"date":"2025-03-14T09:15:04","date_gmt":"2025-03-14T09:15:04","guid":{"rendered":"https:\/\/nkef.eus\/?p=7680"},"modified":"2025-03-14T09:18:12","modified_gmt":"2025-03-14T09:18:12","slug":"cesa-u16-14-fase-final-copa-espana","status":"publish","type":"post","link":"https:\/\/nkef.eus\/es_es\/index.php\/2025\/03\/14\/cesa-u16-14-fase-final-copa-espana\/","title":{"rendered":"CESA U16\/14 FASE FINAL COPA ESPA\u00d1A"},"content":{"rendered":"\t\t<div data-elementor-type=\"wp-post\" data-elementor-id=\"7680\" class=\"elementor elementor-7680\">\n\t\t\t\t\t\t<div class=\"elementor-inner\">\n\t\t\t\t<div class=\"elementor-section-wrap\">\n\t\t\t\t\t\t\t\t\t<section class=\"elementor-section elementor-top-section elementor-element elementor-element-4d63bf8f elementor-section-content-middle elementor-section-boxed elementor-section-height-default elementor-section-height-default\" data-id=\"4d63bf8f\" data-element_type=\"section\">\n\t\t\t\t\t\t<div class=\"elementor-container elementor-column-gap-no\">\n\t\t\t\t\t\t\t<div class=\"elementor-row\">\n\t\t\t\t\t<div class=\"elementor-column elementor-col-100 elementor-top-column elementor-element elementor-element-e35efda\" data-id=\"e35efda\" data-element_type=\"column\">\n\t\t\t<div class=\"elementor-column-wrap elementor-element-populated\">\n\t\t\t\t\t\t\t<div class=\"elementor-widget-wrap\">\n\t\t\t\t\t\t<div class=\"elementor-element elementor-element-5b84d99e elementor-widget elementor-widget-heading\" data-id=\"5b84d99e\" data-element_type=\"widget\" data-widget_type=\"heading.default\">\n\t\t\t\t<div class=\"elementor-widget-container\">\n\t\t\t<h4 class=\"elementor-heading-title elementor-size-default\">CESA U16\/14 FASE FINAL COPA ESPA\u00d1A<\/h4>\t\t<\/div>\n\t\t\t\t<\/div>\n\t\t\t\t<div class=\"elementor-element elementor-element-c54c620 elementor-widget elementor-widget-image\" data-id=\"c54c620\" data-element_type=\"widget\" data-widget_type=\"image.default\">\n\t\t\t\t<div class=\"elementor-widget-container\">\n\t\t\t\t\t\t\t\t<div class=\"elementor-image\">\n\t\t\t\t\t\t\t\t\t\t\t\t<img width=\"450\" height=\"578\" src=\"https:\/\/nkef.eus\/wp-content\/uploads\/2025\/03\/cesa.png\" class=\"attachment-large size-large\" alt=\"\" loading=\"lazy\" srcset=\"https:\/\/nkef.eus\/wp-content\/uploads\/2025\/03\/cesa.png 450w, https:\/\/nkef.eus\/wp-content\/uploads\/2025\/03\/cesa-234x300.png 234w, https:\/\/nkef.eus\/wp-content\/uploads\/2025\/03\/cesa-9x12.png 9w\" sizes=\"(max-width: 450px) 100vw, 450px\" \/>\t\t\t\t\t\t\t\t\t\t\t\t\t\t<\/div>\n\t\t\t\t\t\t<\/div>\n\t\t\t\t<\/div>\n\t\t\t\t<div class=\"elementor-element elementor-element-9cf4460 elementor-widget-divider--view-line elementor-widget elementor-widget-divider\" data-id=\"9cf4460\" data-element_type=\"widget\" data-widget_type=\"divider.default\">\n\t\t\t\t<div class=\"elementor-widget-container\">\n\t\t\t\t\t<div class=\"elementor-divider\">\n\t\t\t<span class=\"elementor-divider-separator\">\n\t\t\t\t\t\t<\/span>\n\t\t<\/div>\n\t\t\t\t<\/div>\n\t\t\t\t<\/div>\n\t\t\t\t<div class=\"elementor-element elementor-element-442fe87 elementor-widget elementor-widget-text-editor\" data-id=\"442fe87\" data-element_type=\"widget\" data-widget_type=\"text-editor.default\">\n\t\t\t\t<div class=\"elementor-widget-container\">\n\t\t\t\t\t\t\t\t<div class=\"elementor-text-editor elementor-clearfix\">\n\t\t\t\t<p>Los Campeonatos de Espa\u00f1a en Edad Escolar U16\/14 \u2013 Fase Final de la Copa Espa\u00f1a U16\/14 se celebrar\u00e1 en Astun, del 20 al 22 de Marzo 2025, siendo el jueves SG, el viernes un GS y un SL el s\u00e1bado, tanto en hombres como en mujeres de la categor\u00eda U16\/14.<\/p><p>Organizaci\u00f3n:<br \/>\u25cf<br \/>Real Federaci\u00f3n Espa\u00f1ola Deportes de Invierno (RFEDI)<br \/>\u25cf<br \/>Federaci\u00f3n Vasca Deportes de Invierno (NKEF)<br \/>\u25cf<br \/>Estaci\u00f3n de Esqu\u00ed de Astun<br \/>\u25cf<br \/>Ayuntamiento de Jaca<br \/>\u25cf<br \/>Gobierno Vasco<\/p>\t\t\t\t\t<\/div>\n\t\t\t\t\t\t<\/div>\n\t\t\t\t<\/div>\n\t\t\t\t<div class=\"elementor-element elementor-element-3b58cad elementor-widget-divider--view-line elementor-widget elementor-widget-divider\" data-id=\"3b58cad\" data-element_type=\"widget\" data-widget_type=\"divider.default\">\n\t\t\t\t<div class=\"elementor-widget-container\">\n\t\t\t\t\t<div class=\"elementor-divider\">\n\t\t\t<span class=\"elementor-divider-separator\">\n\t\t\t\t\t\t<\/span>\n\t\t<\/div>\n\t\t\t\t<\/div>\n\t\t\t\t<\/div>\n\t\t\t\t<div class=\"elementor-element elementor-element-08314d5 elementor-align-center elementor-widget elementor-widget-button\" data-id=\"08314d5\" data-element_type=\"widget\" data-widget_type=\"button.default\">\n\t\t\t\t<div class=\"elementor-widget-container\">\n\t\t\t\t\t<div class=\"elementor-button-wrapper\">\n\t\t\t<a href=\"https:\/\/nkef.eus\/wp-content\/uploads\/2025\/03\/NOTA-INFORMATIVA-CESA-FASE-FINAL-CE-2025.pdf\" class=\"elementor-button-link elementor-button elementor-size-sm\" role=\"button\">\n\t\t\t\t\t\t<span class=\"elementor-button-content-wrapper\">\n\t\t\t\t\t\t<span class=\"elementor-button-text\">NOTA INFORMATIVA<\/span>\n\t\t<\/span>\n\t\t\t\t\t<\/a>\n\t\t<\/div>\n\t\t\t\t<\/div>\n\t\t\t\t<\/div>\n\t\t\t\t\t\t<\/div>\n\t\t\t\t\t<\/div>\n\t\t<\/div>\n\t\t\t\t\t\t\t\t<\/div>\n\t\t\t\t\t<\/div>\n\t\t<\/section>\n\t\t\t\t\t\t\t\t\t<\/div>\n\t\t\t<\/div>\n\t\t\t\t\t<\/div>\n\t\t","protected":false},"excerpt":{"rendered":"<p>CESA U16\/14 FASE FINAL COPA ESPA\u00d1A Los Campeonatos de Espa\u00f1a en Edad Escolar U16\/14 \u2013 Fase Final de la Copa Espa\u00f1a U16\/14 se celebrar\u00e1 en Astun, del 20 al 22 de Marzo 2025, siendo el jueves SG, el viernes un GS y un SL el s\u00e1bado, tanto en hombres como en mujeres de la categor\u00eda [&hellip;]<\/p>\n","protected":false},"author":3,"featured_media":7681,"comment_status":"closed","ping_status":"closed","sticky":false,"template":"elementor_header_footer","format":"standard","meta":[],"categories":[3],"tags":[],"_links":{"self":[{"href":"https:\/\/nkef.eus\/es_es\/index.php\/wp-json\/wp\/v2\/posts\/7680"}],"collection":[{"href":"https:\/\/nkef.eus\/es_es\/index.php\/wp-json\/wp\/v2\/posts"}],"about":[{"href":"https:\/\/nkef.eus\/es_es\/index.php\/wp-json\/wp\/v2\/types\/post"}],"author":[{"embeddable":true,"href":"https:\/\/nkef.eus\/es_es\/index.php\/wp-json\/wp\/v2\/users\/3"}],"replies":[{"embeddable":true,"href":"https:\/\/nkef.eus\/es_es\/index.php\/wp-json\/wp\/v2\/comments?post=7680"}],"version-history":[{"count":4,"href":"https:\/\/nkef.eus\/es_es\/index.php\/wp-json\/wp\/v2\/posts\/7680\/revisions"}],"predecessor-version":[{"id":7686,"href":"https:\/\/nkef.eus\/es_es\/index.php\/wp-json\/wp\/v2\/posts\/7680\/revisions\/7686"}],"wp:featuredmedia":[{"embeddable":true,"href":"https:\/\/nkef.eus\/es_es\/index.php\/wp-json\/wp\/v2\/media\/7681"}],"wp:attachment":[{"href":"https:\/\/nkef.eus\/es_es\/index.php\/wp-json\/wp\/v2\/media?parent=7680"}],"wp:term":[{"taxonomy":"category","embeddable":true,"href":"https:\/\/nkef.eus\/es_es\/index.php\/wp-json\/wp\/v2\/categories?post=7680"},{"taxonomy":"post_tag","embeddable":true,"href":"https:\/\/nkef.eus\/es_es\/index.php\/wp-json\/wp\/v2\/tags?post=7680"}],"curies":[{"name":"wp","href":"https:\/\/api.w.org\/{rel}","templated":true}]}}