{"id":7129,"date":"2024-03-11T12:27:30","date_gmt":"2024-03-11T12:27:30","guid":{"rendered":"https:\/\/nkef.eus\/?p=7129"},"modified":"2024-03-11T12:29:47","modified_gmt":"2024-03-11T12:29:47","slug":"el-chh-txuri-urdin-campeon-de-la-liga-ibredrola-de-hockey-hielo-2023-24","status":"publish","type":"post","link":"https:\/\/nkef.eus\/es_es\/index.php\/2024\/03\/11\/el-chh-txuri-urdin-campeon-de-la-liga-ibredrola-de-hockey-hielo-2023-24\/","title":{"rendered":"EL CHH TXURI URDIN CAMPEON DE LA LIGA IBREDROLA DE HOCKEY HIELO 2023-24"},"content":{"rendered":"\t\t<div data-elementor-type=\"wp-post\" data-elementor-id=\"7129\" class=\"elementor elementor-7129\">\n\t\t\t\t\t\t<div class=\"elementor-inner\">\n\t\t\t\t<div class=\"elementor-section-wrap\">\n\t\t\t\t\t\t\t\t\t<section class=\"elementor-section elementor-top-section elementor-element elementor-element-2f0a720c elementor-section-content-middle elementor-section-boxed elementor-section-height-default elementor-section-height-default\" data-id=\"2f0a720c\" data-element_type=\"section\">\n\t\t\t\t\t\t<div class=\"elementor-container elementor-column-gap-no\">\n\t\t\t\t\t\t\t<div class=\"elementor-row\">\n\t\t\t\t\t<div class=\"elementor-column elementor-col-100 elementor-top-column elementor-element elementor-element-298b1004\" data-id=\"298b1004\" data-element_type=\"column\">\n\t\t\t<div class=\"elementor-column-wrap elementor-element-populated\">\n\t\t\t\t\t\t\t<div class=\"elementor-widget-wrap\">\n\t\t\t\t\t\t<div class=\"elementor-element elementor-element-3df16469 elementor-widget elementor-widget-heading\" data-id=\"3df16469\" data-element_type=\"widget\" data-widget_type=\"heading.default\">\n\t\t\t\t<div class=\"elementor-widget-container\">\n\t\t\t<h4 class=\"elementor-heading-title elementor-size-default\">EL CHH TXURI URDIN CAMPEON DE LA LIGA IBREDROLA DE HOCKEY HIELO 2023-24<\/h4>\t\t<\/div>\n\t\t\t\t<\/div>\n\t\t\t\t<div class=\"elementor-element elementor-element-595dea4 elementor-widget elementor-widget-image\" data-id=\"595dea4\" data-element_type=\"widget\" data-widget_type=\"image.default\">\n\t\t\t\t<div class=\"elementor-widget-container\">\n\t\t\t\t\t\t\t\t<div class=\"elementor-image\">\n\t\t\t\t\t\t\t\t\t\t\t\t<img width=\"580\" height=\"326\" src=\"https:\/\/nkef.eus\/wp-content\/uploads\/2024\/03\/Campeonas-TXURI-URDIN-1920x1080-1-1024x576.jpg\" class=\"attachment-large size-large\" alt=\"\" loading=\"lazy\" srcset=\"https:\/\/nkef.eus\/wp-content\/uploads\/2024\/03\/Campeonas-TXURI-URDIN-1920x1080-1-1024x576.jpg 1024w, https:\/\/nkef.eus\/wp-content\/uploads\/2024\/03\/Campeonas-TXURI-URDIN-1920x1080-1-300x169.jpg 300w, https:\/\/nkef.eus\/wp-content\/uploads\/2024\/03\/Campeonas-TXURI-URDIN-1920x1080-1-768x432.jpg 768w, https:\/\/nkef.eus\/wp-content\/uploads\/2024\/03\/Campeonas-TXURI-URDIN-1920x1080-1-1536x864.jpg 1536w, https:\/\/nkef.eus\/wp-content\/uploads\/2024\/03\/Campeonas-TXURI-URDIN-1920x1080-1-18x10.jpg 18w, https:\/\/nkef.eus\/wp-content\/uploads\/2024\/03\/Campeonas-TXURI-URDIN-1920x1080-1-1200x675.jpg 1200w, https:\/\/nkef.eus\/wp-content\/uploads\/2024\/03\/Campeonas-TXURI-URDIN-1920x1080-1.jpg 1920w\" sizes=\"(max-width: 580px) 100vw, 580px\" \/>\t\t\t\t\t\t\t\t\t\t\t\t\t\t<\/div>\n\t\t\t\t\t\t<\/div>\n\t\t\t\t<\/div>\n\t\t\t\t<div class=\"elementor-element elementor-element-4781b15c elementor-widget elementor-widget-text-editor\" data-id=\"4781b15c\" data-element_type=\"widget\" data-widget_type=\"text-editor.default\">\n\t\t\t\t<div class=\"elementor-widget-container\">\n\t\t\t\t\t\t\t\t<div class=\"elementor-text-editor elementor-clearfix\">\n\t\t\t\t<p>La Liga Iberdrola de Hockey Hielo 2023-24 ha llegado esta noche a su fin con el CHH Txuri Urdin como nuevo campe\u00f3n de la competici\u00f3n nacional. El equipo dirigido por Irene Senac se ha impuesto en la final al SH Majadahonda por la v\u00eda r\u00e1pida, ganando los primeros tres partidos de la serie para sumar su segundo trofeo en las \u00faltimas tres temporadas.<\/p><p>El conjunto vasco hizo valer el fin de semana pasado el factor pista, sacando los dos primeros puntos en San Sebasti\u00e1n aunque no sin sufrimiento: primero, victoria en los penaltis (3-2) y luego, nuevo triunfo aunque de nuevo ajustado (2-0). Esta noche, ya en pista majariega, el Txuri ha atado el t\u00edtulo en su primer <em>match ball<\/em> despu\u00e9s de imponerse a Majadahonda por 0-2.\u00a0<\/p><p>Ahora la atenci\u00f3n para el hockey hielo femenino pasa, a nivel nacional, por la Copa de SM la Reina, que disputar\u00e1 su Final Four en Logro\u00f1o entre el 23-24 de marzo; y a nivel internacional, en el pr\u00f3ximo Mundial Femenino de Canillo (Andorra), que se celebrar\u00e1 entre el 7-13 de abril con el objetivo del ascenso a Divisi\u00f3n I Grupo B.\u00a0<\/p>\t\t\t\t\t<\/div>\n\t\t\t\t\t\t<\/div>\n\t\t\t\t<\/div>\n\t\t\t\t<div class=\"elementor-element elementor-element-7eb187c elementor-widget-divider--view-line elementor-widget elementor-widget-divider\" data-id=\"7eb187c\" data-element_type=\"widget\" data-widget_type=\"divider.default\">\n\t\t\t\t<div class=\"elementor-widget-container\">\n\t\t\t\t\t<div class=\"elementor-divider\">\n\t\t\t<span class=\"elementor-divider-separator\">\n\t\t\t\t\t\t<\/span>\n\t\t<\/div>\n\t\t\t\t<\/div>\n\t\t\t\t<\/div>\n\t\t\t\t\t\t<\/div>\n\t\t\t\t\t<\/div>\n\t\t<\/div>\n\t\t\t\t\t\t\t\t<\/div>\n\t\t\t\t\t<\/div>\n\t\t<\/section>\n\t\t\t\t\t\t\t\t\t<\/div>\n\t\t\t<\/div>\n\t\t\t\t\t<\/div>\n\t\t","protected":false},"excerpt":{"rendered":"<p>EL CHH TXURI URDIN CAMPEON DE LA LIGA IBREDROLA DE HOCKEY HIELO 2023-24 La Liga Iberdrola de Hockey Hielo 2023-24 ha llegado esta noche a su fin con el CHH Txuri Urdin como nuevo campe\u00f3n de la competici\u00f3n nacional. El equipo dirigido por Irene Senac se ha impuesto en la final al SH Majadahonda por [&hellip;]<\/p>\n","protected":false},"author":3,"featured_media":7130,"comment_status":"closed","ping_status":"closed","sticky":false,"template":"elementor_header_footer","format":"standard","meta":[],"categories":[13],"tags":[],"_links":{"self":[{"href":"https:\/\/nkef.eus\/es_es\/index.php\/wp-json\/wp\/v2\/posts\/7129"}],"collection":[{"href":"https:\/\/nkef.eus\/es_es\/index.php\/wp-json\/wp\/v2\/posts"}],"about":[{"href":"https:\/\/nkef.eus\/es_es\/index.php\/wp-json\/wp\/v2\/types\/post"}],"author":[{"embeddable":true,"href":"https:\/\/nkef.eus\/es_es\/index.php\/wp-json\/wp\/v2\/users\/3"}],"replies":[{"embeddable":true,"href":"https:\/\/nkef.eus\/es_es\/index.php\/wp-json\/wp\/v2\/comments?post=7129"}],"version-history":[{"count":4,"href":"https:\/\/nkef.eus\/es_es\/index.php\/wp-json\/wp\/v2\/posts\/7129\/revisions"}],"predecessor-version":[{"id":7134,"href":"https:\/\/nkef.eus\/es_es\/index.php\/wp-json\/wp\/v2\/posts\/7129\/revisions\/7134"}],"wp:featuredmedia":[{"embeddable":true,"href":"https:\/\/nkef.eus\/es_es\/index.php\/wp-json\/wp\/v2\/media\/7130"}],"wp:attachment":[{"href":"https:\/\/nkef.eus\/es_es\/index.php\/wp-json\/wp\/v2\/media?parent=7129"}],"wp:term":[{"taxonomy":"category","embeddable":true,"href":"https:\/\/nkef.eus\/es_es\/index.php\/wp-json\/wp\/v2\/categories?post=7129"},{"taxonomy":"post_tag","embeddable":true,"href":"https:\/\/nkef.eus\/es_es\/index.php\/wp-json\/wp\/v2\/tags?post=7129"}],"curies":[{"name":"wp","href":"https:\/\/api.w.org\/{rel}","templated":true}]}}