{"id":706,"date":"2020-02-18T15:25:27","date_gmt":"2020-02-18T15:25:27","guid":{"rendered":"https:\/\/nkef.eus\/?p=706"},"modified":"2020-10-26T10:42:28","modified_gmt":"2020-10-26T10:42:28","slug":"1a-fase-campeonato-de-espana-de-curling-masculino-primera-division","status":"publish","type":"post","link":"https:\/\/nkef.eus\/es_es\/index.php\/2020\/02\/18\/1a-fase-campeonato-de-espana-de-curling-masculino-primera-division\/","title":{"rendered":"1\u00aa FASE CAMPEONATO DE ESPA\u00d1A DE CURLING MASCULINO PRIMERA DIVISION"},"content":{"rendered":"\t\t<div data-elementor-type=\"wp-post\" data-elementor-id=\"706\" class=\"elementor elementor-706\">\n\t\t\t\t\t\t<div class=\"elementor-inner\">\n\t\t\t\t<div class=\"elementor-section-wrap\">\n\t\t\t\t\t\t\t\t\t<section class=\"elementor-section elementor-top-section elementor-element elementor-element-690e3524 elementor-section-content-middle elementor-section-boxed elementor-section-height-default elementor-section-height-default\" data-id=\"690e3524\" data-element_type=\"section\">\n\t\t\t\t\t\t<div class=\"elementor-container elementor-column-gap-no\">\n\t\t\t\t\t\t\t<div class=\"elementor-row\">\n\t\t\t\t\t<div class=\"elementor-column elementor-col-100 elementor-top-column elementor-element elementor-element-22de988d\" data-id=\"22de988d\" data-element_type=\"column\">\n\t\t\t<div class=\"elementor-column-wrap elementor-element-populated\">\n\t\t\t\t\t\t\t<div class=\"elementor-widget-wrap\">\n\t\t\t\t\t\t<div class=\"elementor-element elementor-element-2d23208e elementor-widget elementor-widget-heading\" data-id=\"2d23208e\" data-element_type=\"widget\" data-widget_type=\"heading.default\">\n\t\t\t\t<div class=\"elementor-widget-container\">\n\t\t\t<h4 class=\"elementor-heading-title elementor-size-default\">1\u00aa FASE CAMPEONATO DE ESPA\u00d1A DE CURLING MASCULINO PRIMERA DIVISION<\/h4>\t\t<\/div>\n\t\t\t\t<\/div>\n\t\t\t\t<div class=\"elementor-element elementor-element-656299fa elementor-widget elementor-widget-text-editor\" data-id=\"656299fa\" data-element_type=\"widget\" data-widget_type=\"text-editor.default\">\n\t\t\t\t<div class=\"elementor-widget-container\">\n\t\t\t\t\t\t\t\t<div class=\"elementor-text-editor elementor-clearfix\">\n\t\t\t\t<p>JACA 21-22 Y 23 FEBRERO 2020<\/p><p>Del 21 al 23 de Febrero se disputar\u00e1 en Jaca la Primera fase del Campeonato de Espa\u00f1a de Curling masculino que contar\u00e1 con la participaci\u00f3n de los siguientes equipos pertenecientes a la Federaci\u00f3n Vasca de Deportes de Invierno.<\/p><p>1- Iparpolo ( Gontzal Garcia, Manuel Garcia, Luis Gomez, Vicor Mirete y Javier Munte).<\/p><p>2- Txuri Berri Caf\u00e9s Aitona (Eduardo de Paz,Nichola Shaw, Mikel Unanue, Alberto Vez y Sergio Vez).<\/p><p>3- Harrikada Oreka IT (Maximo Calvo, Iraitz Perez, Josu Perlacia,Borja Ruiz e I\u00f1igo Ruiz).<\/p><p>Suerte a todos\/as.<\/p>\t\t\t\t\t<\/div>\n\t\t\t\t\t\t<\/div>\n\t\t\t\t<\/div>\n\t\t\t\t\t\t<\/div>\n\t\t\t\t\t<\/div>\n\t\t<\/div>\n\t\t\t\t\t\t\t\t<\/div>\n\t\t\t\t\t<\/div>\n\t\t<\/section>\n\t\t\t\t\t\t\t\t\t<\/div>\n\t\t\t<\/div>\n\t\t\t\t\t<\/div>\n\t\t","protected":false},"excerpt":{"rendered":"<p>1\u00aa FASE CAMPEONATO DE ESPA\u00d1A DE CURLING MASCULINO PRIMERA DIVISION JACA 21-22 Y 23 FEBRERO 2020 Del 21 al 23 de Febrero se disputar\u00e1 en Jaca la Primera fase del Campeonato de Espa\u00f1a de Curling masculino que contar\u00e1 con la participaci\u00f3n de los siguientes equipos pertenecientes a la Federaci\u00f3n Vasca de Deportes de Invierno. 1- [&hellip;]<\/p>\n","protected":false},"author":2,"featured_media":709,"comment_status":"closed","ping_status":"closed","sticky":false,"template":"elementor_header_footer","format":"standard","meta":[],"categories":[8],"tags":[],"_links":{"self":[{"href":"https:\/\/nkef.eus\/es_es\/index.php\/wp-json\/wp\/v2\/posts\/706"}],"collection":[{"href":"https:\/\/nkef.eus\/es_es\/index.php\/wp-json\/wp\/v2\/posts"}],"about":[{"href":"https:\/\/nkef.eus\/es_es\/index.php\/wp-json\/wp\/v2\/types\/post"}],"author":[{"embeddable":true,"href":"https:\/\/nkef.eus\/es_es\/index.php\/wp-json\/wp\/v2\/users\/2"}],"replies":[{"embeddable":true,"href":"https:\/\/nkef.eus\/es_es\/index.php\/wp-json\/wp\/v2\/comments?post=706"}],"version-history":[{"count":4,"href":"https:\/\/nkef.eus\/es_es\/index.php\/wp-json\/wp\/v2\/posts\/706\/revisions"}],"predecessor-version":[{"id":1803,"href":"https:\/\/nkef.eus\/es_es\/index.php\/wp-json\/wp\/v2\/posts\/706\/revisions\/1803"}],"wp:featuredmedia":[{"embeddable":true,"href":"https:\/\/nkef.eus\/es_es\/index.php\/wp-json\/wp\/v2\/media\/709"}],"wp:attachment":[{"href":"https:\/\/nkef.eus\/es_es\/index.php\/wp-json\/wp\/v2\/media?parent=706"}],"wp:term":[{"taxonomy":"category","embeddable":true,"href":"https:\/\/nkef.eus\/es_es\/index.php\/wp-json\/wp\/v2\/categories?post=706"},{"taxonomy":"post_tag","embeddable":true,"href":"https:\/\/nkef.eus\/es_es\/index.php\/wp-json\/wp\/v2\/tags?post=706"}],"curies":[{"name":"wp","href":"https:\/\/api.w.org\/{rel}","templated":true}]}}