{"id":694,"date":"2020-02-20T15:16:33","date_gmt":"2020-02-20T15:16:33","guid":{"rendered":"https:\/\/nkef.eus\/?p=694"},"modified":"2020-10-26T10:40:14","modified_gmt":"2020-10-26T10:40:14","slug":"copa-de-espana-audi-u16-14-alpino","status":"publish","type":"post","link":"https:\/\/nkef.eus\/es_es\/index.php\/2020\/02\/20\/copa-de-espana-audi-u16-14-alpino\/","title":{"rendered":"COPA DE ESPA\u00d1A AUDI U16-14 ALPINO"},"content":{"rendered":"\t\t<div data-elementor-type=\"wp-post\" data-elementor-id=\"694\" class=\"elementor elementor-694\">\n\t\t\t\t\t\t<div class=\"elementor-inner\">\n\t\t\t\t<div class=\"elementor-section-wrap\">\n\t\t\t\t\t\t\t\t\t<section class=\"elementor-section elementor-top-section elementor-element elementor-element-26cf2e8e elementor-section-content-middle elementor-section-boxed elementor-section-height-default elementor-section-height-default\" data-id=\"26cf2e8e\" data-element_type=\"section\">\n\t\t\t\t\t\t<div class=\"elementor-container elementor-column-gap-no\">\n\t\t\t\t\t\t\t<div class=\"elementor-row\">\n\t\t\t\t\t<div class=\"elementor-column elementor-col-100 elementor-top-column elementor-element elementor-element-179cd54c\" data-id=\"179cd54c\" data-element_type=\"column\">\n\t\t\t<div class=\"elementor-column-wrap elementor-element-populated\">\n\t\t\t\t\t\t\t<div class=\"elementor-widget-wrap\">\n\t\t\t\t\t\t<div class=\"elementor-element elementor-element-686bc4b2 elementor-widget elementor-widget-heading\" data-id=\"686bc4b2\" data-element_type=\"widget\" data-widget_type=\"heading.default\">\n\t\t\t\t<div class=\"elementor-widget-container\">\n\t\t\t<h4 class=\"elementor-heading-title elementor-size-default\">COPA DE ESPA\u00d1A AUDI U16-14 ALPINO<\/h4>\t\t<\/div>\n\t\t\t\t<\/div>\n\t\t\t\t<div class=\"elementor-element elementor-element-183425a7 elementor-widget elementor-widget-text-editor\" data-id=\"183425a7\" data-element_type=\"widget\" data-widget_type=\"text-editor.default\">\n\t\t\t\t<div class=\"elementor-widget-container\">\n\t\t\t\t\t\t\t\t<div class=\"elementor-text-editor elementor-clearfix\">\n\t\t\t\t<p>SIERRA NEVADA 21-23 FEBRERO 2020<\/p><p>Del 21 al 23 Febrero, se disputa en Sierra Nevada la Segunda Fase de la Copa de Espa\u00f1a Audi, Alpino U14-16.<\/p><p>la Representaci\u00f3n en dicha prueba de integrantes de la Federaci\u00f3n Vasca de Deportes de Invierno ser\u00e1 la siguiente:<\/p><ul><li>Mireia Arimont Club Cesva<\/li><li>Maria Salinas Club Cesva<\/li><li>Carlota Navasa Club Cesva<\/li><li>Oinatz Borobia Club Cesva<\/li><li>Nahia Melara Club Amuitz.<\/li><\/ul>\t\t\t\t\t<\/div>\n\t\t\t\t\t\t<\/div>\n\t\t\t\t<\/div>\n\t\t\t\t\t\t<\/div>\n\t\t\t\t\t<\/div>\n\t\t<\/div>\n\t\t\t\t\t\t\t\t<\/div>\n\t\t\t\t\t<\/div>\n\t\t<\/section>\n\t\t\t\t\t\t\t\t\t<\/div>\n\t\t\t<\/div>\n\t\t\t\t\t<\/div>\n\t\t","protected":false},"excerpt":{"rendered":"<p>COPA DE ESPA\u00d1A AUDI U16-14 ALPINO SIERRA NEVADA 21-23 FEBRERO 2020 Del 21 al 23 Febrero, se disputa en Sierra Nevada la Segunda Fase de la Copa de Espa\u00f1a Audi, Alpino U14-16. la Representaci\u00f3n en dicha prueba de integrantes de la Federaci\u00f3n Vasca de Deportes de Invierno ser\u00e1 la siguiente: Mireia Arimont Club Cesva Maria [&hellip;]<\/p>\n","protected":false},"author":2,"featured_media":695,"comment_status":"closed","ping_status":"closed","sticky":false,"template":"elementor_header_footer","format":"standard","meta":[],"categories":[3],"tags":[],"_links":{"self":[{"href":"https:\/\/nkef.eus\/es_es\/index.php\/wp-json\/wp\/v2\/posts\/694"}],"collection":[{"href":"https:\/\/nkef.eus\/es_es\/index.php\/wp-json\/wp\/v2\/posts"}],"about":[{"href":"https:\/\/nkef.eus\/es_es\/index.php\/wp-json\/wp\/v2\/types\/post"}],"author":[{"embeddable":true,"href":"https:\/\/nkef.eus\/es_es\/index.php\/wp-json\/wp\/v2\/users\/2"}],"replies":[{"embeddable":true,"href":"https:\/\/nkef.eus\/es_es\/index.php\/wp-json\/wp\/v2\/comments?post=694"}],"version-history":[{"count":3,"href":"https:\/\/nkef.eus\/es_es\/index.php\/wp-json\/wp\/v2\/posts\/694\/revisions"}],"predecessor-version":[{"id":1800,"href":"https:\/\/nkef.eus\/es_es\/index.php\/wp-json\/wp\/v2\/posts\/694\/revisions\/1800"}],"wp:featuredmedia":[{"embeddable":true,"href":"https:\/\/nkef.eus\/es_es\/index.php\/wp-json\/wp\/v2\/media\/695"}],"wp:attachment":[{"href":"https:\/\/nkef.eus\/es_es\/index.php\/wp-json\/wp\/v2\/media?parent=694"}],"wp:term":[{"taxonomy":"category","embeddable":true,"href":"https:\/\/nkef.eus\/es_es\/index.php\/wp-json\/wp\/v2\/categories?post=694"},{"taxonomy":"post_tag","embeddable":true,"href":"https:\/\/nkef.eus\/es_es\/index.php\/wp-json\/wp\/v2\/tags?post=694"}],"curies":[{"name":"wp","href":"https:\/\/api.w.org\/{rel}","templated":true}]}}