{"id":684,"date":"2020-02-26T15:07:48","date_gmt":"2020-02-26T15:07:48","guid":{"rendered":"https:\/\/nkef.eus\/?p=684"},"modified":"2020-10-26T10:38:02","modified_gmt":"2020-10-26T10:38:02","slug":"campeonato-de-espana-curling-femenino-1a-fase","status":"publish","type":"post","link":"https:\/\/nkef.eus\/es_es\/index.php\/2020\/02\/26\/campeonato-de-espana-curling-femenino-1a-fase\/","title":{"rendered":"CAMPEONATO DE ESPA\u00d1A CURLING FEMENINO 1\u00aa FASE"},"content":{"rendered":"\t\t<div data-elementor-type=\"wp-post\" data-elementor-id=\"684\" class=\"elementor elementor-684\">\n\t\t\t\t\t\t<div class=\"elementor-inner\">\n\t\t\t\t<div class=\"elementor-section-wrap\">\n\t\t\t\t\t\t\t\t\t<section class=\"elementor-section elementor-top-section elementor-element elementor-element-2f7b274b elementor-section-content-middle elementor-section-boxed elementor-section-height-default elementor-section-height-default\" data-id=\"2f7b274b\" data-element_type=\"section\">\n\t\t\t\t\t\t<div class=\"elementor-container elementor-column-gap-no\">\n\t\t\t\t\t\t\t<div class=\"elementor-row\">\n\t\t\t\t\t<div class=\"elementor-column elementor-col-100 elementor-top-column elementor-element elementor-element-473b5ae5\" data-id=\"473b5ae5\" data-element_type=\"column\">\n\t\t\t<div class=\"elementor-column-wrap elementor-element-populated\">\n\t\t\t\t\t\t\t<div class=\"elementor-widget-wrap\">\n\t\t\t\t\t\t<div class=\"elementor-element elementor-element-6c766d12 elementor-widget elementor-widget-heading\" data-id=\"6c766d12\" data-element_type=\"widget\" data-widget_type=\"heading.default\">\n\t\t\t\t<div class=\"elementor-widget-container\">\n\t\t\t<h4 class=\"elementor-heading-title elementor-size-default\">CAMPEONATO DE ESPA\u00d1A CURLING FEMENINO 1\u00aa FASE<\/h4>\t\t<\/div>\n\t\t\t\t<\/div>\n\t\t\t\t<div class=\"elementor-element elementor-element-38c1a3f0 elementor-widget elementor-widget-text-editor\" data-id=\"38c1a3f0\" data-element_type=\"widget\" data-widget_type=\"text-editor.default\">\n\t\t\t\t<div class=\"elementor-widget-container\">\n\t\t\t\t\t\t\t\t<div class=\"elementor-text-editor elementor-clearfix\">\n\t\t\t\t<p>JACA 28-29 FEBRERO 1 MARZO<\/p><p>Si la semana pasada se disputaba en Jaca la primera fase del Campeonato de Espa\u00f1a de Curling Masculino 1\u00aa divisi\u00f3n, esta semana, del 28 de Febrero al 1 de Marzo se disputar\u00e1 la 1\u00aa Fase del Campeonato de Espa\u00f1a de Curling Femenino.<br \/><br \/>6 equipos disputaran el Campeonato siendo tres de ellos integrantes de la Federaci\u00f3n Vasca de Deportes de Invierno.<br \/><br \/>(Harrikada Vitogres &#8211; Txuri Berri Caf\u00e9s Aitona e Iparpolo).<br \/><br \/>Esta primera Fase se jugar\u00e1 en sistema de liguilla. Los 4 primeros Clasificados se clasificar\u00e1n para la Fase Final que tendr\u00e1 lugar los d\u00edas 6-7 y 8 de Marzo.<br \/><br \/>Mucha suerte a nuestros Equipos!!!!!!!!\u00a0\ud83e\udd4c\ud83e\udd4c\ud83e\udd4c\ud83e\udd4c<\/p>\t\t\t\t\t<\/div>\n\t\t\t\t\t\t<\/div>\n\t\t\t\t<\/div>\n\t\t\t\t\t\t<\/div>\n\t\t\t\t\t<\/div>\n\t\t<\/div>\n\t\t\t\t\t\t\t\t<\/div>\n\t\t\t\t\t<\/div>\n\t\t<\/section>\n\t\t\t\t\t\t\t\t\t<\/div>\n\t\t\t<\/div>\n\t\t\t\t\t<\/div>\n\t\t","protected":false},"excerpt":{"rendered":"<p>CAMPEONATO DE ESPA\u00d1A CURLING FEMENINO 1\u00aa FASE JACA 28-29 FEBRERO 1 MARZO Si la semana pasada se disputaba en Jaca la primera fase del Campeonato de Espa\u00f1a de Curling Masculino 1\u00aa divisi\u00f3n, esta semana, del 28 de Febrero al 1 de Marzo se disputar\u00e1 la 1\u00aa Fase del Campeonato de Espa\u00f1a de Curling Femenino. 6 [&hellip;]<\/p>\n","protected":false},"author":2,"featured_media":630,"comment_status":"closed","ping_status":"closed","sticky":false,"template":"elementor_header_footer","format":"standard","meta":[],"categories":[8],"tags":[],"_links":{"self":[{"href":"https:\/\/nkef.eus\/es_es\/index.php\/wp-json\/wp\/v2\/posts\/684"}],"collection":[{"href":"https:\/\/nkef.eus\/es_es\/index.php\/wp-json\/wp\/v2\/posts"}],"about":[{"href":"https:\/\/nkef.eus\/es_es\/index.php\/wp-json\/wp\/v2\/types\/post"}],"author":[{"embeddable":true,"href":"https:\/\/nkef.eus\/es_es\/index.php\/wp-json\/wp\/v2\/users\/2"}],"replies":[{"embeddable":true,"href":"https:\/\/nkef.eus\/es_es\/index.php\/wp-json\/wp\/v2\/comments?post=684"}],"version-history":[{"count":3,"href":"https:\/\/nkef.eus\/es_es\/index.php\/wp-json\/wp\/v2\/posts\/684\/revisions"}],"predecessor-version":[{"id":1797,"href":"https:\/\/nkef.eus\/es_es\/index.php\/wp-json\/wp\/v2\/posts\/684\/revisions\/1797"}],"wp:featuredmedia":[{"embeddable":true,"href":"https:\/\/nkef.eus\/es_es\/index.php\/wp-json\/wp\/v2\/media\/630"}],"wp:attachment":[{"href":"https:\/\/nkef.eus\/es_es\/index.php\/wp-json\/wp\/v2\/media?parent=684"}],"wp:term":[{"taxonomy":"category","embeddable":true,"href":"https:\/\/nkef.eus\/es_es\/index.php\/wp-json\/wp\/v2\/categories?post=684"},{"taxonomy":"post_tag","embeddable":true,"href":"https:\/\/nkef.eus\/es_es\/index.php\/wp-json\/wp\/v2\/tags?post=684"}],"curies":[{"name":"wp","href":"https:\/\/api.w.org\/{rel}","templated":true}]}}