{"id":6827,"date":"2023-10-23T07:52:51","date_gmt":"2023-10-23T07:52:51","guid":{"rendered":"https:\/\/nkef.eus\/?p=6827"},"modified":"2023-10-23T07:55:20","modified_gmt":"2023-10-23T07:55:20","slug":"espana-vuelve-a-un-podio-mundial-de-curling-subcampeones-del-mundo-del-mundial-mixto","status":"publish","type":"post","link":"https:\/\/nkef.eus\/es_es\/index.php\/2023\/10\/23\/espana-vuelve-a-un-podio-mundial-de-curling-subcampeones-del-mundo-del-mundial-mixto\/","title":{"rendered":"Espa\u00f1a vuelve a un podio mundial de curling: subcampeones del mundo del Mundial Mixto"},"content":{"rendered":"\t\t<div data-elementor-type=\"wp-post\" data-elementor-id=\"6827\" class=\"elementor elementor-6827\">\n\t\t\t\t\t\t<div class=\"elementor-inner\">\n\t\t\t\t<div class=\"elementor-section-wrap\">\n\t\t\t\t\t\t\t\t\t<section class=\"elementor-section elementor-top-section elementor-element elementor-element-5a3807b1 elementor-section-content-middle elementor-section-boxed elementor-section-height-default elementor-section-height-default\" data-id=\"5a3807b1\" data-element_type=\"section\">\n\t\t\t\t\t\t<div class=\"elementor-container elementor-column-gap-no\">\n\t\t\t\t\t\t\t<div class=\"elementor-row\">\n\t\t\t\t\t<div class=\"elementor-column elementor-col-100 elementor-top-column elementor-element elementor-element-4d6636e3\" data-id=\"4d6636e3\" data-element_type=\"column\">\n\t\t\t<div class=\"elementor-column-wrap elementor-element-populated\">\n\t\t\t\t\t\t\t<div class=\"elementor-widget-wrap\">\n\t\t\t\t\t\t<div class=\"elementor-element elementor-element-62343a4 elementor-widget elementor-widget-heading\" data-id=\"62343a4\" data-element_type=\"widget\" data-widget_type=\"heading.default\">\n\t\t\t\t<div class=\"elementor-widget-container\">\n\t\t\t<h4 class=\"elementor-heading-title elementor-size-default\">Espa\u00f1a vuelve a un podio mundial de curling: subcampeones del mundo del Mundial Mixto<\/h4>\t\t<\/div>\n\t\t\t\t<\/div>\n\t\t\t\t<div class=\"elementor-element elementor-element-e7fc9b7 elementor-widget elementor-widget-image\" data-id=\"e7fc9b7\" data-element_type=\"widget\" data-widget_type=\"image.default\">\n\t\t\t\t<div class=\"elementor-widget-container\">\n\t\t\t\t\t\t\t\t<div class=\"elementor-image\">\n\t\t\t\t\t\t\t\t\t\t\t\t<img width=\"580\" height=\"387\" src=\"https:\/\/nkef.eus\/wp-content\/uploads\/2023\/10\/WP9_0056-1024x683.jpg\" class=\"attachment-large size-large\" alt=\"\" loading=\"lazy\" srcset=\"https:\/\/nkef.eus\/wp-content\/uploads\/2023\/10\/WP9_0056-1024x683.jpg 1024w, https:\/\/nkef.eus\/wp-content\/uploads\/2023\/10\/WP9_0056-300x200.jpg 300w, https:\/\/nkef.eus\/wp-content\/uploads\/2023\/10\/WP9_0056-768x512.jpg 768w, https:\/\/nkef.eus\/wp-content\/uploads\/2023\/10\/WP9_0056-18x12.jpg 18w, https:\/\/nkef.eus\/wp-content\/uploads\/2023\/10\/WP9_0056-1200x800.jpg 1200w, https:\/\/nkef.eus\/wp-content\/uploads\/2023\/10\/WP9_0056.jpg 1500w\" sizes=\"(max-width: 580px) 100vw, 580px\" \/>\t\t\t\t\t\t\t\t\t\t\t\t\t\t<\/div>\n\t\t\t\t\t\t<\/div>\n\t\t\t\t<\/div>\n\t\t\t\t<div class=\"elementor-element elementor-element-99b0ac8 elementor-widget-divider--view-line elementor-widget elementor-widget-divider\" data-id=\"99b0ac8\" data-element_type=\"widget\" data-widget_type=\"divider.default\">\n\t\t\t\t<div class=\"elementor-widget-container\">\n\t\t\t\t\t<div class=\"elementor-divider\">\n\t\t\t<span class=\"elementor-divider-separator\">\n\t\t\t\t\t\t<\/span>\n\t\t<\/div>\n\t\t\t\t<\/div>\n\t\t\t\t<\/div>\n\t\t\t\t<div class=\"elementor-element elementor-element-9d1887e elementor-widget elementor-widget-text-editor\" data-id=\"9d1887e\" data-element_type=\"widget\" data-widget_type=\"text-editor.default\">\n\t\t\t\t<div class=\"elementor-widget-container\">\n\t\t\t\t\t\t\t\t<div class=\"elementor-text-editor elementor-clearfix\">\n\t\t\t\t<p>Cinco a\u00f1os despu\u00e9s, Espa\u00f1a vuelve a subirse a un podio internacional en curling. El equipo formado por Oihane Otaegi, Leire Otaegi, Mikel Unanue y Sergio Vez ha conquistado la medalla de plata en el Campeonato del Mundo Mixto 2023 celebrado en Aberdeen (Escocia), despu\u00e9s de completar un fant\u00e1stico torneo en el que solo han conocido la derrota en la final de hoy ante Suecia, un pa\u00eds referente del deporte, por 2-8.<\/p><p>El combinado nacional ha sido constante y firme en su juego, ya cerrando la fase previa con un meritorio pleno de 7\/7 victorias en el Grupo C y la primera plaza, que les daba la clasificaci\u00f3n directa a cuartos de final. En las eliminatorias, Espa\u00f1a ha sabido mantener su inercia positiva para imponerse primero a Jap\u00f3n (4-6) y luego a Noruega (3-4).<\/p><p>En la final ante Suecia, el conjunto n\u00f3rdico se ha llevado el oro con claridad, pero sin empa\u00f1ar la actuaci\u00f3n de un equipo espa\u00f1ol que ha vuelto a reivindicar su buen nivel y capacidad para competir entre los mejores una vez m\u00e1s.\u00a0<\/p>\t\t\t\t\t<\/div>\n\t\t\t\t\t\t<\/div>\n\t\t\t\t<\/div>\n\t\t\t\t<div class=\"elementor-element elementor-element-7731f05 elementor-arrows-position-inside elementor-pagination-position-outside elementor-widget elementor-widget-image-carousel\" data-id=\"7731f05\" data-element_type=\"widget\" data-settings=\"{&quot;navigation&quot;:&quot;both&quot;,&quot;autoplay&quot;:&quot;yes&quot;,&quot;pause_on_hover&quot;:&quot;yes&quot;,&quot;pause_on_interaction&quot;:&quot;yes&quot;,&quot;autoplay_speed&quot;:5000,&quot;infinite&quot;:&quot;yes&quot;,&quot;speed&quot;:500}\" data-widget_type=\"image-carousel.default\">\n\t\t\t\t<div class=\"elementor-widget-container\">\n\t\t\t\t\t<div class=\"elementor-image-carousel-wrapper swiper-container\" dir=\"ltr\">\n\t\t\t<div class=\"elementor-image-carousel swiper-wrapper\">\n\t\t\t\t\t\t\t\t<div class=\"swiper-slide\"><figure class=\"swiper-slide-inner\"><img class=\"swiper-slide-image\" src=\"https:\/\/nkef.eus\/wp-content\/uploads\/2023\/10\/WP9_8569-150x150.jpg\" alt=\"Spain celebrate\" \/><\/figure><\/div><div class=\"swiper-slide\"><figure class=\"swiper-slide-inner\"><img class=\"swiper-slide-image\" src=\"https:\/\/nkef.eus\/wp-content\/uploads\/2023\/10\/WP9_7859-150x150.jpg\" alt=\"Spain\" \/><\/figure><\/div><div class=\"swiper-slide\"><figure class=\"swiper-slide-inner\"><img class=\"swiper-slide-image\" src=\"https:\/\/nkef.eus\/wp-content\/uploads\/2023\/10\/WP9_7799-150x150.jpg\" alt=\"Spain\" \/><\/figure><\/div><div class=\"swiper-slide\"><figure class=\"swiper-slide-inner\"><img class=\"swiper-slide-image\" src=\"https:\/\/nkef.eus\/wp-content\/uploads\/2023\/10\/WP9_7674-150x150.jpg\" alt=\"Spain\" \/><\/figure><\/div><div class=\"swiper-slide\"><figure class=\"swiper-slide-inner\"><img class=\"swiper-slide-image\" src=\"https:\/\/nkef.eus\/wp-content\/uploads\/2023\/10\/WP9_0041-150x150.jpg\" alt=\"Spain 2nd\" \/><\/figure><\/div>\t\t\t<\/div>\n\t\t\t\t\t\t\t\t\t\t\t\t<div class=\"swiper-pagination\"><\/div>\n\t\t\t\t\t\t\t\t\t\t\t\t\t<div class=\"elementor-swiper-button elementor-swiper-button-prev\">\n\t\t\t\t\t\t<i aria-hidden=\"true\" class=\"eicon-chevron-left\"><\/i>\t\t\t\t\t\t<span class=\"elementor-screen-only\">Anterior<\/span>\n\t\t\t\t\t<\/div>\n\t\t\t\t\t<div class=\"elementor-swiper-button elementor-swiper-button-next\">\n\t\t\t\t\t\t<i aria-hidden=\"true\" class=\"eicon-chevron-right\"><\/i>\t\t\t\t\t\t<span class=\"elementor-screen-only\">Siguiente<\/span>\n\t\t\t\t\t<\/div>\n\t\t\t\t\t\t\t\t\t<\/div>\n\t\t\t\t<\/div>\n\t\t\t\t<\/div>\n\t\t\t\t\t\t<\/div>\n\t\t\t\t\t<\/div>\n\t\t<\/div>\n\t\t\t\t\t\t\t\t<\/div>\n\t\t\t\t\t<\/div>\n\t\t<\/section>\n\t\t\t\t\t\t\t\t\t<\/div>\n\t\t\t<\/div>\n\t\t\t\t\t<\/div>\n\t\t","protected":false},"excerpt":{"rendered":"<p>Espa\u00f1a vuelve a un podio mundial de curling: subcampeones del mundo del Mundial Mixto Cinco a\u00f1os despu\u00e9s, Espa\u00f1a vuelve a subirse a un podio internacional en curling. El equipo formado por Oihane Otaegi, Leire Otaegi, Mikel Unanue y Sergio Vez ha conquistado la medalla de plata en el Campeonato del Mundo Mixto 2023 celebrado en [&hellip;]<\/p>\n","protected":false},"author":3,"featured_media":6829,"comment_status":"closed","ping_status":"closed","sticky":false,"template":"elementor_header_footer","format":"standard","meta":[],"categories":[8],"tags":[],"_links":{"self":[{"href":"https:\/\/nkef.eus\/es_es\/index.php\/wp-json\/wp\/v2\/posts\/6827"}],"collection":[{"href":"https:\/\/nkef.eus\/es_es\/index.php\/wp-json\/wp\/v2\/posts"}],"about":[{"href":"https:\/\/nkef.eus\/es_es\/index.php\/wp-json\/wp\/v2\/types\/post"}],"author":[{"embeddable":true,"href":"https:\/\/nkef.eus\/es_es\/index.php\/wp-json\/wp\/v2\/users\/3"}],"replies":[{"embeddable":true,"href":"https:\/\/nkef.eus\/es_es\/index.php\/wp-json\/wp\/v2\/comments?post=6827"}],"version-history":[{"count":4,"href":"https:\/\/nkef.eus\/es_es\/index.php\/wp-json\/wp\/v2\/posts\/6827\/revisions"}],"predecessor-version":[{"id":6837,"href":"https:\/\/nkef.eus\/es_es\/index.php\/wp-json\/wp\/v2\/posts\/6827\/revisions\/6837"}],"wp:featuredmedia":[{"embeddable":true,"href":"https:\/\/nkef.eus\/es_es\/index.php\/wp-json\/wp\/v2\/media\/6829"}],"wp:attachment":[{"href":"https:\/\/nkef.eus\/es_es\/index.php\/wp-json\/wp\/v2\/media?parent=6827"}],"wp:term":[{"taxonomy":"category","embeddable":true,"href":"https:\/\/nkef.eus\/es_es\/index.php\/wp-json\/wp\/v2\/categories?post=6827"},{"taxonomy":"post_tag","embeddable":true,"href":"https:\/\/nkef.eus\/es_es\/index.php\/wp-json\/wp\/v2\/tags?post=6827"}],"curies":[{"name":"wp","href":"https:\/\/api.w.org\/{rel}","templated":true}]}}