{"id":669,"date":"2020-02-28T14:58:40","date_gmt":"2020-02-28T14:58:40","guid":{"rendered":"https:\/\/nkef.eus\/?p=669"},"modified":"2020-10-26T10:36:14","modified_gmt":"2020-10-26T10:36:14","slug":"campeonato-de-euskadi-asturias-y-navarra-de-esqui-alpino-u16-14","status":"publish","type":"post","link":"https:\/\/nkef.eus\/es_es\/index.php\/2020\/02\/28\/campeonato-de-euskadi-asturias-y-navarra-de-esqui-alpino-u16-14\/","title":{"rendered":"CAMPEONATO DE EUSKADI-ASTURIAS Y NAVARRA DE ESQUI ALPINO U16\/14"},"content":{"rendered":"\t\t<div data-elementor-type=\"wp-post\" data-elementor-id=\"669\" class=\"elementor elementor-669\">\n\t\t\t\t\t\t<div class=\"elementor-inner\">\n\t\t\t\t<div class=\"elementor-section-wrap\">\n\t\t\t\t\t\t\t\t\t<section class=\"elementor-section elementor-top-section elementor-element elementor-element-e71f336 elementor-section-content-middle elementor-section-boxed elementor-section-height-default elementor-section-height-default\" data-id=\"e71f336\" data-element_type=\"section\">\n\t\t\t\t\t\t<div class=\"elementor-container elementor-column-gap-no\">\n\t\t\t\t\t\t\t<div class=\"elementor-row\">\n\t\t\t\t\t<div class=\"elementor-column elementor-col-100 elementor-top-column elementor-element elementor-element-4db04b84\" data-id=\"4db04b84\" data-element_type=\"column\">\n\t\t\t<div class=\"elementor-column-wrap elementor-element-populated\">\n\t\t\t\t\t\t\t<div class=\"elementor-widget-wrap\">\n\t\t\t\t\t\t<div class=\"elementor-element elementor-element-76b16be8 elementor-widget elementor-widget-heading\" data-id=\"76b16be8\" data-element_type=\"widget\" data-widget_type=\"heading.default\">\n\t\t\t\t<div class=\"elementor-widget-container\">\n\t\t\t<h4 class=\"elementor-heading-title elementor-size-default\">CAMPEONATO DE EUSKADI-ASTURIAS Y NAVARRA DE ESQUI ALPINO U16\/14<\/h4>\t\t<\/div>\n\t\t\t\t<\/div>\n\t\t\t\t<div class=\"elementor-element elementor-element-18e4fe51 elementor-widget elementor-widget-text-editor\" data-id=\"18e4fe51\" data-element_type=\"widget\" data-widget_type=\"text-editor.default\">\n\t\t\t\t<div class=\"elementor-widget-container\">\n\t\t\t\t\t\t\t\t<div class=\"elementor-text-editor elementor-clearfix\">\n\t\t\t\t<p>ASTUN 7 Y 8 MARZO 2020<\/p><p>Las Federaci\u00f3nes Asturiana, Navarra y Vasca conjuntamente con el Club CESVA y la Estaci\u00f3n Invernal de Ast\u00fan tienen el placer de convocar los Campeonatos Asturianos, Navarros y Vascos a realizar en Ast\u00fan los d\u00edas 7-8 de Marzo 2020<br \/>Estas competiciones se celebrar\u00e1n en las especialidades de Slalom el s\u00e1bado 7 y Slalom Gigante el<br \/>domingo 8.<br \/>El Comit\u00e9 Organizador se regir\u00e1 por las normas de la Federaci\u00f3n Internacional de Esqu\u00ed (FIS) y de la Real Federaci\u00f3n Espa\u00f1ola Deportes de Invierno (RFEDI).<\/p>\t\t\t\t\t<\/div>\n\t\t\t\t\t\t<\/div>\n\t\t\t\t<\/div>\n\t\t\t\t<div class=\"elementor-element elementor-element-2e54cff6 elementor-icon-list--layout-traditional elementor-list-item-link-full_width elementor-widget elementor-widget-icon-list\" data-id=\"2e54cff6\" data-element_type=\"widget\" data-widget_type=\"icon-list.default\">\n\t\t\t\t<div class=\"elementor-widget-container\">\n\t\t\t\t\t<ul class=\"elementor-icon-list-items\">\n\t\t\t\t\t\t\t<li class=\"elementor-icon-list-item\">\n\t\t\t\t\t\t\t\t\t\t\t<a href=\"https:\/\/nkef.eus\/wp-content\/uploads\/2020\/06\/cto-Asturiano-vasco-y-navarro-alpino-u14-u16-19-20.pdf\" target=\"_blank\">\n\n\t\t\t\t\t\t\t\t\t\t\t\t<span class=\"elementor-icon-list-icon\">\n\t\t\t\t\t\t\t<i aria-hidden=\"true\" class=\"far fa-file-pdf\"><\/i>\t\t\t\t\t\t<\/span>\n\t\t\t\t\t\t\t\t\t\t<span class=\"elementor-icon-list-text\">REGLAMENTO<\/span>\n\t\t\t\t\t\t\t\t\t\t\t<\/a>\n\t\t\t\t\t\t\t\t\t<\/li>\n\t\t\t\t\t\t<\/ul>\n\t\t\t\t<\/div>\n\t\t\t\t<\/div>\n\t\t\t\t\t\t<\/div>\n\t\t\t\t\t<\/div>\n\t\t<\/div>\n\t\t\t\t\t\t\t\t<\/div>\n\t\t\t\t\t<\/div>\n\t\t<\/section>\n\t\t\t\t\t\t\t\t\t<\/div>\n\t\t\t<\/div>\n\t\t\t\t\t<\/div>\n\t\t","protected":false},"excerpt":{"rendered":"<p>CAMPEONATO DE EUSKADI-ASTURIAS Y NAVARRA DE ESQUI ALPINO U16\/14 ASTUN 7 Y 8 MARZO 2020 Las Federaci\u00f3nes Asturiana, Navarra y Vasca conjuntamente con el Club CESVA y la Estaci\u00f3n Invernal de Ast\u00fan tienen el placer de convocar los Campeonatos Asturianos, Navarros y Vascos a realizar en Ast\u00fan los d\u00edas 7-8 de Marzo 2020Estas competiciones se [&hellip;]<\/p>\n","protected":false},"author":2,"featured_media":0,"comment_status":"closed","ping_status":"closed","sticky":false,"template":"","format":"standard","meta":[],"categories":[3],"tags":[],"_links":{"self":[{"href":"https:\/\/nkef.eus\/es_es\/index.php\/wp-json\/wp\/v2\/posts\/669"}],"collection":[{"href":"https:\/\/nkef.eus\/es_es\/index.php\/wp-json\/wp\/v2\/posts"}],"about":[{"href":"https:\/\/nkef.eus\/es_es\/index.php\/wp-json\/wp\/v2\/types\/post"}],"author":[{"embeddable":true,"href":"https:\/\/nkef.eus\/es_es\/index.php\/wp-json\/wp\/v2\/users\/2"}],"replies":[{"embeddable":true,"href":"https:\/\/nkef.eus\/es_es\/index.php\/wp-json\/wp\/v2\/comments?post=669"}],"version-history":[{"count":3,"href":"https:\/\/nkef.eus\/es_es\/index.php\/wp-json\/wp\/v2\/posts\/669\/revisions"}],"predecessor-version":[{"id":1794,"href":"https:\/\/nkef.eus\/es_es\/index.php\/wp-json\/wp\/v2\/posts\/669\/revisions\/1794"}],"wp:attachment":[{"href":"https:\/\/nkef.eus\/es_es\/index.php\/wp-json\/wp\/v2\/media?parent=669"}],"wp:term":[{"taxonomy":"category","embeddable":true,"href":"https:\/\/nkef.eus\/es_es\/index.php\/wp-json\/wp\/v2\/categories?post=669"},{"taxonomy":"post_tag","embeddable":true,"href":"https:\/\/nkef.eus\/es_es\/index.php\/wp-json\/wp\/v2\/tags?post=669"}],"curies":[{"name":"wp","href":"https:\/\/api.w.org\/{rel}","templated":true}]}}