{"id":634,"date":"2020-06-02T13:35:50","date_gmt":"2020-06-02T13:35:50","guid":{"rendered":"https:\/\/nkef.eus\/?p=634"},"modified":"2020-10-26T10:23:13","modified_gmt":"2020-10-26T10:23:13","slug":"lucas-eguibar-se-exhibe-en-sierra-nevada","status":"publish","type":"post","link":"https:\/\/nkef.eus\/es_es\/index.php\/2020\/06\/02\/lucas-eguibar-se-exhibe-en-sierra-nevada\/","title":{"rendered":"LUCAS EGUIBAR SE EXHIBE EN SIERRA NEVADA"},"content":{"rendered":"\t\t<div data-elementor-type=\"wp-post\" data-elementor-id=\"634\" class=\"elementor elementor-634\">\n\t\t\t\t\t\t<div class=\"elementor-inner\">\n\t\t\t\t<div class=\"elementor-section-wrap\">\n\t\t\t\t\t\t\t\t\t<section class=\"elementor-section elementor-top-section elementor-element elementor-element-540102c elementor-section-content-middle elementor-section-boxed elementor-section-height-default elementor-section-height-default\" data-id=\"540102c\" data-element_type=\"section\">\n\t\t\t\t\t\t<div class=\"elementor-container elementor-column-gap-no\">\n\t\t\t\t\t\t\t<div class=\"elementor-row\">\n\t\t\t\t\t<div class=\"elementor-column elementor-col-100 elementor-top-column elementor-element elementor-element-4fd51104\" data-id=\"4fd51104\" data-element_type=\"column\">\n\t\t\t<div class=\"elementor-column-wrap elementor-element-populated\">\n\t\t\t\t\t\t\t<div class=\"elementor-widget-wrap\">\n\t\t\t\t\t\t<div class=\"elementor-element elementor-element-50be28d2 elementor-widget elementor-widget-heading\" data-id=\"50be28d2\" data-element_type=\"widget\" data-widget_type=\"heading.default\">\n\t\t\t\t<div class=\"elementor-widget-container\">\n\t\t\t<h4 class=\"elementor-heading-title elementor-size-default\">LUCAS EGUIBAR SE EXHIBE EN SIERRA NEVADA<\/h4>\t\t<\/div>\n\t\t\t\t<\/div>\n\t\t\t\t<div class=\"elementor-element elementor-element-762651c3 elementor-widget elementor-widget-text-editor\" data-id=\"762651c3\" data-element_type=\"widget\" data-widget_type=\"text-editor.default\">\n\t\t\t\t<div class=\"elementor-widget-container\">\n\t\t\t\t\t\t\t\t<div class=\"elementor-text-editor elementor-clearfix\">\n\t\t\t\t<p>CAMPE\u00d3N PRUEBA COPA DEL MUNDO SNOWBOARD SBX<\/p><p>El espa\u00f1ol Lucas Eguibar se exhibi\u00f3 este s\u00e1bado al anotarse con tremenda autoridad y ante su afici\u00f3n la prueba de la Copa del Mundo de Snowboard SBX,\u00a0disputada en la estaci\u00f3n andaluza de Sierra Nevada.<\/p><p>Eguibar, nacido hace 26 a\u00f1os en San Sebasti\u00e1n y ganador de la Copa del Mundo de 2014-15, firm\u00f3 este s\u00e1bado su cuarta victoria en esta competici\u00f3n, la primera en Espa\u00f1a y la primera que no logra en Veyssonaz (Suiza), donde festej\u00f3 sus \u00e9xitos previos en 2015, 2016 y 2019; y donde apuntar\u00e1 a un nuevo triunfo el pr\u00f3ximo fin de semana, en las finales del torneo.<\/p><p>El donostiarra, doble subcampe\u00f3n del mundo -individual y en la prueba por equipos, junto al ceut\u00ed de la andaluza Regino Hern\u00e1ndez- en los Mundiales de Sierra Nevada 2017, quer\u00eda elevar el rango del metal, tal y como hab\u00eda indicado a Efe en una entrevista previa a la prueba disputada a pies del majestuoso Pico Veleta (3.388 metros). Y cumpli\u00f3, ganando esta vez oro, en lugar de plata.<\/p><p>Lo hizo con total poder\u00edo, siendo el mejor en todas y cada unas de las series, despu\u00e9s de haber marcado el mejor tiempo en la clasificaci\u00f3n, suspendida por el fuerte viento el viernes; que se disput\u00f3 finalmente este s\u00e1bado antes de la prueba. En la que 32 hombres y 16 mujeres se midieron en eliminatorias de a cuatro en un circuito de 930 metros -con salida a 2.535 y desnivel de 145- y 27 m\u00f3dulos; en el que los cuatro mejores disputaron la Gran Final y los puestos del quinto al octavo se dirimieron en la final peque\u00f1a.<\/p><p>Hace dos semanas gan\u00f3 la prueba de la Copa de Europa de Grasgehren, en Alemania. Y a Sierra Nevada lleg\u00f3 hambriento de oro.<\/p><p>Eguibar no dej\u00f3 escapar su oportunidad y demostr\u00f3 que es uno de los grandes valores del deporte espa\u00f1ol. Pas\u00f3 primero de su serie en octavos.\u00a0Al igual que en octavos, Paul Berg secund\u00f3 a Lucas\u00a0en la serie de cuartos; y el alem\u00e1n cruz\u00f3 de nuevo por detr\u00e1s de \u00e9l la meta de la semifinal, antes de disputar la Gran Final. En la que Eguibar -campe\u00f3n mundial j\u00fanior en 2013 y Diploma ol\u00edmpico un a\u00f1o despu\u00e9s, en los Juegos de Sochi (Rusia), en los que fue s\u00e9ptimo- releg\u00f3 al segundo puesto al austriaco Alessandro H\u00e4mmerle, \u00faltimo ganador de la Copa del Mundo, y que este s\u00e1bado tom\u00f3 el liderato de la actual.<\/p><p>Berg se conform\u00f3 con el tercer puesto y otro austriaco, Jakob Dusek, fue cuarto. Al italiano Lorenzo Sommariva no le bast\u00f3 con ganar la final peque\u00f1a, por delante del siempre espectacular estadounidense Hagen Kearney, para retener el liderato del torneo.<\/p><p>Zorionak&#8230;&#8230;..<\/p>\t\t\t\t\t<\/div>\n\t\t\t\t\t\t<\/div>\n\t\t\t\t<\/div>\n\t\t\t\t<div class=\"elementor-element elementor-element-32743cb6 elementor-icon-list--layout-traditional elementor-list-item-link-full_width elementor-widget elementor-widget-icon-list\" data-id=\"32743cb6\" data-element_type=\"widget\" data-widget_type=\"icon-list.default\">\n\t\t\t\t<div class=\"elementor-widget-container\">\n\t\t\t\t\t<ul class=\"elementor-icon-list-items\">\n\t\t\t\t\t\t\t<li class=\"elementor-icon-list-item\">\n\t\t\t\t\t\t\t\t\t\t\t<span class=\"elementor-icon-list-icon\">\n\t\t\t\t\t\t\t<i aria-hidden=\"true\" class=\"far fa-file-pdf\"><\/i>\t\t\t\t\t\t<\/span>\n\t\t\t\t\t\t\t\t\t\t<span class=\"elementor-icon-list-text\">VIDEO SERIE FINAL<\/span>\n\t\t\t\t\t\t\t\t\t<\/li>\n\t\t\t\t\t\t\t\t<li class=\"elementor-icon-list-item\">\n\t\t\t\t\t\t\t\t\t\t\t<a href=\"https:\/\/nkef.eus\/wp-content\/uploads\/2020\/06\/video_lucas_eguibar_pos_carrera.mp4\" target=\"_blank\">\n\n\t\t\t\t\t\t\t\t\t\t\t\t<span class=\"elementor-icon-list-icon\">\n\t\t\t\t\t\t\t<i aria-hidden=\"true\" class=\"fas fa-file-video\"><\/i>\t\t\t\t\t\t<\/span>\n\t\t\t\t\t\t\t\t\t\t<span class=\"elementor-icon-list-text\">ENTREVISTA<\/span>\n\t\t\t\t\t\t\t\t\t\t\t<\/a>\n\t\t\t\t\t\t\t\t\t<\/li>\n\t\t\t\t\t\t<\/ul>\n\t\t\t\t<\/div>\n\t\t\t\t<\/div>\n\t\t\t\t\t\t<\/div>\n\t\t\t\t\t<\/div>\n\t\t<\/div>\n\t\t\t\t\t\t\t\t<\/div>\n\t\t\t\t\t<\/div>\n\t\t<\/section>\n\t\t\t\t\t\t\t\t\t<\/div>\n\t\t\t<\/div>\n\t\t\t\t\t<\/div>\n\t\t","protected":false},"excerpt":{"rendered":"<p>LUCAS EGUIBAR SE EXHIBE EN SIERRA NEVADA CAMPE\u00d3N PRUEBA COPA DEL MUNDO SNOWBOARD SBX El espa\u00f1ol Lucas Eguibar se exhibi\u00f3 este s\u00e1bado al anotarse con tremenda autoridad y ante su afici\u00f3n la prueba de la Copa del Mundo de Snowboard SBX,\u00a0disputada en la estaci\u00f3n andaluza de Sierra Nevada. Eguibar, nacido hace 26 a\u00f1os en San [&hellip;]<\/p>\n","protected":false},"author":2,"featured_media":635,"comment_status":"closed","ping_status":"closed","sticky":false,"template":"elementor_header_footer","format":"standard","meta":[],"categories":[19],"tags":[],"_links":{"self":[{"href":"https:\/\/nkef.eus\/es_es\/index.php\/wp-json\/wp\/v2\/posts\/634"}],"collection":[{"href":"https:\/\/nkef.eus\/es_es\/index.php\/wp-json\/wp\/v2\/posts"}],"about":[{"href":"https:\/\/nkef.eus\/es_es\/index.php\/wp-json\/wp\/v2\/types\/post"}],"author":[{"embeddable":true,"href":"https:\/\/nkef.eus\/es_es\/index.php\/wp-json\/wp\/v2\/users\/2"}],"replies":[{"embeddable":true,"href":"https:\/\/nkef.eus\/es_es\/index.php\/wp-json\/wp\/v2\/comments?post=634"}],"version-history":[{"count":4,"href":"https:\/\/nkef.eus\/es_es\/index.php\/wp-json\/wp\/v2\/posts\/634\/revisions"}],"predecessor-version":[{"id":1775,"href":"https:\/\/nkef.eus\/es_es\/index.php\/wp-json\/wp\/v2\/posts\/634\/revisions\/1775"}],"wp:featuredmedia":[{"embeddable":true,"href":"https:\/\/nkef.eus\/es_es\/index.php\/wp-json\/wp\/v2\/media\/635"}],"wp:attachment":[{"href":"https:\/\/nkef.eus\/es_es\/index.php\/wp-json\/wp\/v2\/media?parent=634"}],"wp:term":[{"taxonomy":"category","embeddable":true,"href":"https:\/\/nkef.eus\/es_es\/index.php\/wp-json\/wp\/v2\/categories?post=634"},{"taxonomy":"post_tag","embeddable":true,"href":"https:\/\/nkef.eus\/es_es\/index.php\/wp-json\/wp\/v2\/tags?post=634"}],"curies":[{"name":"wp","href":"https:\/\/api.w.org\/{rel}","templated":true}]}}