{"id":6317,"date":"2023-04-28T09:32:58","date_gmt":"2023-04-28T09:32:58","guid":{"rendered":"https:\/\/nkef.eus\/?p=6317"},"modified":"2023-04-28T09:36:44","modified_gmt":"2023-04-28T09:36:44","slug":"gran-resultado-para-oihane-otaegi-mikel-unanue-en-el-mundial-de-dobles-mixtos-2023","status":"publish","type":"post","link":"https:\/\/nkef.eus\/es_es\/index.php\/2023\/04\/28\/gran-resultado-para-oihane-otaegi-mikel-unanue-en-el-mundial-de-dobles-mixtos-2023\/","title":{"rendered":"Gran resultado para Oihane Otaegi &#038; Mikel Unanue en el Mundial de Dobles Mixtos 2023"},"content":{"rendered":"\t\t<div data-elementor-type=\"wp-post\" data-elementor-id=\"6317\" class=\"elementor elementor-6317\">\n\t\t\t\t\t\t<div class=\"elementor-inner\">\n\t\t\t\t<div class=\"elementor-section-wrap\">\n\t\t\t\t\t\t\t\t\t<section class=\"elementor-section elementor-top-section elementor-element elementor-element-22b72612 elementor-section-content-middle elementor-section-boxed elementor-section-height-default elementor-section-height-default\" data-id=\"22b72612\" data-element_type=\"section\">\n\t\t\t\t\t\t<div class=\"elementor-container elementor-column-gap-no\">\n\t\t\t\t\t\t\t<div class=\"elementor-row\">\n\t\t\t\t\t<div class=\"elementor-column elementor-col-100 elementor-top-column elementor-element elementor-element-3914a41f\" data-id=\"3914a41f\" data-element_type=\"column\">\n\t\t\t<div class=\"elementor-column-wrap elementor-element-populated\">\n\t\t\t\t\t\t\t<div class=\"elementor-widget-wrap\">\n\t\t\t\t\t\t<div class=\"elementor-element elementor-element-4cf03d45 elementor-widget elementor-widget-heading\" data-id=\"4cf03d45\" data-element_type=\"widget\" data-widget_type=\"heading.default\">\n\t\t\t\t<div class=\"elementor-widget-container\">\n\t\t\t<h4 class=\"elementor-heading-title elementor-size-default\">Gran resultado para Oihane Otaegi & Mikel Unanue en el Mundial de Dobles Mixtos 2023<\/h4>\t\t<\/div>\n\t\t\t\t<\/div>\n\t\t\t\t<div class=\"elementor-element elementor-element-574a5f8 elementor-widget elementor-widget-image\" data-id=\"574a5f8\" data-element_type=\"widget\" data-widget_type=\"image.default\">\n\t\t\t\t<div class=\"elementor-widget-container\">\n\t\t\t\t\t\t\t\t<div class=\"elementor-image\">\n\t\t\t\t\t\t\t\t\t\t\t\t<img width=\"580\" height=\"387\" src=\"https:\/\/nkef.eus\/wp-content\/uploads\/2023\/04\/1-01SF3358-1024x683.jpg\" class=\"attachment-large size-large\" alt=\"\" loading=\"lazy\" srcset=\"https:\/\/nkef.eus\/wp-content\/uploads\/2023\/04\/1-01SF3358-1024x683.jpg 1024w, https:\/\/nkef.eus\/wp-content\/uploads\/2023\/04\/1-01SF3358-300x200.jpg 300w, https:\/\/nkef.eus\/wp-content\/uploads\/2023\/04\/1-01SF3358-768x512.jpg 768w, https:\/\/nkef.eus\/wp-content\/uploads\/2023\/04\/1-01SF3358-1536x1025.jpg 1536w, https:\/\/nkef.eus\/wp-content\/uploads\/2023\/04\/1-01SF3358-2048x1366.jpg 2048w, https:\/\/nkef.eus\/wp-content\/uploads\/2023\/04\/1-01SF3358-18x12.jpg 18w, https:\/\/nkef.eus\/wp-content\/uploads\/2023\/04\/1-01SF3358-1200x800.jpg 1200w, https:\/\/nkef.eus\/wp-content\/uploads\/2023\/04\/1-01SF3358-1980x1321.jpg 1980w\" sizes=\"(max-width: 580px) 100vw, 580px\" \/>\t\t\t\t\t\t\t\t\t\t\t\t\t\t<\/div>\n\t\t\t\t\t\t<\/div>\n\t\t\t\t<\/div>\n\t\t\t\t<div class=\"elementor-element elementor-element-75cbd49 elementor-widget-divider--view-line elementor-widget elementor-widget-divider\" data-id=\"75cbd49\" data-element_type=\"widget\" data-widget_type=\"divider.default\">\n\t\t\t\t<div class=\"elementor-widget-container\">\n\t\t\t\t\t<div class=\"elementor-divider\">\n\t\t\t<span class=\"elementor-divider-separator\">\n\t\t\t\t\t\t<\/span>\n\t\t<\/div>\n\t\t\t\t<\/div>\n\t\t\t\t<\/div>\n\t\t\t\t<div class=\"elementor-element elementor-element-60ea5ad3 elementor-widget elementor-widget-text-editor\" data-id=\"60ea5ad3\" data-element_type=\"widget\" data-widget_type=\"text-editor.default\">\n\t\t\t\t<div class=\"elementor-widget-container\">\n\t\t\t\t\t\t\t\t<div class=\"elementor-text-editor elementor-clearfix\">\n\t\t\t\t<p>El Campeonato del Mundo de Dobles Mixtos 2023, celebrado en Gangneung (Corea del Sur), ha finalizado para el conjunto espa\u00f1ol formado por Oihane Otaegi &amp; Mikel Unanue (Txuri-Berri Curling) con sensaciones muy positivas. El d\u00fao vasco ha terminado s\u00e9ptimo del Grupo B con un balance de 4 victorias y 5 derrotas, asegurando la plaza para Espa\u00f1a en el pr\u00f3ximo Mundial 2024 y dejando muestras de todo su talento.<\/p><p>En su grupo, Oihane y Mikel han enfrentado a otras nueve selecciones, con victorias de m\u00e9rito como ante Estados Unidos (segundos del cuadro) y de mucho valor como ante Austria, Alemania o Inglaterra. Ante rivales como Noruega (6-7) o Suiza (7-8) la derrota lleg\u00f3 por la m\u00ednima, compitiendo al m\u00e1ximo en pr\u00e1cticamente cada duelo y dando muestra de su capacidad de lucha ante cualquier rival.<\/p><p>Esta s\u00e9ptima posici\u00f3n en un cuadro mundial supone la mejor posici\u00f3n en esta competici\u00f3n para la pareja del Txuri-Berri, bajo el formato de dos grupos de diez equipos actual que se instaur\u00f3 en 2021.<\/p><p>\u00a0<\/p>\t\t\t\t\t<\/div>\n\t\t\t\t\t\t<\/div>\n\t\t\t\t<\/div>\n\t\t\t\t\t\t<\/div>\n\t\t\t\t\t<\/div>\n\t\t<\/div>\n\t\t\t\t\t\t\t\t<\/div>\n\t\t\t\t\t<\/div>\n\t\t<\/section>\n\t\t\t\t\t\t\t\t\t<\/div>\n\t\t\t<\/div>\n\t\t\t\t\t<\/div>\n\t\t","protected":false},"excerpt":{"rendered":"<p>Gran resultado para Oihane Otaegi &#038; Mikel Unanue en el Mundial de Dobles Mixtos 2023 El Campeonato del Mundo de Dobles Mixtos 2023, celebrado en Gangneung (Corea del Sur), ha finalizado para el conjunto espa\u00f1ol formado por Oihane Otaegi &amp; Mikel Unanue (Txuri-Berri Curling) con sensaciones muy positivas. El d\u00fao vasco ha terminado s\u00e9ptimo del [&hellip;]<\/p>\n","protected":false},"author":3,"featured_media":6318,"comment_status":"closed","ping_status":"closed","sticky":false,"template":"elementor_header_footer","format":"standard","meta":[],"categories":[8],"tags":[],"_links":{"self":[{"href":"https:\/\/nkef.eus\/es_es\/index.php\/wp-json\/wp\/v2\/posts\/6317"}],"collection":[{"href":"https:\/\/nkef.eus\/es_es\/index.php\/wp-json\/wp\/v2\/posts"}],"about":[{"href":"https:\/\/nkef.eus\/es_es\/index.php\/wp-json\/wp\/v2\/types\/post"}],"author":[{"embeddable":true,"href":"https:\/\/nkef.eus\/es_es\/index.php\/wp-json\/wp\/v2\/users\/3"}],"replies":[{"embeddable":true,"href":"https:\/\/nkef.eus\/es_es\/index.php\/wp-json\/wp\/v2\/comments?post=6317"}],"version-history":[{"count":7,"href":"https:\/\/nkef.eus\/es_es\/index.php\/wp-json\/wp\/v2\/posts\/6317\/revisions"}],"predecessor-version":[{"id":6325,"href":"https:\/\/nkef.eus\/es_es\/index.php\/wp-json\/wp\/v2\/posts\/6317\/revisions\/6325"}],"wp:featuredmedia":[{"embeddable":true,"href":"https:\/\/nkef.eus\/es_es\/index.php\/wp-json\/wp\/v2\/media\/6318"}],"wp:attachment":[{"href":"https:\/\/nkef.eus\/es_es\/index.php\/wp-json\/wp\/v2\/media?parent=6317"}],"wp:term":[{"taxonomy":"category","embeddable":true,"href":"https:\/\/nkef.eus\/es_es\/index.php\/wp-json\/wp\/v2\/categories?post=6317"},{"taxonomy":"post_tag","embeddable":true,"href":"https:\/\/nkef.eus\/es_es\/index.php\/wp-json\/wp\/v2\/tags?post=6317"}],"curies":[{"name":"wp","href":"https:\/\/api.w.org\/{rel}","templated":true}]}}