{"id":6265,"date":"2023-03-23T12:09:53","date_gmt":"2023-03-23T12:09:53","guid":{"rendered":"https:\/\/nkef.eus\/?p=6265"},"modified":"2023-03-23T12:17:00","modified_gmt":"2023-03-23T12:17:00","slug":"alvaro-romero-y-naia-aramendia-campeones-de-espana-de-snowboard-cross","status":"publish","type":"post","link":"https:\/\/nkef.eus\/es_es\/index.php\/2023\/03\/23\/alvaro-romero-y-naia-aramendia-campeones-de-espana-de-snowboard-cross\/","title":{"rendered":"\u00c1lvaro Romero y Naia Aramendia, campeones de Espa\u00f1a de snowboard cross"},"content":{"rendered":"\t\t<div data-elementor-type=\"wp-post\" data-elementor-id=\"6265\" class=\"elementor elementor-6265\">\n\t\t\t\t\t\t<div class=\"elementor-inner\">\n\t\t\t\t<div class=\"elementor-section-wrap\">\n\t\t\t\t\t\t\t\t\t<section class=\"elementor-section elementor-top-section elementor-element elementor-element-77b62cb elementor-section-content-middle elementor-section-boxed elementor-section-height-default elementor-section-height-default\" data-id=\"77b62cb\" data-element_type=\"section\">\n\t\t\t\t\t\t<div class=\"elementor-container elementor-column-gap-no\">\n\t\t\t\t\t\t\t<div class=\"elementor-row\">\n\t\t\t\t\t<div class=\"elementor-column elementor-col-100 elementor-top-column elementor-element elementor-element-104c47e8\" data-id=\"104c47e8\" data-element_type=\"column\">\n\t\t\t<div class=\"elementor-column-wrap elementor-element-populated\">\n\t\t\t\t\t\t\t<div class=\"elementor-widget-wrap\">\n\t\t\t\t\t\t<div class=\"elementor-element elementor-element-7dd861aa elementor-widget elementor-widget-heading\" data-id=\"7dd861aa\" data-element_type=\"widget\" data-widget_type=\"heading.default\">\n\t\t\t\t<div class=\"elementor-widget-container\">\n\t\t\t<h4 class=\"elementor-heading-title elementor-size-default\">\u00c1lvaro Romero y Naia Aramendia, campeones de Espa\u00f1a de snowboard cross<\/h4>\t\t<\/div>\n\t\t\t\t<\/div>\n\t\t\t\t<div class=\"elementor-element elementor-element-77de532 elementor-widget elementor-widget-image\" data-id=\"77de532\" data-element_type=\"widget\" data-widget_type=\"image.default\">\n\t\t\t\t<div class=\"elementor-widget-container\">\n\t\t\t\t\t\t\t\t<div class=\"elementor-image\">\n\t\t\t\t\t\t\t\t\t\t\t\t<img width=\"580\" height=\"387\" src=\"https:\/\/nkef.eus\/wp-content\/uploads\/2023\/03\/1212.jpg\" class=\"attachment-large size-large\" alt=\"\" loading=\"lazy\" srcset=\"https:\/\/nkef.eus\/wp-content\/uploads\/2023\/03\/1212.jpg 750w, https:\/\/nkef.eus\/wp-content\/uploads\/2023\/03\/1212-300x200.jpg 300w, https:\/\/nkef.eus\/wp-content\/uploads\/2023\/03\/1212-18x12.jpg 18w\" sizes=\"(max-width: 580px) 100vw, 580px\" \/>\t\t\t\t\t\t\t\t\t\t\t\t\t\t<\/div>\n\t\t\t\t\t\t<\/div>\n\t\t\t\t<\/div>\n\t\t\t\t<div class=\"elementor-element elementor-element-3b3aaac elementor-widget elementor-widget-text-editor\" data-id=\"3b3aaac\" data-element_type=\"widget\" data-widget_type=\"text-editor.default\">\n\t\t\t\t<div class=\"elementor-widget-container\">\n\t\t\t\t\t\t\t\t<div class=\"elementor-text-editor elementor-clearfix\">\n\t\t\t\t<h6 style=\"text-align: center;\"><span style=\"color: #000000;\">El deportista donostiarra ha vencido en la fase final de la Copa de Espa\u00f1a Movistar de SBX en Sierra Nevada y demuestra que sigue de dulce tras su hist\u00f3rica segunda posici\u00f3n en la Copa del Mundo de Veysonnaz (Suiza)<\/span><\/h6>\t\t\t\t\t<\/div>\n\t\t\t\t\t\t<\/div>\n\t\t\t\t<\/div>\n\t\t\t\t<div class=\"elementor-element elementor-element-7d22096 elementor-widget-divider--view-line elementor-widget elementor-widget-divider\" data-id=\"7d22096\" data-element_type=\"widget\" data-widget_type=\"divider.default\">\n\t\t\t\t<div class=\"elementor-widget-container\">\n\t\t\t\t\t<div class=\"elementor-divider\">\n\t\t\t<span class=\"elementor-divider-separator\">\n\t\t\t\t\t\t<\/span>\n\t\t<\/div>\n\t\t\t\t<\/div>\n\t\t\t\t<\/div>\n\t\t\t\t<div class=\"elementor-element elementor-element-4110480e elementor-widget elementor-widget-text-editor\" data-id=\"4110480e\" data-element_type=\"widget\" data-widget_type=\"text-editor.default\">\n\t\t\t\t<div class=\"elementor-widget-container\">\n\t\t\t\t\t\t\t\t<div class=\"elementor-text-editor elementor-clearfix\">\n\t\t\t\t<p><strong>\u00a0Romero, que viene de hacer un a\u00f1o espectacular con un 2\u00ba puesto en la \u00faltima Copa del Mundo de Veysonnaz (SUI)<\/strong>\u00a0y un 13\u00ba puesto en los Mundiales de Bakuriani ha demostrado su condici\u00f3n de favorito y ha vencido en Sierra Nevada confirmando as\u00ed su gran momento de forma. Adem\u00e1s, el vasco de Spainsnow ha sido el m\u00e1s r\u00e1pido durante las rondas clasificatorias sacando +1.12 a Bernat Ribera y +1.76 a Toni Toledo. Con esta composici\u00f3n, los integrantes del Movistar SBX Team no se han empezado a cruzar hasta las semifinales, en el caso de Bernat y Toni pero ambos han accedido a la gran final donde han competido junto con \u00c1lvaro Romero y con Mario da Cruz (AND). En esta \u00faltima ronda,<strong>\u00a0los tres deportistas de Spainsnow han llegado juntos pero ha sido Romero el que se ha impuesto finalmente a Ribera y Toledo que han finalizado en 2\u00aa y 3\u00aa posici\u00f3n respectivamente. La 4\u00aa plaza ha reca\u00eddo en Da Cruz<\/strong><\/p>\t\t\t\t\t<\/div>\n\t\t\t\t\t\t<\/div>\n\t\t\t\t<\/div>\n\t\t\t\t<div class=\"elementor-element elementor-element-ccff0a8 elementor-widget-divider--view-line elementor-widget elementor-widget-divider\" data-id=\"ccff0a8\" data-element_type=\"widget\" data-widget_type=\"divider.default\">\n\t\t\t\t<div class=\"elementor-widget-container\">\n\t\t\t\t\t<div class=\"elementor-divider\">\n\t\t\t<span class=\"elementor-divider-separator\">\n\t\t\t\t\t\t<\/span>\n\t\t<\/div>\n\t\t\t\t<\/div>\n\t\t\t\t<\/div>\n\t\t\t\t<div class=\"elementor-element elementor-element-df23c2d elementor-widget elementor-widget-image\" data-id=\"df23c2d\" data-element_type=\"widget\" data-widget_type=\"image.default\">\n\t\t\t\t<div class=\"elementor-widget-container\">\n\t\t\t\t\t\t\t\t<div class=\"elementor-image\">\n\t\t\t\t\t\t\t\t\t\t\t\t<img width=\"580\" height=\"387\" src=\"https:\/\/nkef.eus\/wp-content\/uploads\/2023\/03\/230318-CE-Movistar-podium-femenino-1024x683.jpg\" class=\"attachment-large size-large\" alt=\"\" loading=\"lazy\" srcset=\"https:\/\/nkef.eus\/wp-content\/uploads\/2023\/03\/230318-CE-Movistar-podium-femenino-1024x683.jpg 1024w, https:\/\/nkef.eus\/wp-content\/uploads\/2023\/03\/230318-CE-Movistar-podium-femenino-300x200.jpg 300w, https:\/\/nkef.eus\/wp-content\/uploads\/2023\/03\/230318-CE-Movistar-podium-femenino-768x512.jpg 768w, https:\/\/nkef.eus\/wp-content\/uploads\/2023\/03\/230318-CE-Movistar-podium-femenino-18x12.jpg 18w, https:\/\/nkef.eus\/wp-content\/uploads\/2023\/03\/230318-CE-Movistar-podium-femenino.jpg 1200w\" sizes=\"(max-width: 580px) 100vw, 580px\" \/>\t\t\t\t\t\t\t\t\t\t\t\t\t\t<\/div>\n\t\t\t\t\t\t<\/div>\n\t\t\t\t<\/div>\n\t\t\t\t<div class=\"elementor-element elementor-element-6c9508f elementor-widget elementor-widget-text-editor\" data-id=\"6c9508f\" data-element_type=\"widget\" data-widget_type=\"text-editor.default\">\n\t\t\t\t<div class=\"elementor-widget-container\">\n\t\t\t\t\t\t\t\t<div class=\"elementor-text-editor elementor-clearfix\">\n\t\t\t\t<p>En lo referente<strong>\u00a0a mujeres,\u00a0<\/strong>la vencedora en la categor\u00eda FIS ha sido\u00a0<strong>Naia Aramendia (NKEF-DALTON) por delante de Candela Fuentes (FADI-RURAL) y de Ana Amor (NKEF-BRC). La francesa Victoria Castillo (FRA) complet\u00f3 la gran final.<\/strong>\u00a0<\/p>\t\t\t\t\t<\/div>\n\t\t\t\t\t\t<\/div>\n\t\t\t\t<\/div>\n\t\t\t\t\t\t<\/div>\n\t\t\t\t\t<\/div>\n\t\t<\/div>\n\t\t\t\t\t\t\t\t<\/div>\n\t\t\t\t\t<\/div>\n\t\t<\/section>\n\t\t\t\t\t\t\t\t\t<\/div>\n\t\t\t<\/div>\n\t\t\t\t\t<\/div>\n\t\t","protected":false},"excerpt":{"rendered":"<p>\u00c1lvaro Romero y Naia Aramendia, campeones de Espa\u00f1a de snowboard cross El deportista donostiarra ha vencido en la fase final de la Copa de Espa\u00f1a Movistar de SBX en Sierra Nevada y demuestra que sigue de dulce tras su hist\u00f3rica segunda posici\u00f3n en la Copa del Mundo de Veysonnaz (Suiza) \u00a0Romero, que viene de hacer [&hellip;]<\/p>\n","protected":false},"author":3,"featured_media":6266,"comment_status":"closed","ping_status":"closed","sticky":false,"template":"elementor_header_footer","format":"standard","meta":[],"categories":[19],"tags":[],"_links":{"self":[{"href":"https:\/\/nkef.eus\/es_es\/index.php\/wp-json\/wp\/v2\/posts\/6265"}],"collection":[{"href":"https:\/\/nkef.eus\/es_es\/index.php\/wp-json\/wp\/v2\/posts"}],"about":[{"href":"https:\/\/nkef.eus\/es_es\/index.php\/wp-json\/wp\/v2\/types\/post"}],"author":[{"embeddable":true,"href":"https:\/\/nkef.eus\/es_es\/index.php\/wp-json\/wp\/v2\/users\/3"}],"replies":[{"embeddable":true,"href":"https:\/\/nkef.eus\/es_es\/index.php\/wp-json\/wp\/v2\/comments?post=6265"}],"version-history":[{"count":4,"href":"https:\/\/nkef.eus\/es_es\/index.php\/wp-json\/wp\/v2\/posts\/6265\/revisions"}],"predecessor-version":[{"id":6271,"href":"https:\/\/nkef.eus\/es_es\/index.php\/wp-json\/wp\/v2\/posts\/6265\/revisions\/6271"}],"wp:featuredmedia":[{"embeddable":true,"href":"https:\/\/nkef.eus\/es_es\/index.php\/wp-json\/wp\/v2\/media\/6266"}],"wp:attachment":[{"href":"https:\/\/nkef.eus\/es_es\/index.php\/wp-json\/wp\/v2\/media?parent=6265"}],"wp:term":[{"taxonomy":"category","embeddable":true,"href":"https:\/\/nkef.eus\/es_es\/index.php\/wp-json\/wp\/v2\/categories?post=6265"},{"taxonomy":"post_tag","embeddable":true,"href":"https:\/\/nkef.eus\/es_es\/index.php\/wp-json\/wp\/v2\/tags?post=6265"}],"curies":[{"name":"wp","href":"https:\/\/api.w.org\/{rel}","templated":true}]}}