{"id":6186,"date":"2023-03-02T11:20:20","date_gmt":"2023-03-02T11:20:20","guid":{"rendered":"https:\/\/nkef.eus\/?p=6186"},"modified":"2023-03-02T11:20:59","modified_gmt":"2023-03-02T11:20:59","slug":"lucas-eguibar-cae-en-dieciseisavos-y-alvaro-romero-llega-a-cuartos-de-final-en-el-mundial-de-bakuriani","status":"publish","type":"post","link":"https:\/\/nkef.eus\/es_es\/index.php\/2023\/03\/02\/lucas-eguibar-cae-en-dieciseisavos-y-alvaro-romero-llega-a-cuartos-de-final-en-el-mundial-de-bakuriani\/","title":{"rendered":"Lucas Eguibar cae en dieciseisavos y \u00c1lvaro Romero llega a cuartos de final en el Mundial de Bakuriani"},"content":{"rendered":"\t\t<div data-elementor-type=\"wp-post\" data-elementor-id=\"6186\" class=\"elementor elementor-6186\">\n\t\t\t\t\t\t<div class=\"elementor-inner\">\n\t\t\t\t<div class=\"elementor-section-wrap\">\n\t\t\t\t\t\t\t\t\t<section class=\"elementor-section elementor-top-section elementor-element elementor-element-71031172 elementor-section-content-middle elementor-section-boxed elementor-section-height-default elementor-section-height-default\" data-id=\"71031172\" data-element_type=\"section\">\n\t\t\t\t\t\t<div class=\"elementor-container elementor-column-gap-no\">\n\t\t\t\t\t\t\t<div class=\"elementor-row\">\n\t\t\t\t\t<div class=\"elementor-column elementor-col-100 elementor-top-column elementor-element elementor-element-6b7a4ed7\" data-id=\"6b7a4ed7\" data-element_type=\"column\">\n\t\t\t<div class=\"elementor-column-wrap elementor-element-populated\">\n\t\t\t\t\t\t\t<div class=\"elementor-widget-wrap\">\n\t\t\t\t\t\t<div class=\"elementor-element elementor-element-2e855b1c elementor-widget elementor-widget-heading\" data-id=\"2e855b1c\" data-element_type=\"widget\" data-widget_type=\"heading.default\">\n\t\t\t\t<div class=\"elementor-widget-container\">\n\t\t\t<h4 class=\"elementor-heading-title elementor-size-default\">Lucas Eguibar cae en dieciseisavos y \u00c1lvaro Romero llega a cuartos de final en el Mundial de Bakuriani<\/h4>\t\t<\/div>\n\t\t\t\t<\/div>\n\t\t\t\t<div class=\"elementor-element elementor-element-0b6453b elementor-widget elementor-widget-image\" data-id=\"0b6453b\" data-element_type=\"widget\" data-widget_type=\"image.default\">\n\t\t\t\t<div class=\"elementor-widget-container\">\n\t\t\t\t\t\t\t\t<div class=\"elementor-image\">\n\t\t\t\t\t\t\t\t\t\t\t\t<img width=\"580\" height=\"326\" src=\"https:\/\/nkef.eus\/wp-content\/uploads\/2023\/03\/alvaro-1024x576.jpg\" class=\"attachment-large size-large\" alt=\"\" loading=\"lazy\" srcset=\"https:\/\/nkef.eus\/wp-content\/uploads\/2023\/03\/alvaro-1024x576.jpg 1024w, https:\/\/nkef.eus\/wp-content\/uploads\/2023\/03\/alvaro-300x169.jpg 300w, https:\/\/nkef.eus\/wp-content\/uploads\/2023\/03\/alvaro-768x432.jpg 768w, https:\/\/nkef.eus\/wp-content\/uploads\/2023\/03\/alvaro-18x10.jpg 18w, https:\/\/nkef.eus\/wp-content\/uploads\/2023\/03\/alvaro.jpg 1080w\" sizes=\"(max-width: 580px) 100vw, 580px\" \/>\t\t\t\t\t\t\t\t\t\t\t\t\t\t<\/div>\n\t\t\t\t\t\t<\/div>\n\t\t\t\t<\/div>\n\t\t\t\t<div class=\"elementor-element elementor-element-79d2cc4 elementor-widget elementor-widget-heading\" data-id=\"79d2cc4\" data-element_type=\"widget\" data-widget_type=\"heading.default\">\n\t\t\t\t<div class=\"elementor-widget-container\">\n\t\t\t<h2 class=\"elementor-heading-title elementor-size-default\">Toda la competici\u00f3n de snowboardcross ha tenido que adelantarse  por las condiciones meteorol\u00f3gicas.<\/h2>\t\t<\/div>\n\t\t\t\t<\/div>\n\t\t\t\t<div class=\"elementor-element elementor-element-d6ff2d4 elementor-widget-divider--view-line elementor-widget elementor-widget-divider\" data-id=\"d6ff2d4\" data-element_type=\"widget\" data-widget_type=\"divider.default\">\n\t\t\t\t<div class=\"elementor-widget-container\">\n\t\t\t\t\t<div class=\"elementor-divider\">\n\t\t\t<span class=\"elementor-divider-separator\">\n\t\t\t\t\t\t<\/span>\n\t\t<\/div>\n\t\t\t\t<\/div>\n\t\t\t\t<\/div>\n\t\t\t\t<div class=\"elementor-element elementor-element-0566941 elementor-aspect-ratio-169 elementor-widget elementor-widget-video\" data-id=\"0566941\" data-element_type=\"widget\" data-settings=\"{&quot;youtube_url&quot;:&quot;https:\\\/\\\/www.youtube.com\\\/watch?v=I-o7tNd9lHQ&quot;,&quot;video_type&quot;:&quot;youtube&quot;,&quot;controls&quot;:&quot;yes&quot;,&quot;aspect_ratio&quot;:&quot;169&quot;}\" data-widget_type=\"video.default\">\n\t\t\t\t<div class=\"elementor-widget-container\">\n\t\t\t\t\t<div class=\"elementor-wrapper elementor-fit-aspect-ratio elementor-open-inline\">\n\t\t\t<div class=\"elementor-video\"><\/div>\t\t<\/div>\n\t\t\t\t<\/div>\n\t\t\t\t<\/div>\n\t\t\t\t<div class=\"elementor-element elementor-element-209273e elementor-widget elementor-widget-text-editor\" data-id=\"209273e\" data-element_type=\"widget\" data-widget_type=\"text-editor.default\">\n\t\t\t\t<div class=\"elementor-widget-container\">\n\t\t\t\t\t\t\t\t<div class=\"elementor-text-editor elementor-clearfix\">\n\t\t\t\t<p style=\"text-align: center;\"><strong><span style=\"color: #000000;\">Declaraciones de Lucas Eguibar \/ Lucas Eguibarren adierazpenak\u00a0<\/span><\/strong><\/p>\t\t\t\t\t<\/div>\n\t\t\t\t\t\t<\/div>\n\t\t\t\t<\/div>\n\t\t\t\t<div class=\"elementor-element elementor-element-5ac1f0f elementor-aspect-ratio-169 elementor-widget elementor-widget-video\" data-id=\"5ac1f0f\" data-element_type=\"widget\" data-settings=\"{&quot;youtube_url&quot;:&quot;https:\\\/\\\/www.youtube.com\\\/watch?v=X3pck6Bql7M&quot;,&quot;video_type&quot;:&quot;youtube&quot;,&quot;controls&quot;:&quot;yes&quot;,&quot;aspect_ratio&quot;:&quot;169&quot;}\" data-widget_type=\"video.default\">\n\t\t\t\t<div class=\"elementor-widget-container\">\n\t\t\t\t\t<div class=\"elementor-wrapper elementor-fit-aspect-ratio elementor-open-inline\">\n\t\t\t<div class=\"elementor-video\"><\/div>\t\t<\/div>\n\t\t\t\t<\/div>\n\t\t\t\t<\/div>\n\t\t\t\t<div class=\"elementor-element elementor-element-d7a4730 elementor-widget elementor-widget-text-editor\" data-id=\"d7a4730\" data-element_type=\"widget\" data-widget_type=\"text-editor.default\">\n\t\t\t\t<div class=\"elementor-widget-container\">\n\t\t\t\t\t\t\t\t<div class=\"elementor-text-editor elementor-clearfix\">\n\t\t\t\t<p style=\"text-align: center;\"><strong><span style=\"color: #000000;\">Declaraciones de \u00c1lvaro Romero \/ Alvaro Romeroren adierazpenak <\/span><\/strong><\/p>\t\t\t\t\t<\/div>\n\t\t\t\t\t\t<\/div>\n\t\t\t\t<\/div>\n\t\t\t\t<div class=\"elementor-element elementor-element-0ae466b elementor-widget-divider--view-line elementor-widget elementor-widget-divider\" data-id=\"0ae466b\" data-element_type=\"widget\" data-widget_type=\"divider.default\">\n\t\t\t\t<div class=\"elementor-widget-container\">\n\t\t\t\t\t<div class=\"elementor-divider\">\n\t\t\t<span class=\"elementor-divider-separator\">\n\t\t\t\t\t\t<\/span>\n\t\t<\/div>\n\t\t\t\t<\/div>\n\t\t\t\t<\/div>\n\t\t\t\t<div class=\"elementor-element elementor-element-1f921890 elementor-widget elementor-widget-text-editor\" data-id=\"1f921890\" data-element_type=\"widget\" data-widget_type=\"text-editor.default\">\n\t\t\t\t<div class=\"elementor-widget-container\">\n\t\t\t\t\t\t\t\t<div class=\"elementor-text-editor elementor-clearfix\">\n\t\t\t\t<p><u>Bakuriani, 1 de marzo de 2023<\/u>.\u00a0 Nadie se esperaba el cambio de d\u00eda de una final que deb\u00eda disputarse el 3 de marzo. El adelanto ha pillado a contrapi\u00e9 a equipos, snowboarders y medios de comunicaci\u00f3n, pero la organizaci\u00f3n del Mundial de freeski y snowboard ha decidido asegurar y disputar hoy toda la parte correspondiente a snowboardcross, un hecho que no ha resultado demasiado fruct\u00edfero para Lucas Eguibar. El deportista de Basque Team Lucas Eguibar era uno de los favoritos, ya que defend\u00eda el t\u00edtulo de campe\u00f3n obtenido en 2021 en Idre F\u00e4jll (Suecia). Sin embargo, en los dieciseisavos de final ha ido demasiado r\u00e1pido y se ha salido en uno de los saltos. Compet\u00eda en la tercera manga con el checo Jacub Zerava y con el tambi\u00e9n deportista de Basque Team y de la NKEF, \u00c1lvaro Romero.<\/p><p>\u201cVinimos para defender el t\u00edtulo y ni siquiera he entrado entre los 32. Mucha rabia porque estaba andando muy bien, ven\u00eda muy r\u00e1pido y en el salto me he ca\u00eddo, he pasado muy largo. F\u00edsicamente he mejorado mucho aunque desde la ca\u00edda de Cervinia he ido un poco peor, pero no ha sido el motivo del desastre de hoy. De c\u00f3mo ven\u00eda a c\u00f3mo estoy, estoy muy contento y una pena que no he podido aprovecharlo\u201d ha declarado Lucas Eguibar al grupo de comunicaci\u00f3n de la Fundaci\u00f3n Basque Team desplazado hasta Bakuriani.<\/p><p>Ahora al donostiarra, que ha terminado 33\u00ba, le toca centrarse en las cuatro Copas del Mundo que quedan hasta finalizar la temporada: dos en Sierra Nevada, una en Veysonnaz (Suiza) y la \u00faltima en Mt. St. Anne (Canad\u00e1).<br \/>\u00a0<br \/>\u201cEn la Copa del Mundo llevamos cuatro carreras, dos he hecho muy buenas y en\u00a0 las otras dos me han tirado. Eso me da m\u00e1s rabia. Hoy he sido yo solo, ha sido mi error, ten\u00eda que haber frenado m\u00e1s\u201d ha confesado Eguibar.\u00a0<br \/><br \/><\/p><p>Por otra parte, \u00c1lvaro Romero ha sorprendido con un snowboard muy s\u00f3lido y mucho desparpajo, sobre todo a la hora de enfrentarse a los pesos pesados de la lista mundial.\u00a0 En octavos de final ha competido en la segunda manga, midiendo fuerzas de nuevo con Zerava, el alem\u00e1n Leon Beckhaus y el italiano Omar Visintin, que ha sido quien ha pasado con el a cuarts de final. Ya en cuartos, le ha tocado la primera bajada otra vez con Visintin, el alem\u00e1n Martin Noerl y el estadoudounidense Nick Baumgartner.<br \/>\u201cYo estoy contento con el resultado. En octavos he hecho una buena carrera en octavos, he conseguido ponerme segundo en la curva dos y aguantarlo hasta abajo y en cuartos iba muy bien y ha sido una ronda luchada. He estado luchando hasta l\u00ednea de meta con los mejores pero me he visto con un buen snowboard, motivado, as\u00ed que me voy muy contento\u201d ha comentado \u00c1lvaro al finlizar su competici\u00f3n.<br \/>Tras el buen papel realizado en Bakuriani, con un puesto 13, \u00c1lvaro tiene como objetivo seguir clasific\u00e1ndose para las finales en las Copas del Mundo que quedan, mejorando en ellas su snowboard, e ir al Mundial junior con el \u00e1nimo de llevarse la victoria<br \/><br \/><\/p><p>\u00a0<\/p>\t\t\t\t\t<\/div>\n\t\t\t\t\t\t<\/div>\n\t\t\t\t<\/div>\n\t\t\t\t\t\t<\/div>\n\t\t\t\t\t<\/div>\n\t\t<\/div>\n\t\t\t\t\t\t\t\t<\/div>\n\t\t\t\t\t<\/div>\n\t\t<\/section>\n\t\t\t\t\t\t\t\t\t<\/div>\n\t\t\t<\/div>\n\t\t\t\t\t<\/div>\n\t\t","protected":false},"excerpt":{"rendered":"<p>Lucas Eguibar cae en dieciseisavos y \u00c1lvaro Romero llega a cuartos de final en el Mundial de Bakuriani Toda la competici\u00f3n de snowboardcross ha tenido que adelantarse por las condiciones meteorol\u00f3gicas. https:\/\/www.youtube.com\/watch?v=I-o7tNd9lHQ Declaraciones de Lucas Eguibar \/ Lucas Eguibarren adierazpenak\u00a0 https:\/\/www.youtube.com\/watch?v=X3pck6Bql7M Declaraciones de \u00c1lvaro Romero \/ Alvaro Romeroren adierazpenak Bakuriani, 1 de marzo de 2023.\u00a0 [&hellip;]<\/p>\n","protected":false},"author":3,"featured_media":6187,"comment_status":"closed","ping_status":"closed","sticky":false,"template":"elementor_header_footer","format":"standard","meta":[],"categories":[19],"tags":[],"_links":{"self":[{"href":"https:\/\/nkef.eus\/es_es\/index.php\/wp-json\/wp\/v2\/posts\/6186"}],"collection":[{"href":"https:\/\/nkef.eus\/es_es\/index.php\/wp-json\/wp\/v2\/posts"}],"about":[{"href":"https:\/\/nkef.eus\/es_es\/index.php\/wp-json\/wp\/v2\/types\/post"}],"author":[{"embeddable":true,"href":"https:\/\/nkef.eus\/es_es\/index.php\/wp-json\/wp\/v2\/users\/3"}],"replies":[{"embeddable":true,"href":"https:\/\/nkef.eus\/es_es\/index.php\/wp-json\/wp\/v2\/comments?post=6186"}],"version-history":[{"count":4,"href":"https:\/\/nkef.eus\/es_es\/index.php\/wp-json\/wp\/v2\/posts\/6186\/revisions"}],"predecessor-version":[{"id":6191,"href":"https:\/\/nkef.eus\/es_es\/index.php\/wp-json\/wp\/v2\/posts\/6186\/revisions\/6191"}],"wp:featuredmedia":[{"embeddable":true,"href":"https:\/\/nkef.eus\/es_es\/index.php\/wp-json\/wp\/v2\/media\/6187"}],"wp:attachment":[{"href":"https:\/\/nkef.eus\/es_es\/index.php\/wp-json\/wp\/v2\/media?parent=6186"}],"wp:term":[{"taxonomy":"category","embeddable":true,"href":"https:\/\/nkef.eus\/es_es\/index.php\/wp-json\/wp\/v2\/categories?post=6186"},{"taxonomy":"post_tag","embeddable":true,"href":"https:\/\/nkef.eus\/es_es\/index.php\/wp-json\/wp\/v2\/tags?post=6186"}],"curies":[{"name":"wp","href":"https:\/\/api.w.org\/{rel}","templated":true}]}}