{"id":5930,"date":"2022-11-18T11:45:11","date_gmt":"2022-11-18T11:45:11","guid":{"rendered":"https:\/\/nkef.eus\/?p=5930"},"modified":"2022-11-18T11:57:18","modified_gmt":"2022-11-18T11:57:18","slug":"ii-formacion-de-tecnicos-en-patinaje-inclusivo","status":"publish","type":"post","link":"https:\/\/nkef.eus\/es_es\/index.php\/2022\/11\/18\/ii-formacion-de-tecnicos-en-patinaje-inclusivo\/","title":{"rendered":"II FORMACI\u00d3N DE T\u00c9CNICOS EN PATINAJE INCLUSIVO"},"content":{"rendered":"\t\t<div data-elementor-type=\"wp-post\" data-elementor-id=\"5930\" class=\"elementor elementor-5930\">\n\t\t\t\t\t\t<div class=\"elementor-inner\">\n\t\t\t\t<div class=\"elementor-section-wrap\">\n\t\t\t\t\t\t\t\t\t<section class=\"elementor-section elementor-top-section elementor-element elementor-element-58bc0b20 elementor-section-content-middle elementor-section-boxed elementor-section-height-default elementor-section-height-default\" data-id=\"58bc0b20\" data-element_type=\"section\">\n\t\t\t\t\t\t<div class=\"elementor-container elementor-column-gap-no\">\n\t\t\t\t\t\t\t<div class=\"elementor-row\">\n\t\t\t\t\t<div class=\"elementor-column elementor-col-100 elementor-top-column elementor-element elementor-element-80d24b2\" data-id=\"80d24b2\" data-element_type=\"column\">\n\t\t\t<div class=\"elementor-column-wrap elementor-element-populated\">\n\t\t\t\t\t\t\t<div class=\"elementor-widget-wrap\">\n\t\t\t\t\t\t<div class=\"elementor-element elementor-element-215137b8 elementor-widget elementor-widget-heading\" data-id=\"215137b8\" data-element_type=\"widget\" data-widget_type=\"heading.default\">\n\t\t\t\t<div class=\"elementor-widget-container\">\n\t\t\t<h4 class=\"elementor-heading-title elementor-size-default\">II FORMACI\u00d3N DE T\u00c9CNICOS EN PATINAJE INCLUSIVO<\/h4>\t\t<\/div>\n\t\t\t\t<\/div>\n\t\t\t\t<div class=\"elementor-element elementor-element-8bcaafd elementor-widget elementor-widget-image\" data-id=\"8bcaafd\" data-element_type=\"widget\" data-widget_type=\"image.default\">\n\t\t\t\t<div class=\"elementor-widget-container\">\n\t\t\t\t\t\t\t\t<div class=\"elementor-image\">\n\t\t\t\t\t\t\t\t\t\t\t\t<img width=\"580\" height=\"725\" src=\"https:\/\/nkef.eus\/wp-content\/uploads\/2022\/11\/fedhielo_16687711369881-819x1024.jpg\" class=\"attachment-large size-large\" alt=\"\" loading=\"lazy\" srcset=\"https:\/\/nkef.eus\/wp-content\/uploads\/2022\/11\/fedhielo_16687711369881-819x1024.jpg 819w, https:\/\/nkef.eus\/wp-content\/uploads\/2022\/11\/fedhielo_16687711369881-240x300.jpg 240w, https:\/\/nkef.eus\/wp-content\/uploads\/2022\/11\/fedhielo_16687711369881-768x960.jpg 768w, https:\/\/nkef.eus\/wp-content\/uploads\/2022\/11\/fedhielo_16687711369881-10x12.jpg 10w, https:\/\/nkef.eus\/wp-content\/uploads\/2022\/11\/fedhielo_16687711369881.jpg 1080w\" sizes=\"(max-width: 580px) 100vw, 580px\" \/>\t\t\t\t\t\t\t\t\t\t\t\t\t\t<\/div>\n\t\t\t\t\t\t<\/div>\n\t\t\t\t<\/div>\n\t\t\t\t<div class=\"elementor-element elementor-element-a868ecb elementor-widget-divider--view-line elementor-widget elementor-widget-divider\" data-id=\"a868ecb\" data-element_type=\"widget\" data-widget_type=\"divider.default\">\n\t\t\t\t<div class=\"elementor-widget-container\">\n\t\t\t\t\t<div class=\"elementor-divider\">\n\t\t\t<span class=\"elementor-divider-separator\">\n\t\t\t\t\t\t<\/span>\n\t\t<\/div>\n\t\t\t\t<\/div>\n\t\t\t\t<\/div>\n\t\t\t\t<div class=\"elementor-element elementor-element-2ab36dff elementor-widget elementor-widget-text-editor\" data-id=\"2ab36dff\" data-element_type=\"widget\" data-widget_type=\"text-editor.default\">\n\t\t\t\t<div class=\"elementor-widget-container\">\n\t\t\t\t\t\t\t\t<div class=\"elementor-text-editor elementor-clearfix\">\n\t\t\t\t<p>La Real Federaci\u00f3n Espa\u00f1ola de Deportes de Hielo conjuntamente con la Federaci\u00f3n Vasca de deportes de Invierno &#8211; NKEF, convoca la II Formaci\u00f3n de T\u00e9cnicos y<br \/>T\u00e9cnicas en Patinaje Sobre Hielo Inclusivo, que tendr\u00e1 lugar\u00a0 Vitoria los d\u00edas 3 y 4 de diciembre de 2022. El objetivo\u00a0es ampliar la formaci\u00f3n en el campo del deporte inclusivo para las personas vinculadas<br \/>con el Patinaje Art\u00edstico sobre Hielo. En el caso de cubrir todas las plazas, se priorizar\u00e1 a los<br \/>t\u00e9cnicos titulados de Patinaje Art\u00edstico sobre Hielo que est\u00e1n ejerciendo.<br \/>Si quedaran plazas disponibles, el curso tambi\u00e9n estar\u00e1 abierto a monitores y\/o futuros<br \/>t\u00e9cnicos y monitores.<\/p>\t\t\t\t\t<\/div>\n\t\t\t\t\t\t<\/div>\n\t\t\t\t<\/div>\n\t\t\t\t<div class=\"elementor-element elementor-element-f07ecd5 elementor-widget elementor-widget-button\" data-id=\"f07ecd5\" data-element_type=\"widget\" data-widget_type=\"button.default\">\n\t\t\t\t<div class=\"elementor-widget-container\">\n\t\t\t\t\t<div class=\"elementor-button-wrapper\">\n\t\t\t<a href=\"https:\/\/nkef.eus\/wp-content\/uploads\/2022\/11\/PDF.pdf\" class=\"elementor-button-link elementor-button elementor-size-sm\" role=\"button\">\n\t\t\t\t\t\t<span class=\"elementor-button-content-wrapper\">\n\t\t\t\t\t\t<span class=\"elementor-button-text\">INFORMACI\u00d3N<\/span>\n\t\t<\/span>\n\t\t\t\t\t<\/a>\n\t\t<\/div>\n\t\t\t\t<\/div>\n\t\t\t\t<\/div>\n\t\t\t\t\t\t<\/div>\n\t\t\t\t\t<\/div>\n\t\t<\/div>\n\t\t\t\t\t\t\t\t<\/div>\n\t\t\t\t\t<\/div>\n\t\t<\/section>\n\t\t\t\t\t\t\t\t\t<\/div>\n\t\t\t<\/div>\n\t\t\t\t\t<\/div>\n\t\t","protected":false},"excerpt":{"rendered":"<p>II FORMACI\u00d3N DE T\u00c9CNICOS EN PATINAJE INCLUSIVO La Real Federaci\u00f3n Espa\u00f1ola de Deportes de Hielo conjuntamente con la Federaci\u00f3n Vasca de deportes de Invierno &#8211; NKEF, convoca la II Formaci\u00f3n de T\u00e9cnicos yT\u00e9cnicas en Patinaje Sobre Hielo Inclusivo, que tendr\u00e1 lugar\u00a0 Vitoria los d\u00edas 3 y 4 de diciembre de 2022. El objetivo\u00a0es ampliar la [&hellip;]<\/p>\n","protected":false},"author":3,"featured_media":5929,"comment_status":"closed","ping_status":"closed","sticky":false,"template":"elementor_header_footer","format":"standard","meta":[],"categories":[16],"tags":[],"_links":{"self":[{"href":"https:\/\/nkef.eus\/es_es\/index.php\/wp-json\/wp\/v2\/posts\/5930"}],"collection":[{"href":"https:\/\/nkef.eus\/es_es\/index.php\/wp-json\/wp\/v2\/posts"}],"about":[{"href":"https:\/\/nkef.eus\/es_es\/index.php\/wp-json\/wp\/v2\/types\/post"}],"author":[{"embeddable":true,"href":"https:\/\/nkef.eus\/es_es\/index.php\/wp-json\/wp\/v2\/users\/3"}],"replies":[{"embeddable":true,"href":"https:\/\/nkef.eus\/es_es\/index.php\/wp-json\/wp\/v2\/comments?post=5930"}],"version-history":[{"count":4,"href":"https:\/\/nkef.eus\/es_es\/index.php\/wp-json\/wp\/v2\/posts\/5930\/revisions"}],"predecessor-version":[{"id":5935,"href":"https:\/\/nkef.eus\/es_es\/index.php\/wp-json\/wp\/v2\/posts\/5930\/revisions\/5935"}],"wp:featuredmedia":[{"embeddable":true,"href":"https:\/\/nkef.eus\/es_es\/index.php\/wp-json\/wp\/v2\/media\/5929"}],"wp:attachment":[{"href":"https:\/\/nkef.eus\/es_es\/index.php\/wp-json\/wp\/v2\/media?parent=5930"}],"wp:term":[{"taxonomy":"category","embeddable":true,"href":"https:\/\/nkef.eus\/es_es\/index.php\/wp-json\/wp\/v2\/categories?post=5930"},{"taxonomy":"post_tag","embeddable":true,"href":"https:\/\/nkef.eus\/es_es\/index.php\/wp-json\/wp\/v2\/tags?post=5930"}],"curies":[{"name":"wp","href":"https:\/\/api.w.org\/{rel}","templated":true}]}}