{"id":5779,"date":"2022-10-07T09:59:03","date_gmt":"2022-10-07T09:59:03","guid":{"rendered":"https:\/\/nkef.eus\/?p=5779"},"modified":"2022-10-07T10:04:39","modified_gmt":"2022-10-07T10:04:39","slug":"kultur-on-ice-patinaje-y-mas-arte-sobre-hielo-en-el-txuri-urdin-domingo-16","status":"publish","type":"post","link":"https:\/\/nkef.eus\/es_es\/index.php\/2022\/10\/07\/kultur-on-ice-patinaje-y-mas-arte-sobre-hielo-en-el-txuri-urdin-domingo-16\/","title":{"rendered":"Kultur on Ice: patinaje y m\u00e1s arte sobre hielo en el Txuri Urdin (domingo 16)"},"content":{"rendered":"\t\t<div data-elementor-type=\"wp-post\" data-elementor-id=\"5779\" class=\"elementor elementor-5779\">\n\t\t\t\t\t\t<div class=\"elementor-inner\">\n\t\t\t\t<div class=\"elementor-section-wrap\">\n\t\t\t\t\t\t\t\t\t<section class=\"elementor-section elementor-top-section elementor-element elementor-element-7d5a59e6 elementor-section-content-middle elementor-section-boxed elementor-section-height-default elementor-section-height-default\" data-id=\"7d5a59e6\" data-element_type=\"section\">\n\t\t\t\t\t\t<div class=\"elementor-container elementor-column-gap-no\">\n\t\t\t\t\t\t\t<div class=\"elementor-row\">\n\t\t\t\t\t<div class=\"elementor-column elementor-col-100 elementor-top-column elementor-element elementor-element-121acd3d\" data-id=\"121acd3d\" data-element_type=\"column\">\n\t\t\t<div class=\"elementor-column-wrap elementor-element-populated\">\n\t\t\t\t\t\t\t<div class=\"elementor-widget-wrap\">\n\t\t\t\t\t\t<div class=\"elementor-element elementor-element-13890a9d elementor-widget elementor-widget-heading\" data-id=\"13890a9d\" data-element_type=\"widget\" data-widget_type=\"heading.default\">\n\t\t\t\t<div class=\"elementor-widget-container\">\n\t\t\t<h4 class=\"elementor-heading-title elementor-size-default\">Kultur on Ice: patinaje y m\u00e1s arte sobre hielo en el Txuri Urdin (domingo 16)<\/h4>\t\t<\/div>\n\t\t\t\t<\/div>\n\t\t\t\t<div class=\"elementor-element elementor-element-9d08a08 elementor-widget elementor-widget-text-editor\" data-id=\"9d08a08\" data-element_type=\"widget\" data-widget_type=\"text-editor.default\">\n\t\t\t\t<div class=\"elementor-widget-container\">\n\t\t\t\t\t\t\t\t<div class=\"elementor-text-editor elementor-clearfix\">\n\t\t\t\t<h6 style=\"text-align: left;\">Habr\u00e1 dos sesiones del espect\u00e1culo, no solo con varios maestros de la especialidad a escala internacional, sino tambi\u00e9n con m\u00fasica, danza y \u00abmuchas sorpresas\u00bb<\/h6>\t\t\t\t\t<\/div>\n\t\t\t\t\t\t<\/div>\n\t\t\t\t<\/div>\n\t\t\t\t<div class=\"elementor-element elementor-element-38dcd8d elementor-widget elementor-widget-image\" data-id=\"38dcd8d\" data-element_type=\"widget\" data-widget_type=\"image.default\">\n\t\t\t\t<div class=\"elementor-widget-container\">\n\t\t\t\t\t\t\t\t<div class=\"elementor-image\">\n\t\t\t\t\t\t\t\t\t<figure class=\"wp-caption\">\n\t\t\t\t\t\t\t\t\t\t<img width=\"580\" height=\"459\" src=\"https:\/\/nkef.eus\/wp-content\/uploads\/2022\/10\/kultur-on-ice-1024x811.webp\" class=\"attachment-large size-large\" alt=\"\" loading=\"lazy\" srcset=\"https:\/\/nkef.eus\/wp-content\/uploads\/2022\/10\/kultur-on-ice-1024x811.webp 1024w, https:\/\/nkef.eus\/wp-content\/uploads\/2022\/10\/kultur-on-ice-300x238.webp 300w, https:\/\/nkef.eus\/wp-content\/uploads\/2022\/10\/kultur-on-ice-768x608.webp 768w, https:\/\/nkef.eus\/wp-content\/uploads\/2022\/10\/kultur-on-ice-15x12.webp 15w, https:\/\/nkef.eus\/wp-content\/uploads\/2022\/10\/kultur-on-ice.webp 1200w\" sizes=\"(max-width: 580px) 100vw, 580px\" \/>\t\t\t\t\t\t\t\t\t\t\t<figcaption class=\"widget-image-caption wp-caption-text\">Presentaci\u00f3n de la segunda edici\u00f3n del festival Kultur on Ice. Foto: Diputaci\u00f3n<\/figcaption>\n\t\t\t\t\t\t\t\t\t\t<\/figure>\n\t\t\t\t\t\t\t\t<\/div>\n\t\t\t\t\t\t<\/div>\n\t\t\t\t<\/div>\n\t\t\t\t<div class=\"elementor-element elementor-element-570bd3e elementor-widget-divider--view-line elementor-widget elementor-widget-divider\" data-id=\"570bd3e\" data-element_type=\"widget\" data-widget_type=\"divider.default\">\n\t\t\t\t<div class=\"elementor-widget-container\">\n\t\t\t\t\t<div class=\"elementor-divider\">\n\t\t\t<span class=\"elementor-divider-separator\">\n\t\t\t\t\t\t<\/span>\n\t\t<\/div>\n\t\t\t\t<\/div>\n\t\t\t\t<\/div>\n\t\t\t\t<div class=\"elementor-element elementor-element-168a6a5e elementor-widget elementor-widget-text-editor\" data-id=\"168a6a5e\" data-element_type=\"widget\" data-widget_type=\"text-editor.default\">\n\t\t\t\t<div class=\"elementor-widget-container\">\n\t\t\t\t\t\t\t\t<div class=\"elementor-text-editor elementor-clearfix\">\n\t\t\t\t<p>El Palacio de Hielo de Donostia, m\u00edtico Txuri Urdin, acoger\u00e1\u00a0<strong>el domingo 16 de octubre<\/strong>\u00a0la segunda edici\u00f3n del Festival Kultur on Ice. Participar\u00e1n en esta segunda edici\u00f3n\u00a0<strong>\u00ablos mejores patinadores sobre hielo del panorama nacional e internacional acompa\u00f1ados de m\u00fasica, danza y muchas sorpresas\u00bb<\/strong>, asegura en una nota la organizaci\u00f3n, el club Anoeta Izotz Taldea, que cuenta con el patrocinio de la Diputaci\u00f3n de Gipuzkoa.<\/p><p>Los impulsores califican de \u00abgran \u00e9xito de p\u00fablico y cr\u00edtica la anterior edici\u00f3n\u00bb, y esta ser\u00e1 \u00abtotalmente renovada\u00bb. Habr\u00e1 dos sesiones ese domingo 16, a las 16.00 y a las 19.00 horas. La directora foral de Deportes, Goizane Alvarez, cuenta que el objetivo de este a\u00f1o \u00abvuelve a ser doble. Por una parte,\u00a0<strong>conocer esta espectacular disciplina deportiva, y por otro lado dar a conocer a las entidades y asociaciones<\/strong>\u00a0tanto deportivas como culturales que hay en nuestro territorio\u00bb.<\/p><p>La organizaci\u00f3n ha trabajado \u00abpara tratar de mantener y elevar si cabe a\u00fan m\u00e1s el list\u00f3n de la edici\u00f3n pasada\u00bb. Se contar\u00e1 por supuesto con los patinadores del Club Anoeta Izotz, que este a\u00f1o han preparado nuevas coreograf\u00edas grupales dirigidas por la directora t\u00e9cnica y art\u00edstica Nerea V\u00e1zquez. Pero participar\u00e1n estrellas como la pareja de danza sobre hielo formada por S<strong>ara Hurtado y Kirill Jaliavin, medallistas ol\u00edmpicos en 2018, o la patinadora ol\u00edmpica espa\u00f1ola Sonia Lafuente<\/strong>. Y muchos m\u00e1s<\/p><p><strong>A nivel musical se contar\u00e1, \u00abentre otras sorpresas y colaboraciones\u00bb<\/strong>, con el d\u00fao musical Kleermoon, el coro Zaria -dirigido por Imanol Elizasu- o el violinista Alvar Tife. Pero adem\u00e1s desfilar\u00e1n por la pista de hielo la Compa\u00f1\u00eda de Fusileros y Gaiteros de la Asociaci\u00f3n 31 agosto, participar\u00e1n las academias de baile Klaap Dantza Eskola y Academia Maria Teresa Fagoaga y actuar\u00e1 el Club de Gimnasia Izar Leku, \u00abcon su conjunto senior de gimnastas. La dantza euskalduna estar\u00e1 representada por los bailes de Astigar Dantza. Y todo ello con el Txuri Urdin\u00a0<strong>\u00abengalanado adem\u00e1s un gran sistema de iluminaci\u00f3n y<\/strong><strong> sonido\u00bb<\/strong><\/p><p><img src=\"https:\/\/www.donostitik.com\/wp-content\/uploads\/2022\/03\/LogoHorizontal-transparente-350.png\" alt=\"Donostitik\" \/><\/p>\t\t\t\t\t<\/div>\n\t\t\t\t\t\t<\/div>\n\t\t\t\t<\/div>\n\t\t\t\t\t\t<\/div>\n\t\t\t\t\t<\/div>\n\t\t<\/div>\n\t\t\t\t\t\t\t\t<\/div>\n\t\t\t\t\t<\/div>\n\t\t<\/section>\n\t\t\t\t\t\t\t\t\t<\/div>\n\t\t\t<\/div>\n\t\t\t\t\t<\/div>\n\t\t","protected":false},"excerpt":{"rendered":"<p>Kultur on Ice: patinaje y m\u00e1s arte sobre hielo en el Txuri Urdin (domingo 16) Habr\u00e1 dos sesiones del espect\u00e1culo, no solo con varios maestros de la especialidad a escala internacional, sino tambi\u00e9n con m\u00fasica, danza y \u00abmuchas sorpresas\u00bb Presentaci\u00f3n de la segunda edici\u00f3n del festival Kultur on Ice. Foto: Diputaci\u00f3n El Palacio de Hielo [&hellip;]<\/p>\n","protected":false},"author":3,"featured_media":5781,"comment_status":"closed","ping_status":"closed","sticky":false,"template":"elementor_header_footer","format":"standard","meta":[],"categories":[16],"tags":[],"_links":{"self":[{"href":"https:\/\/nkef.eus\/es_es\/index.php\/wp-json\/wp\/v2\/posts\/5779"}],"collection":[{"href":"https:\/\/nkef.eus\/es_es\/index.php\/wp-json\/wp\/v2\/posts"}],"about":[{"href":"https:\/\/nkef.eus\/es_es\/index.php\/wp-json\/wp\/v2\/types\/post"}],"author":[{"embeddable":true,"href":"https:\/\/nkef.eus\/es_es\/index.php\/wp-json\/wp\/v2\/users\/3"}],"replies":[{"embeddable":true,"href":"https:\/\/nkef.eus\/es_es\/index.php\/wp-json\/wp\/v2\/comments?post=5779"}],"version-history":[{"count":7,"href":"https:\/\/nkef.eus\/es_es\/index.php\/wp-json\/wp\/v2\/posts\/5779\/revisions"}],"predecessor-version":[{"id":5788,"href":"https:\/\/nkef.eus\/es_es\/index.php\/wp-json\/wp\/v2\/posts\/5779\/revisions\/5788"}],"wp:featuredmedia":[{"embeddable":true,"href":"https:\/\/nkef.eus\/es_es\/index.php\/wp-json\/wp\/v2\/media\/5781"}],"wp:attachment":[{"href":"https:\/\/nkef.eus\/es_es\/index.php\/wp-json\/wp\/v2\/media?parent=5779"}],"wp:term":[{"taxonomy":"category","embeddable":true,"href":"https:\/\/nkef.eus\/es_es\/index.php\/wp-json\/wp\/v2\/categories?post=5779"},{"taxonomy":"post_tag","embeddable":true,"href":"https:\/\/nkef.eus\/es_es\/index.php\/wp-json\/wp\/v2\/tags?post=5779"}],"curies":[{"name":"wp","href":"https:\/\/api.w.org\/{rel}","templated":true}]}}