{"id":5752,"date":"2022-09-27T08:12:41","date_gmt":"2022-09-27T08:12:41","guid":{"rendered":"https:\/\/nkef.eus\/?p=5752"},"modified":"2022-09-27T08:15:50","modified_gmt":"2022-09-27T08:15:50","slug":"chh-txuri-urdin-campeon-de-la-euskal-kopa-u15","status":"publish","type":"post","link":"https:\/\/nkef.eus\/es_es\/index.php\/2022\/09\/27\/chh-txuri-urdin-campeon-de-la-euskal-kopa-u15\/","title":{"rendered":"CHH TXURI URDIN CAMPE\u00d3N DE LA EUSKAL KOPA U15"},"content":{"rendered":"\t\t<div data-elementor-type=\"wp-post\" data-elementor-id=\"5752\" class=\"elementor elementor-5752\">\n\t\t\t\t\t\t<div class=\"elementor-inner\">\n\t\t\t\t<div class=\"elementor-section-wrap\">\n\t\t\t\t\t\t\t\t\t<section class=\"elementor-section elementor-top-section elementor-element elementor-element-30aeda2a elementor-section-content-middle elementor-section-boxed elementor-section-height-default elementor-section-height-default\" data-id=\"30aeda2a\" data-element_type=\"section\">\n\t\t\t\t\t\t<div class=\"elementor-container elementor-column-gap-no\">\n\t\t\t\t\t\t\t<div class=\"elementor-row\">\n\t\t\t\t\t<div class=\"elementor-column elementor-col-100 elementor-top-column elementor-element elementor-element-82ef895\" data-id=\"82ef895\" data-element_type=\"column\">\n\t\t\t<div class=\"elementor-column-wrap elementor-element-populated\">\n\t\t\t\t\t\t\t<div class=\"elementor-widget-wrap\">\n\t\t\t\t\t\t<div class=\"elementor-element elementor-element-59a26d8d elementor-widget elementor-widget-heading\" data-id=\"59a26d8d\" data-element_type=\"widget\" data-widget_type=\"heading.default\">\n\t\t\t\t<div class=\"elementor-widget-container\">\n\t\t\t<h4 class=\"elementor-heading-title elementor-size-default\">CHH TXURI URDIN CAMPE\u00d3N DE LA EUSKAL KOPA U15<\/h4>\t\t<\/div>\n\t\t\t\t<\/div>\n\t\t\t\t<div class=\"elementor-element elementor-element-797ef52 elementor-widget elementor-widget-image\" data-id=\"797ef52\" data-element_type=\"widget\" data-widget_type=\"image.default\">\n\t\t\t\t<div class=\"elementor-widget-container\">\n\t\t\t\t\t\t\t\t<div class=\"elementor-image\">\n\t\t\t\t\t\t\t\t\t\t\t\t<img width=\"580\" height=\"580\" src=\"https:\/\/nkef.eus\/wp-content\/uploads\/2022\/09\/20220925_171529-1024x1024.jpg\" class=\"attachment-large size-large\" alt=\"\" loading=\"lazy\" srcset=\"https:\/\/nkef.eus\/wp-content\/uploads\/2022\/09\/20220925_171529-1024x1024.jpg 1024w, https:\/\/nkef.eus\/wp-content\/uploads\/2022\/09\/20220925_171529-300x300.jpg 300w, https:\/\/nkef.eus\/wp-content\/uploads\/2022\/09\/20220925_171529-150x150.jpg 150w, https:\/\/nkef.eus\/wp-content\/uploads\/2022\/09\/20220925_171529-768x768.jpg 768w, https:\/\/nkef.eus\/wp-content\/uploads\/2022\/09\/20220925_171529-1536x1536.jpg 1536w, https:\/\/nkef.eus\/wp-content\/uploads\/2022\/09\/20220925_171529-2048x2048.jpg 2048w, https:\/\/nkef.eus\/wp-content\/uploads\/2022\/09\/20220925_171529-12x12.jpg 12w, https:\/\/nkef.eus\/wp-content\/uploads\/2022\/09\/20220925_171529-1200x1200.jpg 1200w, https:\/\/nkef.eus\/wp-content\/uploads\/2022\/09\/20220925_171529-1980x1980.jpg 1980w\" sizes=\"(max-width: 580px) 100vw, 580px\" \/>\t\t\t\t\t\t\t\t\t\t\t\t\t\t<\/div>\n\t\t\t\t\t\t<\/div>\n\t\t\t\t<\/div>\n\t\t\t\t<div class=\"elementor-element elementor-element-7c60bcb elementor-widget elementor-widget-text-editor\" data-id=\"7c60bcb\" data-element_type=\"widget\" data-widget_type=\"text-editor.default\">\n\t\t\t\t<div class=\"elementor-widget-container\">\n\t\t\t\t\t\t\t\t<div class=\"elementor-text-editor elementor-clearfix\">\n\t\t\t\t<h5 style=\"text-align: center;\">Los donostiarras revalidan t\u00edtulo de campeones por segundo a\u00f1o consecutivo\u00a0<\/h5>\t\t\t\t\t<\/div>\n\t\t\t\t\t\t<\/div>\n\t\t\t\t<\/div>\n\t\t\t\t<div class=\"elementor-element elementor-element-c34acb8 elementor-widget-divider--view-line elementor-widget elementor-widget-divider\" data-id=\"c34acb8\" data-element_type=\"widget\" data-widget_type=\"divider.default\">\n\t\t\t\t<div class=\"elementor-widget-container\">\n\t\t\t\t\t<div class=\"elementor-divider\">\n\t\t\t<span class=\"elementor-divider-separator\">\n\t\t\t\t\t\t<\/span>\n\t\t<\/div>\n\t\t\t\t<\/div>\n\t\t\t\t<\/div>\n\t\t\t\t<div class=\"elementor-element elementor-element-3b2b1356 elementor-widget elementor-widget-text-editor\" data-id=\"3b2b1356\" data-element_type=\"widget\" data-widget_type=\"text-editor.default\">\n\t\t\t\t<div class=\"elementor-widget-container\">\n\t\t\t\t\t\t\t\t<div class=\"elementor-text-editor elementor-clearfix\">\n\t\t\t\t<p>Segunda edici\u00f3n de la Euskal Kopa U15 la que se ha disputado los d\u00edas 24 y 25 de Septiembre de 2022 en la pista de hielo BAKH\u00a0 con la presencia de 5 equipos (CHH TXURI URDIN, CDH BIPOLO, CH HUARTE, CG PUIGCERD\u00c1 Y CHH VALDEMORO) que han disputado un total de 10 partidos divididos en dos jornadas (s\u00e1bado y domingo), donde hemos disfrutado de grandes momentos de hielo que nos han brindado estas j\u00f3venes promesas del hockey hielo.<\/p><p>El campeonato se inauguraba con un emocionante y disputado partido entre BIPOLO y HUARTE que nos dejaba un resultado final de (1-1) donde los alaveses se impon\u00edan en los penaltis.<\/p><p>El resto de partidos de esta primera jornada celebrada el s\u00e1bado nos dejaba los siguientes resultados:<\/p><p>BIPOLO &#8211; TXURI URDIN (3-4).<\/p><p>HUARTE &#8211; VALDEMORO (1-4)<\/p><p>TXURI URDIN &#8211; PUIGCERD\u00c1 (5-2)<\/p><p>BIPOLO &#8211; VALDEMORO (3-6)<\/p><p>HUARTE PUIGCERDA (0-0), vencedor huarte a penaltis.<\/p><p>TXURI URDIN &#8211; VALDEMORO (1-1), vencedor txuri urdin a penaltis.<\/p><p>Finalizada la primera jornada la clasificaci\u00f3n provisional estaba encabezada por TXURI URDIN 8 puntos, Valdemoro 7 puntos y Huarte 3 puntos, pendiente de decidir el campe\u00f3n del torneo en la siguiente jornada.<\/p><p>La segunda jornada disputada el domingo comenzaba con un emocionante partido entre Puigcerda y Bipolo donde los alaveses lograban\u00a0 el triunfo (2-3) que a la postre les har\u00eda alzarse con la tercera posici\u00f3n del torneo.<\/p><p>Llegaba el turno del Txuri Urdin que necesitaba la victoria o en caso de empate vencer en los penaltis para proclamarse matem\u00e1ticamente vencedor del torneo, pero no se lo puso nada f\u00e1cil el equipo navarro del Huarte que a falta de 30 segundos para la finalizaci\u00f3n del encuentro venc\u00eda por 2-1 y que solo en los \u00faltimos segundos el Txuri lograba ese gol para poner el empate en el marcador logrando llegar a la tanda de penaltis, ganarla y de esta manera lograr por segundo a\u00f1o consecutivo la copa de campeones.<\/p><p>Con todo decidido y solo la disputa del \u00faltimo de los encuentros entre Puigcerd\u00e1 y un Valdemoro sin opciones el resultado final del encuentro reflejo un (3-0) para el equipo catal\u00e1n.<\/p><p style=\"text-align: center;\"><strong>CLASIFICACI\u00d3N FINAL II EDICI\u00d3N EUSKAL KOPA U15<\/strong><\/p><p>CHH TXURI URDIN\u00a0 10 PUNTOS<\/p><p>CHH VALDEMORO\u00a0 \u00a07 PUNTOS<\/p><p>CDH BIPOLO\u00a0 \u00a0 \u00a0 \u00a0 \u00a0 \u00a0 \u00a0 5 PUNTOS<\/p><p>CH HUARTE\u00a0 \u00a0 \u00a0 \u00a0 \u00a0 \u00a0 \u00a0 4 PUNTOS<\/p><p>CG PUIGCERD\u00c1\u00a0 \u00a0 \u00a0 \u00a04 PUNTOS<\/p>\t\t\t\t\t<\/div>\n\t\t\t\t\t\t<\/div>\n\t\t\t\t<\/div>\n\t\t\t\t<div class=\"elementor-element elementor-element-e3ac951 elementor-widget elementor-widget-image-gallery\" data-id=\"e3ac951\" data-element_type=\"widget\" data-widget_type=\"image-gallery.default\">\n\t\t\t\t<div class=\"elementor-widget-container\">\n\t\t\t\t\t<div class=\"elementor-image-gallery\">\n\t\t\t<div id='gallery-1' class='gallery galleryid-5752 gallery-columns-4 gallery-size-thumbnail'><figure class='gallery-item'>\n\t\t\t<div class='gallery-icon landscape'>\n\t\t\t\t<a data-elementor-open-lightbox=\"yes\" data-elementor-lightbox-slideshow=\"e3ac951\" data-elementor-lightbox-title=\"20220924_140615\" e-action-hash=\"#elementor-action%3Aaction%3Dlightbox%26settings%3DeyJpZCI6NTc0MSwidXJsIjoiaHR0cHM6XC9cL25rZWYuZXVzXC93cC1jb250ZW50XC91cGxvYWRzXC8yMDIyXC8wOVwvMjAyMjA5MjRfMTQwNjE1LXNjYWxlZC5qcGciLCJzbGlkZXNob3ciOiJlM2FjOTUxIn0%3D\" href='https:\/\/nkef.eus\/wp-content\/uploads\/2022\/09\/20220924_140615-scaled.jpg'><img width=\"150\" height=\"150\" src=\"https:\/\/nkef.eus\/wp-content\/uploads\/2022\/09\/20220924_140615-150x150.jpg\" class=\"attachment-thumbnail size-thumbnail\" alt=\"\" loading=\"lazy\" aria-describedby=\"gallery-1-5741\" srcset=\"https:\/\/nkef.eus\/wp-content\/uploads\/2022\/09\/20220924_140615-150x150.jpg 150w, https:\/\/nkef.eus\/wp-content\/uploads\/2022\/09\/20220924_140615-300x300.jpg 300w, https:\/\/nkef.eus\/wp-content\/uploads\/2022\/09\/20220924_140615-1024x1024.jpg 1024w, https:\/\/nkef.eus\/wp-content\/uploads\/2022\/09\/20220924_140615-768x768.jpg 768w, https:\/\/nkef.eus\/wp-content\/uploads\/2022\/09\/20220924_140615-1536x1536.jpg 1536w, https:\/\/nkef.eus\/wp-content\/uploads\/2022\/09\/20220924_140615-2048x2048.jpg 2048w, https:\/\/nkef.eus\/wp-content\/uploads\/2022\/09\/20220924_140615-12x12.jpg 12w, https:\/\/nkef.eus\/wp-content\/uploads\/2022\/09\/20220924_140615-1200x1200.jpg 1200w, https:\/\/nkef.eus\/wp-content\/uploads\/2022\/09\/20220924_140615-1980x1980.jpg 1980w\" sizes=\"(max-width: 150px) 100vw, 150px\" \/><\/a>\n\t\t\t<\/div>\n\t\t\t\t<figcaption class='wp-caption-text gallery-caption' id='gallery-1-5741'>\n\t\t\t\tCHH TXURI URDIN\n\t\t\t\t<\/figcaption><\/figure><figure class='gallery-item'>\n\t\t\t<div class='gallery-icon landscape'>\n\t\t\t\t<a data-elementor-open-lightbox=\"yes\" data-elementor-lightbox-slideshow=\"e3ac951\" data-elementor-lightbox-title=\"20220924_132203\" e-action-hash=\"#elementor-action%3Aaction%3Dlightbox%26settings%3DeyJpZCI6NTc0MCwidXJsIjoiaHR0cHM6XC9cL25rZWYuZXVzXC93cC1jb250ZW50XC91cGxvYWRzXC8yMDIyXC8wOVwvMjAyMjA5MjRfMTMyMjAzLXNjYWxlZC5qcGciLCJzbGlkZXNob3ciOiJlM2FjOTUxIn0%3D\" href='https:\/\/nkef.eus\/wp-content\/uploads\/2022\/09\/20220924_132203-scaled.jpg'><img width=\"150\" height=\"150\" src=\"https:\/\/nkef.eus\/wp-content\/uploads\/2022\/09\/20220924_132203-150x150.jpg\" class=\"attachment-thumbnail size-thumbnail\" alt=\"\" loading=\"lazy\" aria-describedby=\"gallery-1-5740\" srcset=\"https:\/\/nkef.eus\/wp-content\/uploads\/2022\/09\/20220924_132203-150x150.jpg 150w, https:\/\/nkef.eus\/wp-content\/uploads\/2022\/09\/20220924_132203-300x300.jpg 300w, https:\/\/nkef.eus\/wp-content\/uploads\/2022\/09\/20220924_132203-1024x1024.jpg 1024w, https:\/\/nkef.eus\/wp-content\/uploads\/2022\/09\/20220924_132203-768x768.jpg 768w, https:\/\/nkef.eus\/wp-content\/uploads\/2022\/09\/20220924_132203-1536x1536.jpg 1536w, https:\/\/nkef.eus\/wp-content\/uploads\/2022\/09\/20220924_132203-2048x2048.jpg 2048w, https:\/\/nkef.eus\/wp-content\/uploads\/2022\/09\/20220924_132203-12x12.jpg 12w, https:\/\/nkef.eus\/wp-content\/uploads\/2022\/09\/20220924_132203-1200x1200.jpg 1200w, https:\/\/nkef.eus\/wp-content\/uploads\/2022\/09\/20220924_132203-1980x1980.jpg 1980w\" sizes=\"(max-width: 150px) 100vw, 150px\" \/><\/a>\n\t\t\t<\/div>\n\t\t\t\t<figcaption class='wp-caption-text gallery-caption' id='gallery-1-5740'>\n\t\t\t\tCHH VALDEMORO\n\t\t\t\t<\/figcaption><\/figure><figure class='gallery-item'>\n\t\t\t<div class='gallery-icon landscape'>\n\t\t\t\t<a data-elementor-open-lightbox=\"yes\" data-elementor-lightbox-slideshow=\"e3ac951\" data-elementor-lightbox-title=\"20220924_113756\" e-action-hash=\"#elementor-action%3Aaction%3Dlightbox%26settings%3DeyJpZCI6NTczOSwidXJsIjoiaHR0cHM6XC9cL25rZWYuZXVzXC93cC1jb250ZW50XC91cGxvYWRzXC8yMDIyXC8wOVwvMjAyMjA5MjRfMTEzNzU2LXNjYWxlZC5qcGciLCJzbGlkZXNob3ciOiJlM2FjOTUxIn0%3D\" href='https:\/\/nkef.eus\/wp-content\/uploads\/2022\/09\/20220924_113756-scaled.jpg'><img width=\"150\" height=\"150\" src=\"https:\/\/nkef.eus\/wp-content\/uploads\/2022\/09\/20220924_113756-150x150.jpg\" class=\"attachment-thumbnail size-thumbnail\" alt=\"\" loading=\"lazy\" aria-describedby=\"gallery-1-5739\" srcset=\"https:\/\/nkef.eus\/wp-content\/uploads\/2022\/09\/20220924_113756-150x150.jpg 150w, https:\/\/nkef.eus\/wp-content\/uploads\/2022\/09\/20220924_113756-300x300.jpg 300w, https:\/\/nkef.eus\/wp-content\/uploads\/2022\/09\/20220924_113756-1024x1024.jpg 1024w, https:\/\/nkef.eus\/wp-content\/uploads\/2022\/09\/20220924_113756-768x768.jpg 768w, https:\/\/nkef.eus\/wp-content\/uploads\/2022\/09\/20220924_113756-1536x1536.jpg 1536w, https:\/\/nkef.eus\/wp-content\/uploads\/2022\/09\/20220924_113756-2048x2048.jpg 2048w, https:\/\/nkef.eus\/wp-content\/uploads\/2022\/09\/20220924_113756-12x12.jpg 12w, https:\/\/nkef.eus\/wp-content\/uploads\/2022\/09\/20220924_113756-1200x1200.jpg 1200w, https:\/\/nkef.eus\/wp-content\/uploads\/2022\/09\/20220924_113756-1980x1980.jpg 1980w\" sizes=\"(max-width: 150px) 100vw, 150px\" \/><\/a>\n\t\t\t<\/div>\n\t\t\t\t<figcaption class='wp-caption-text gallery-caption' id='gallery-1-5739'>\n\t\t\t\tCH HUARTE\n\t\t\t\t<\/figcaption><\/figure><figure class='gallery-item'>\n\t\t\t<div class='gallery-icon landscape'>\n\t\t\t\t<a data-elementor-open-lightbox=\"yes\" data-elementor-lightbox-slideshow=\"e3ac951\" data-elementor-lightbox-title=\"20220924_145943\" e-action-hash=\"#elementor-action%3Aaction%3Dlightbox%26settings%3DeyJpZCI6NTc0MiwidXJsIjoiaHR0cHM6XC9cL25rZWYuZXVzXC93cC1jb250ZW50XC91cGxvYWRzXC8yMDIyXC8wOVwvMjAyMjA5MjRfMTQ1OTQzLXNjYWxlZC5qcGciLCJzbGlkZXNob3ciOiJlM2FjOTUxIn0%3D\" href='https:\/\/nkef.eus\/wp-content\/uploads\/2022\/09\/20220924_145943-scaled.jpg'><img width=\"150\" height=\"150\" src=\"https:\/\/nkef.eus\/wp-content\/uploads\/2022\/09\/20220924_145943-150x150.jpg\" class=\"attachment-thumbnail size-thumbnail\" alt=\"\" loading=\"lazy\" aria-describedby=\"gallery-1-5742\" srcset=\"https:\/\/nkef.eus\/wp-content\/uploads\/2022\/09\/20220924_145943-150x150.jpg 150w, https:\/\/nkef.eus\/wp-content\/uploads\/2022\/09\/20220924_145943-300x300.jpg 300w, https:\/\/nkef.eus\/wp-content\/uploads\/2022\/09\/20220924_145943-1024x1024.jpg 1024w, https:\/\/nkef.eus\/wp-content\/uploads\/2022\/09\/20220924_145943-768x768.jpg 768w, https:\/\/nkef.eus\/wp-content\/uploads\/2022\/09\/20220924_145943-1536x1536.jpg 1536w, https:\/\/nkef.eus\/wp-content\/uploads\/2022\/09\/20220924_145943-2048x2048.jpg 2048w, https:\/\/nkef.eus\/wp-content\/uploads\/2022\/09\/20220924_145943-12x12.jpg 12w, https:\/\/nkef.eus\/wp-content\/uploads\/2022\/09\/20220924_145943-1200x1200.jpg 1200w, https:\/\/nkef.eus\/wp-content\/uploads\/2022\/09\/20220924_145943-1980x1980.jpg 1980w\" sizes=\"(max-width: 150px) 100vw, 150px\" \/><\/a>\n\t\t\t<\/div>\n\t\t\t\t<figcaption class='wp-caption-text gallery-caption' id='gallery-1-5742'>\n\t\t\t\tCDH BIPOLO\n\t\t\t\t<\/figcaption><\/figure><figure class='gallery-item'>\n\t\t\t<div class='gallery-icon landscape'>\n\t\t\t\t<a data-elementor-open-lightbox=\"yes\" data-elementor-lightbox-slideshow=\"e3ac951\" data-elementor-lightbox-title=\"20220924_154716\" e-action-hash=\"#elementor-action%3Aaction%3Dlightbox%26settings%3DeyJpZCI6NTc0MywidXJsIjoiaHR0cHM6XC9cL25rZWYuZXVzXC93cC1jb250ZW50XC91cGxvYWRzXC8yMDIyXC8wOVwvMjAyMjA5MjRfMTU0NzE2LXNjYWxlZC5qcGciLCJzbGlkZXNob3ciOiJlM2FjOTUxIn0%3D\" href='https:\/\/nkef.eus\/wp-content\/uploads\/2022\/09\/20220924_154716-scaled.jpg'><img width=\"150\" height=\"150\" src=\"https:\/\/nkef.eus\/wp-content\/uploads\/2022\/09\/20220924_154716-150x150.jpg\" class=\"attachment-thumbnail size-thumbnail\" alt=\"\" loading=\"lazy\" aria-describedby=\"gallery-1-5743\" srcset=\"https:\/\/nkef.eus\/wp-content\/uploads\/2022\/09\/20220924_154716-150x150.jpg 150w, https:\/\/nkef.eus\/wp-content\/uploads\/2022\/09\/20220924_154716-300x300.jpg 300w, https:\/\/nkef.eus\/wp-content\/uploads\/2022\/09\/20220924_154716-1024x1024.jpg 1024w, https:\/\/nkef.eus\/wp-content\/uploads\/2022\/09\/20220924_154716-768x768.jpg 768w, https:\/\/nkef.eus\/wp-content\/uploads\/2022\/09\/20220924_154716-1536x1536.jpg 1536w, https:\/\/nkef.eus\/wp-content\/uploads\/2022\/09\/20220924_154716-2048x2048.jpg 2048w, https:\/\/nkef.eus\/wp-content\/uploads\/2022\/09\/20220924_154716-12x12.jpg 12w, https:\/\/nkef.eus\/wp-content\/uploads\/2022\/09\/20220924_154716-1200x1200.jpg 1200w, https:\/\/nkef.eus\/wp-content\/uploads\/2022\/09\/20220924_154716-1980x1980.jpg 1980w\" sizes=\"(max-width: 150px) 100vw, 150px\" \/><\/a>\n\t\t\t<\/div>\n\t\t\t\t<figcaption class='wp-caption-text gallery-caption' id='gallery-1-5743'>\n\t\t\t\tCG PUIGCERD\u00c1\n\t\t\t\t<\/figcaption><\/figure><figure class='gallery-item'>\n\t\t\t<div class='gallery-icon landscape'>\n\t\t\t\t<a data-elementor-open-lightbox=\"yes\" data-elementor-lightbox-slideshow=\"e3ac951\" data-elementor-lightbox-title=\"20220925_170741\" e-action-hash=\"#elementor-action%3Aaction%3Dlightbox%26settings%3DeyJpZCI6NTc0NSwidXJsIjoiaHR0cHM6XC9cL25rZWYuZXVzXC93cC1jb250ZW50XC91cGxvYWRzXC8yMDIyXC8wOVwvMjAyMjA5MjVfMTcwNzQxLXNjYWxlZC5qcGciLCJzbGlkZXNob3ciOiJlM2FjOTUxIn0%3D\" href='https:\/\/nkef.eus\/wp-content\/uploads\/2022\/09\/20220925_170741-scaled.jpg'><img width=\"150\" height=\"150\" src=\"https:\/\/nkef.eus\/wp-content\/uploads\/2022\/09\/20220925_170741-150x150.jpg\" class=\"attachment-thumbnail size-thumbnail\" alt=\"\" loading=\"lazy\" aria-describedby=\"gallery-1-5745\" srcset=\"https:\/\/nkef.eus\/wp-content\/uploads\/2022\/09\/20220925_170741-150x150.jpg 150w, https:\/\/nkef.eus\/wp-content\/uploads\/2022\/09\/20220925_170741-300x300.jpg 300w, https:\/\/nkef.eus\/wp-content\/uploads\/2022\/09\/20220925_170741-1024x1024.jpg 1024w, https:\/\/nkef.eus\/wp-content\/uploads\/2022\/09\/20220925_170741-768x768.jpg 768w, https:\/\/nkef.eus\/wp-content\/uploads\/2022\/09\/20220925_170741-1536x1536.jpg 1536w, https:\/\/nkef.eus\/wp-content\/uploads\/2022\/09\/20220925_170741-2048x2048.jpg 2048w, https:\/\/nkef.eus\/wp-content\/uploads\/2022\/09\/20220925_170741-12x12.jpg 12w, https:\/\/nkef.eus\/wp-content\/uploads\/2022\/09\/20220925_170741-1200x1200.jpg 1200w, https:\/\/nkef.eus\/wp-content\/uploads\/2022\/09\/20220925_170741-1980x1980.jpg 1980w\" sizes=\"(max-width: 150px) 100vw, 150px\" \/><\/a>\n\t\t\t<\/div>\n\t\t\t\t<figcaption class='wp-caption-text gallery-caption' id='gallery-1-5745'>\n\t\t\t\tCDH BIPOLO TERCER CLASIFICADO\n\t\t\t\t<\/figcaption><\/figure><figure class='gallery-item'>\n\t\t\t<div class='gallery-icon landscape'>\n\t\t\t\t<a data-elementor-open-lightbox=\"yes\" data-elementor-lightbox-slideshow=\"e3ac951\" data-elementor-lightbox-title=\"20220925_171008\" e-action-hash=\"#elementor-action%3Aaction%3Dlightbox%26settings%3DeyJpZCI6NTc0NiwidXJsIjoiaHR0cHM6XC9cL25rZWYuZXVzXC93cC1jb250ZW50XC91cGxvYWRzXC8yMDIyXC8wOVwvMjAyMjA5MjVfMTcxMDA4LXNjYWxlZC5qcGciLCJzbGlkZXNob3ciOiJlM2FjOTUxIn0%3D\" href='https:\/\/nkef.eus\/wp-content\/uploads\/2022\/09\/20220925_171008-scaled.jpg'><img width=\"150\" height=\"150\" src=\"https:\/\/nkef.eus\/wp-content\/uploads\/2022\/09\/20220925_171008-150x150.jpg\" class=\"attachment-thumbnail size-thumbnail\" alt=\"\" loading=\"lazy\" aria-describedby=\"gallery-1-5746\" srcset=\"https:\/\/nkef.eus\/wp-content\/uploads\/2022\/09\/20220925_171008-150x150.jpg 150w, https:\/\/nkef.eus\/wp-content\/uploads\/2022\/09\/20220925_171008-300x300.jpg 300w, https:\/\/nkef.eus\/wp-content\/uploads\/2022\/09\/20220925_171008-1024x1024.jpg 1024w, https:\/\/nkef.eus\/wp-content\/uploads\/2022\/09\/20220925_171008-768x768.jpg 768w, https:\/\/nkef.eus\/wp-content\/uploads\/2022\/09\/20220925_171008-1536x1536.jpg 1536w, https:\/\/nkef.eus\/wp-content\/uploads\/2022\/09\/20220925_171008-2048x2048.jpg 2048w, https:\/\/nkef.eus\/wp-content\/uploads\/2022\/09\/20220925_171008-12x12.jpg 12w, https:\/\/nkef.eus\/wp-content\/uploads\/2022\/09\/20220925_171008-1200x1200.jpg 1200w, https:\/\/nkef.eus\/wp-content\/uploads\/2022\/09\/20220925_171008-1980x1980.jpg 1980w\" sizes=\"(max-width: 150px) 100vw, 150px\" \/><\/a>\n\t\t\t<\/div>\n\t\t\t\t<figcaption class='wp-caption-text gallery-caption' id='gallery-1-5746'>\n\t\t\t\tCHH VALDEMORO SEGUNDO CLASIFICADO\n\t\t\t\t<\/figcaption><\/figure><figure class='gallery-item'>\n\t\t\t<div class='gallery-icon landscape'>\n\t\t\t\t<a data-elementor-open-lightbox=\"yes\" data-elementor-lightbox-slideshow=\"e3ac951\" data-elementor-lightbox-title=\"20220925_171309\" e-action-hash=\"#elementor-action%3Aaction%3Dlightbox%26settings%3DeyJpZCI6NTc0NywidXJsIjoiaHR0cHM6XC9cL25rZWYuZXVzXC93cC1jb250ZW50XC91cGxvYWRzXC8yMDIyXC8wOVwvMjAyMjA5MjVfMTcxMzA5LXNjYWxlZC5qcGciLCJzbGlkZXNob3ciOiJlM2FjOTUxIn0%3D\" href='https:\/\/nkef.eus\/wp-content\/uploads\/2022\/09\/20220925_171309-scaled.jpg'><img width=\"150\" height=\"150\" src=\"https:\/\/nkef.eus\/wp-content\/uploads\/2022\/09\/20220925_171309-150x150.jpg\" class=\"attachment-thumbnail size-thumbnail\" alt=\"\" loading=\"lazy\" aria-describedby=\"gallery-1-5747\" srcset=\"https:\/\/nkef.eus\/wp-content\/uploads\/2022\/09\/20220925_171309-150x150.jpg 150w, https:\/\/nkef.eus\/wp-content\/uploads\/2022\/09\/20220925_171309-300x300.jpg 300w, https:\/\/nkef.eus\/wp-content\/uploads\/2022\/09\/20220925_171309-1024x1024.jpg 1024w, https:\/\/nkef.eus\/wp-content\/uploads\/2022\/09\/20220925_171309-768x768.jpg 768w, https:\/\/nkef.eus\/wp-content\/uploads\/2022\/09\/20220925_171309-1536x1536.jpg 1536w, https:\/\/nkef.eus\/wp-content\/uploads\/2022\/09\/20220925_171309-2048x2048.jpg 2048w, https:\/\/nkef.eus\/wp-content\/uploads\/2022\/09\/20220925_171309-12x12.jpg 12w, https:\/\/nkef.eus\/wp-content\/uploads\/2022\/09\/20220925_171309-1200x1200.jpg 1200w, https:\/\/nkef.eus\/wp-content\/uploads\/2022\/09\/20220925_171309-1980x1980.jpg 1980w\" sizes=\"(max-width: 150px) 100vw, 150px\" \/><\/a>\n\t\t\t<\/div>\n\t\t\t\t<figcaption class='wp-caption-text gallery-caption' id='gallery-1-5747'>\n\t\t\t\tCHH TXURI URDIN CAMPE\u00d3N EUSKAL KOPA U15 2022\n\t\t\t\t<\/figcaption><\/figure>\n\t\t<\/div>\n\t\t<\/div>\n\t\t\t\t<\/div>\n\t\t\t\t<\/div>\n\t\t\t\t\t\t<\/div>\n\t\t\t\t\t<\/div>\n\t\t<\/div>\n\t\t\t\t\t\t\t\t<\/div>\n\t\t\t\t\t<\/div>\n\t\t<\/section>\n\t\t\t\t\t\t\t\t\t<\/div>\n\t\t\t<\/div>\n\t\t\t\t\t<\/div>\n\t\t","protected":false},"excerpt":{"rendered":"<p>CHH TXURI URDIN CAMPE\u00d3N DE LA EUSKAL KOPA U15 Los donostiarras revalidan t\u00edtulo de campeones por segundo a\u00f1o consecutivo\u00a0 Segunda edici\u00f3n de la Euskal Kopa U15 la que se ha disputado los d\u00edas 24 y 25 de Septiembre de 2022 en la pista de hielo BAKH\u00a0 con la presencia de 5 equipos (CHH TXURI URDIN, [&hellip;]<\/p>\n","protected":false},"author":3,"featured_media":5749,"comment_status":"closed","ping_status":"closed","sticky":false,"template":"elementor_header_footer","format":"standard","meta":[],"categories":[13],"tags":[],"_links":{"self":[{"href":"https:\/\/nkef.eus\/es_es\/index.php\/wp-json\/wp\/v2\/posts\/5752"}],"collection":[{"href":"https:\/\/nkef.eus\/es_es\/index.php\/wp-json\/wp\/v2\/posts"}],"about":[{"href":"https:\/\/nkef.eus\/es_es\/index.php\/wp-json\/wp\/v2\/types\/post"}],"author":[{"embeddable":true,"href":"https:\/\/nkef.eus\/es_es\/index.php\/wp-json\/wp\/v2\/users\/3"}],"replies":[{"embeddable":true,"href":"https:\/\/nkef.eus\/es_es\/index.php\/wp-json\/wp\/v2\/comments?post=5752"}],"version-history":[{"count":10,"href":"https:\/\/nkef.eus\/es_es\/index.php\/wp-json\/wp\/v2\/posts\/5752\/revisions"}],"predecessor-version":[{"id":5762,"href":"https:\/\/nkef.eus\/es_es\/index.php\/wp-json\/wp\/v2\/posts\/5752\/revisions\/5762"}],"wp:featuredmedia":[{"embeddable":true,"href":"https:\/\/nkef.eus\/es_es\/index.php\/wp-json\/wp\/v2\/media\/5749"}],"wp:attachment":[{"href":"https:\/\/nkef.eus\/es_es\/index.php\/wp-json\/wp\/v2\/media?parent=5752"}],"wp:term":[{"taxonomy":"category","embeddable":true,"href":"https:\/\/nkef.eus\/es_es\/index.php\/wp-json\/wp\/v2\/categories?post=5752"},{"taxonomy":"post_tag","embeddable":true,"href":"https:\/\/nkef.eus\/es_es\/index.php\/wp-json\/wp\/v2\/tags?post=5752"}],"curies":[{"name":"wp","href":"https:\/\/api.w.org\/{rel}","templated":true}]}}