{"id":5635,"date":"2022-07-10T08:55:14","date_gmt":"2022-07-10T08:55:14","guid":{"rendered":"https:\/\/nkef.eus\/?p=5635"},"modified":"2022-07-10T08:57:45","modified_gmt":"2022-07-10T08:57:45","slug":"frank-gonzalez-cumplira-su-tercer-mandato-como-presidente-de-la-rfedh","status":"publish","type":"post","link":"https:\/\/nkef.eus\/es_es\/index.php\/2022\/07\/10\/frank-gonzalez-cumplira-su-tercer-mandato-como-presidente-de-la-rfedh\/","title":{"rendered":"Frank Gonz\u00e1lez cumplir\u00e1 su tercer mandato como presidente de la RFEDH"},"content":{"rendered":"\t\t<div data-elementor-type=\"wp-post\" data-elementor-id=\"5635\" class=\"elementor elementor-5635\">\n\t\t\t\t\t\t<div class=\"elementor-inner\">\n\t\t\t\t<div class=\"elementor-section-wrap\">\n\t\t\t\t\t\t\t\t\t<section class=\"elementor-section elementor-top-section elementor-element elementor-element-63fc0f25 elementor-section-content-middle elementor-section-boxed elementor-section-height-default elementor-section-height-default\" data-id=\"63fc0f25\" data-element_type=\"section\">\n\t\t\t\t\t\t<div class=\"elementor-container elementor-column-gap-no\">\n\t\t\t\t\t\t\t<div class=\"elementor-row\">\n\t\t\t\t\t<div class=\"elementor-column elementor-col-100 elementor-top-column elementor-element elementor-element-2d4dc7ac\" data-id=\"2d4dc7ac\" data-element_type=\"column\">\n\t\t\t<div class=\"elementor-column-wrap elementor-element-populated\">\n\t\t\t\t\t\t\t<div class=\"elementor-widget-wrap\">\n\t\t\t\t\t\t<div class=\"elementor-element elementor-element-5431ab78 elementor-widget elementor-widget-heading\" data-id=\"5431ab78\" data-element_type=\"widget\" data-widget_type=\"heading.default\">\n\t\t\t\t<div class=\"elementor-widget-container\">\n\t\t\t<h4 class=\"elementor-heading-title elementor-size-default\">Frank Gonz\u00e1lez cumplir\u00e1 su tercer mandato como presidente de la RFEDH<\/h4>\t\t<\/div>\n\t\t\t\t<\/div>\n\t\t\t\t<div class=\"elementor-element elementor-element-e63ea10 elementor-widget elementor-widget-image\" data-id=\"e63ea10\" data-element_type=\"widget\" data-widget_type=\"image.default\">\n\t\t\t\t<div class=\"elementor-widget-container\">\n\t\t\t\t\t\t\t\t<div class=\"elementor-image\">\n\t\t\t\t\t\t\t\t\t<figure class=\"wp-caption\">\n\t\t\t\t\t\t\t\t\t\t<img width=\"580\" height=\"326\" src=\"https:\/\/nkef.eus\/wp-content\/uploads\/2022\/07\/Frank-Gonzalez-\u00a9RFEDH-1024x576.jpg\" class=\"attachment-large size-large\" alt=\"\" loading=\"lazy\" srcset=\"https:\/\/nkef.eus\/wp-content\/uploads\/2022\/07\/Frank-Gonzalez-\u00a9RFEDH-1024x576.jpg 1024w, https:\/\/nkef.eus\/wp-content\/uploads\/2022\/07\/Frank-Gonzalez-\u00a9RFEDH-300x169.jpg 300w, https:\/\/nkef.eus\/wp-content\/uploads\/2022\/07\/Frank-Gonzalez-\u00a9RFEDH-768x432.jpg 768w, https:\/\/nkef.eus\/wp-content\/uploads\/2022\/07\/Frank-Gonzalez-\u00a9RFEDH-1536x864.jpg 1536w, https:\/\/nkef.eus\/wp-content\/uploads\/2022\/07\/Frank-Gonzalez-\u00a9RFEDH-18x10.jpg 18w, https:\/\/nkef.eus\/wp-content\/uploads\/2022\/07\/Frank-Gonzalez-\u00a9RFEDH-1200x675.jpg 1200w, https:\/\/nkef.eus\/wp-content\/uploads\/2022\/07\/Frank-Gonzalez-\u00a9RFEDH.jpg 1920w\" sizes=\"(max-width: 580px) 100vw, 580px\" \/>\t\t\t\t\t\t\t\t\t\t\t<figcaption class=\"widget-image-caption wp-caption-text\">Francisco \u2018Frank\u2019 Gonz\u00e1lez (Barcelona, 1955) continuar\u00e1 un ciclo m\u00e1s como presidente de la Real Federaci\u00f3n Espa\u00f1ola de Deportes de Hielo (RFEDH). El ex jugador y \u00e1rbitro de hockey hielo, que entr\u00f3 en la presidencia el 17 de octubre de 2014, ha ganado el apoyo de los miembros de la Asamblea General, siendo la suya la \u00fanica candidatura presentada.\u00a0  La Asamblea General Extraordinaria se ha celebrado esta ma\u00f1ana en Barcelona, en un acto que ha servido tambi\u00e9n para formar la Comisi\u00f3n Delegada de la RFEDH una vez aprobada la continuidad de Frank Gonz\u00e1lez como presidente.\u00a0La votaci\u00f3n a la presidencia ha concluido con 27 votos a favor y uno en blanco.<\/figcaption>\n\t\t\t\t\t\t\t\t\t\t<\/figure>\n\t\t\t\t\t\t\t\t<\/div>\n\t\t\t\t\t\t<\/div>\n\t\t\t\t<\/div>\n\t\t\t\t<div class=\"elementor-element elementor-element-5497171 elementor-widget-divider--view-line elementor-widget elementor-widget-divider\" data-id=\"5497171\" data-element_type=\"widget\" data-widget_type=\"divider.default\">\n\t\t\t\t<div class=\"elementor-widget-container\">\n\t\t\t\t\t<div class=\"elementor-divider\">\n\t\t\t<span class=\"elementor-divider-separator\">\n\t\t\t\t\t\t<\/span>\n\t\t<\/div>\n\t\t\t\t<\/div>\n\t\t\t\t<\/div>\n\t\t\t\t<div class=\"elementor-element elementor-element-500b77c7 elementor-widget elementor-widget-text-editor\" data-id=\"500b77c7\" data-element_type=\"widget\" data-widget_type=\"text-editor.default\">\n\t\t\t\t<div class=\"elementor-widget-container\">\n\t\t\t\t\t\t\t\t<div class=\"elementor-text-editor elementor-clearfix\">\n\t\t\t\t<p style=\"text-align: justify; margin: 0cm 0cm 8.25pt 0cm;\">\u00a0<\/p><p>A lo largo de los ocho a\u00f1os de mandato, Gonz\u00e1lez ha conseguido un crecimiento de m\u00e1s de mil nuevas licencias para los deportes de hielo, superando en 2021 las 2200 registradas, pese a convivir en los \u00faltimos a\u00f1os con una dif\u00edcil situaci\u00f3n de pandemia. Especial menci\u00f3n cabe hacer al papel de la mujer en este auge, con un 215% de incremento de licencias y m\u00e1s de 800 chicas uni\u00e9ndose a la RFEDH en este periodo.<\/p><p>A nivel deportivo, durante el \u00faltimo ciclo ol\u00edmpico se vivi\u00f3 la despedida de una leyenda como Javier Fern\u00e1ndez en 2019, y las m\u00e1s recientes de emblemas del hielo como Ander Mirambell, Adri\u00e1n D\u00edaz, Sara Hurtado y Kirill Jalyavin; a la par que hemos visto dar sus primeros pasos o bien reafirmarse en la \u00e9lite internacional a deportistas como Mikel Unanue &amp; Oihane Otaegi (curling), Laura Barquero &amp; Marco Zandr\u00f3n (patinaje), Nil Llop y Ainoa Carre\u00f1o (velocidad), Tom\u00e0s Guarino (patinaje) o Ana Torres-Quevedo (skeleton).<\/p><p>El mandato 2018-2022 ha servido para consolidar el crecimiento de nuestros deportistas con programas de ayudas (m\u00e1s de un mill\u00f3n de inversi\u00f3n), as\u00ed como la estructura de t\u00e9cnicos y entrenadores. Se ha dado pasos hacia la innovaci\u00f3n con un FEDHielo Summit repleto de ponentes de primer nivel y hacia la inclusi\u00f3n gracias al trabajo del Comit\u00e9 del Deporte Inclusivo; m\u00e1s all\u00e1 de una mejora en la estrategia de competici\u00f3n con la creaci\u00f3n de nuevas ligas y campeonatos, de la mano de un crecimiento en redes sociales (+35% en los \u00faltimos dos a\u00f1os) y en audiovisuales con m\u00e1s y mejor cobertura de los eventos nacionales.<\/p><p>\u00a0<\/p>\t\t\t\t\t<\/div>\n\t\t\t\t\t\t<\/div>\n\t\t\t\t<\/div>\n\t\t\t\t\t\t<\/div>\n\t\t\t\t\t<\/div>\n\t\t<\/div>\n\t\t\t\t\t\t\t\t<\/div>\n\t\t\t\t\t<\/div>\n\t\t<\/section>\n\t\t\t\t\t\t\t\t\t<\/div>\n\t\t\t<\/div>\n\t\t\t\t\t<\/div>\n\t\t","protected":false},"excerpt":{"rendered":"<p>Frank Gonz\u00e1lez cumplir\u00e1 su tercer mandato como presidente de la RFEDH Francisco \u2018Frank\u2019 Gonz\u00e1lez (Barcelona, 1955) continuar\u00e1 un ciclo m\u00e1s como presidente de la Real Federaci\u00f3n Espa\u00f1ola de Deportes de Hielo (RFEDH). El ex jugador y \u00e1rbitro de hockey hielo, que entr\u00f3 en la presidencia el 17 de octubre de 2014, ha ganado el apoyo [&hellip;]<\/p>\n","protected":false},"author":3,"featured_media":5634,"comment_status":"closed","ping_status":"closed","sticky":false,"template":"elementor_header_footer","format":"standard","meta":[],"categories":[15],"tags":[],"_links":{"self":[{"href":"https:\/\/nkef.eus\/es_es\/index.php\/wp-json\/wp\/v2\/posts\/5635"}],"collection":[{"href":"https:\/\/nkef.eus\/es_es\/index.php\/wp-json\/wp\/v2\/posts"}],"about":[{"href":"https:\/\/nkef.eus\/es_es\/index.php\/wp-json\/wp\/v2\/types\/post"}],"author":[{"embeddable":true,"href":"https:\/\/nkef.eus\/es_es\/index.php\/wp-json\/wp\/v2\/users\/3"}],"replies":[{"embeddable":true,"href":"https:\/\/nkef.eus\/es_es\/index.php\/wp-json\/wp\/v2\/comments?post=5635"}],"version-history":[{"count":4,"href":"https:\/\/nkef.eus\/es_es\/index.php\/wp-json\/wp\/v2\/posts\/5635\/revisions"}],"predecessor-version":[{"id":5639,"href":"https:\/\/nkef.eus\/es_es\/index.php\/wp-json\/wp\/v2\/posts\/5635\/revisions\/5639"}],"wp:featuredmedia":[{"embeddable":true,"href":"https:\/\/nkef.eus\/es_es\/index.php\/wp-json\/wp\/v2\/media\/5634"}],"wp:attachment":[{"href":"https:\/\/nkef.eus\/es_es\/index.php\/wp-json\/wp\/v2\/media?parent=5635"}],"wp:term":[{"taxonomy":"category","embeddable":true,"href":"https:\/\/nkef.eus\/es_es\/index.php\/wp-json\/wp\/v2\/categories?post=5635"},{"taxonomy":"post_tag","embeddable":true,"href":"https:\/\/nkef.eus\/es_es\/index.php\/wp-json\/wp\/v2\/tags?post=5635"}],"curies":[{"name":"wp","href":"https:\/\/api.w.org\/{rel}","templated":true}]}}