{"id":5562,"date":"2022-06-27T08:49:25","date_gmt":"2022-06-27T08:49:25","guid":{"rendered":"https:\/\/nkef.eus\/?p=5562"},"modified":"2022-07-17T08:26:21","modified_gmt":"2022-07-17T08:26:21","slug":"may-peus-espana-reelegido-presidente-de-la-rfedi","status":"publish","type":"post","link":"https:\/\/nkef.eus\/es_es\/index.php\/2022\/06\/27\/may-peus-espana-reelegido-presidente-de-la-rfedi\/","title":{"rendered":"May Peus Espa\u00f1a, reelegido presidente de la RFEDI"},"content":{"rendered":"\t\t<div data-elementor-type=\"wp-post\" data-elementor-id=\"5562\" class=\"elementor elementor-5562\">\n\t\t\t\t\t\t<div class=\"elementor-inner\">\n\t\t\t\t<div class=\"elementor-section-wrap\">\n\t\t\t\t\t\t\t\t\t<section class=\"elementor-section elementor-top-section elementor-element elementor-element-6cca10f9 elementor-section-content-middle elementor-section-boxed elementor-section-height-default elementor-section-height-default\" data-id=\"6cca10f9\" data-element_type=\"section\">\n\t\t\t\t\t\t<div class=\"elementor-container elementor-column-gap-no\">\n\t\t\t\t\t\t\t<div class=\"elementor-row\">\n\t\t\t\t\t<div class=\"elementor-column elementor-col-100 elementor-top-column elementor-element elementor-element-60134a39\" data-id=\"60134a39\" data-element_type=\"column\">\n\t\t\t<div class=\"elementor-column-wrap elementor-element-populated\">\n\t\t\t\t\t\t\t<div class=\"elementor-widget-wrap\">\n\t\t\t\t\t\t<div class=\"elementor-element elementor-element-cf1bd79 elementor-widget elementor-widget-heading\" data-id=\"cf1bd79\" data-element_type=\"widget\" data-widget_type=\"heading.default\">\n\t\t\t\t<div class=\"elementor-widget-container\">\n\t\t\t<h4 class=\"elementor-heading-title elementor-size-default\">May Peus Espa\u00f1a, reelegido presidente de la RFEDI<\/h4>\t\t<\/div>\n\t\t\t\t<\/div>\n\t\t\t\t<div class=\"elementor-element elementor-element-aae265a elementor-widget-divider--view-line elementor-widget elementor-widget-divider\" data-id=\"aae265a\" data-element_type=\"widget\" data-widget_type=\"divider.default\">\n\t\t\t\t<div class=\"elementor-widget-container\">\n\t\t\t\t\t<div class=\"elementor-divider\">\n\t\t\t<span class=\"elementor-divider-separator\">\n\t\t\t\t\t\t<\/span>\n\t\t<\/div>\n\t\t\t\t<\/div>\n\t\t\t\t<\/div>\n\t\t\t\t<div class=\"elementor-element elementor-element-b3b7fd2 elementor-widget elementor-widget-image\" data-id=\"b3b7fd2\" data-element_type=\"widget\" data-widget_type=\"image.default\">\n\t\t\t\t<div class=\"elementor-widget-container\">\n\t\t\t\t\t\t\t\t<div class=\"elementor-image\">\n\t\t\t\t\t\t\t\t\t<figure class=\"wp-caption\">\n\t\t\t\t\t\t\t\t\t\t<img width=\"580\" height=\"387\" src=\"https:\/\/nkef.eus\/wp-content\/uploads\/2022\/06\/1089.jpg\" class=\"attachment-large size-large\" alt=\"\" loading=\"lazy\" srcset=\"https:\/\/nkef.eus\/wp-content\/uploads\/2022\/06\/1089.jpg 750w, https:\/\/nkef.eus\/wp-content\/uploads\/2022\/06\/1089-300x200.jpg 300w, https:\/\/nkef.eus\/wp-content\/uploads\/2022\/06\/1089-18x12.jpg 18w\" sizes=\"(max-width: 580px) 100vw, 580px\" \/>\t\t\t\t\t\t\t\t\t\t\t<figcaption class=\"widget-image-caption wp-caption-text\">Noticia RFEDI.<\/figcaption>\n\t\t\t\t\t\t\t\t\t\t<\/figure>\n\t\t\t\t\t\t\t\t<\/div>\n\t\t\t\t\t\t<\/div>\n\t\t\t\t<\/div>\n\t\t\t\t<div class=\"elementor-element elementor-element-06ee40d elementor-widget elementor-widget-text-editor\" data-id=\"06ee40d\" data-element_type=\"widget\" data-widget_type=\"text-editor.default\">\n\t\t\t\t<div class=\"elementor-widget-container\">\n\t\t\t\t\t\t\t\t<div class=\"elementor-text-editor elementor-clearfix\">\n\t\t\t\t<h6 style=\"text-align: left;\"><span style=\"color: #000000;\"><strong>El aran\u00e9s May Peus Espa\u00f1a encara su tercer mandato como presidente de la Real Federaci\u00f3n Espa\u00f1ola Deportes de Invierno (RFEDI-Spainsnow) tras ser reelegido por la Asamblea General celebrada el s\u00e1bado 25 de junio en la sede de la entidad en San Sebasti\u00e1n de los Reyes (Madrid), consiguiendo 26 votos frente al otro candidato, Oscar Cruz Dalmau, que consigui\u00f3 14.<\/strong><\/span><\/h6>\t\t\t\t\t<\/div>\n\t\t\t\t\t\t<\/div>\n\t\t\t\t<\/div>\n\t\t\t\t<div class=\"elementor-element elementor-element-871b592 elementor-widget elementor-widget-text-editor\" data-id=\"871b592\" data-element_type=\"widget\" data-widget_type=\"text-editor.default\">\n\t\t\t\t<div class=\"elementor-widget-container\">\n\t\t\t\t\t\t\t\t<div class=\"elementor-text-editor elementor-clearfix\">\n\t\t\t\t<p style=\"text-align: left;\">May Peus Espa\u00f1a, que fue elegido presidente de RFEDI por primera vez el 20 de septiembre de 2014, fue reelegido en segundo mandato el 30 de junio de 2018. La Asamblea General RFEDI le ha renovado el 25 de junio de nuevo la confianza para el ciclo ol\u00edmpico 2022-2026.<\/p><p style=\"text-align: left;\">El resultado final de la votaci\u00f3n ha sido de 26 votos a favor del candidato aran\u00e9s por 14 del candidato de Barcelona. El presidente reelegido ha agradecido a la Asamblea el reconocimiento y apoyo mayoritario y ha comentado que \u201cesta es una victoria de todo el equipo que forma esta federaci\u00f3n y de la ilusi\u00f3n y enorme trabajo que ponen cada d\u00eda para conseguir que los deportes de invierno en Espa\u00f1a sigan creciendo\u201d.<\/p><p style=\"text-align: left;\">La Asamblea General que vota la presidencia est\u00e1 formada por 41 miembros, y este s\u00e1bado s\u00f3lo uno no ha podido estar presente. Han depositado su voto en la urna 13 presidentes de federaciones auton\u00f3micas, 14 clubes, 7 deportistas, 4 t\u00e9cnicos y 2 representantes de jueces y delegados t\u00e9cnicos. Entre los asamble\u00edstas hay miembros del alto nivel deportivo como el campe\u00f3n del mundo Lucas Eguibar, el fondista Jaume Pueyo, los mushers Ismael Mediavilla y V\u00edctor Carrasco adem\u00e1s de los esquiadores Quim Salarich y Albert Ortega Fornesa.<\/p><p style=\"text-align: left;\">Tras la elecci\u00f3n del presidente, la Asamblea ha procedido a la elecci\u00f3n de la Comisi\u00f3n delegada formada por representantes de presidentes de FFAA, clubes, deportistas, entrenadores y delegados t\u00e9cnicos y jueces.<\/p><p style=\"text-align: left;\"><b>Perfil de May Peus Espa\u00f1a<\/b><\/p><p style=\"text-align: left;\">El presidente, de 50 a\u00f1os, es aran\u00e9s nacido en Baqueira Beret y licenciado en administraci\u00f3n de Empresas, Marketing y RRPP con posgrado en Contabilidad y Marketing por la Universidad de Barcelona. Ha sido miembro del Comit\u00e9 Ejecutivo del Comit\u00e9 Ol\u00edmpico Espa\u00f1ol (COE) y es vicepresidente de la Asociaci\u00f3n del Deporte Espa\u00f1ol (ADESP) y del Comit\u00e9 Ejecutivo de la Organisation Pais Alpin (OPA). Tambi\u00e9n ha sido miembro de la Comisi\u00f3n t\u00e9cnica de los JJOO Pirineos 2030, del Grupo Recreational and Tourism WG FIS y de la Presidential Conference IBU. En 2015 ingres\u00f3 en la Real Orden del M\u00e9rito Deportivo tras recibir la medalla de bronce en reconocimiento al impulso de los deportes de invierno. Conoce bien los deportes de invierno ya que form\u00f3 parte como esquiador de los equipos RFEDI, es t\u00e9cnico deportivo superior en esqu\u00ed alpino, ejerci\u00f3 de entrenador y director de club y fue seleccionador de Infantiles RFEDI.<\/p><p style=\"text-align: left;\"><b>Nuevo Plan Estrat\u00e9gico 2022-2030<\/b><br \/>Durante la campa\u00f1a May Peus Espa\u00f1a y su equipo han presentado un detallado Plan Estrat\u00e9gico 2022-2030 que define cinco pilares estrat\u00e9gicos. Este plan es la continuaci\u00f3n del aplicado entre 2016 y 2022 que ha tenido un alto nivel de cumplimento del 80% de las acciones previstas que se han plasmado en unos resultados deportivos globales hist\u00f3ricos.<\/p><p style=\"text-align: left;\">Seg\u00fan el nuevo plan, se debe ahondar en la\u00a0<b>excelencia deportiva<\/b>\u00a0no solo de los atletas de la federaci\u00f3n sino tambi\u00e9n de los eventos tanto destinados al alto nivel como a la base. En este sentido algunos de los objetivos fijados son conseguir aumentar a 3 los top 3 por edici\u00f3n en Copas del Mundo incrementar federados en un 40% y los deportistas en los equipos RFEDI hasta el 30% m\u00e1s.<\/p><p style=\"text-align: left;\">Otro de los p\u00eclares es la\u00a0<b>Formaci\u00f3n y la Cadena de Valor\u00a0<\/b>de los deportes de invierno que se debe trabajar fortaleciendo los planes de desarrollo que ya est\u00e1n en marcha para la detecci\u00f3n y apoyo al talento, promover las nuevas titulaciones federativas, por ejemplo en biatl\u00f3n y mushing, y los centros de tecnificaci\u00f3n para las que hay ya previstas las becas Iberdrola y Academia.<\/p><p style=\"text-align: left;\">Los pilares de\u00a0<b>Ecosistema de la Nieve<\/b>\u00a0y de\u00a0<b>Modelo Econ\u00f3mico<\/b>\u00a0est\u00e1n \u00edntimamente relacionados. En el ecosistema debe extenderse la actual posici\u00f3n de Spainsnow en todos los sectores de la nieve y atraer a deportistas recreativos a ese ecosistema federativo mediante propuestas de valor a\u00f1adido. En cuanto al Modelo Econ\u00f3mico se prev\u00e9 aumentar el presupuesto mediante los recursos propios en un 50%.<\/p><p style=\"text-align: left;\">Y no menos importante, el pilar de la\u00a0<b>Inclusividad, Sostenibilidad y Solidaridad<\/b>\u00a0en el que la igualdad de g\u00e9nero es pieza fundamental empezando por incrementar el n\u00famero de mujeres en equipos nacionales. Por otra parte, alcanzar la neutralidad clim\u00e1tica ya promovida por la FIS y la inclusi\u00f3n del deporte adaptado siguiendo las directrices de la FIS y el Comit\u00e9 Paral\u00edmpico Internacional.<\/p><p style=\"text-align: left;\"><b>Los mejores resultados deportivos globales en d\u00e9cadas<\/b><\/p><p style=\"text-align: left;\">Durante los 8 a\u00f1os de la presidencia de May Peus Espa\u00f1a (2014-2022), ha habido un cambio enormemente significativo en el \u00e1mbito deportivo. Se ha pasado de 9 deportistas en estructuras deportivas a los 44 actuales y se han triplicado los d\u00edas de jornadas en nieve.<\/p><p style=\"text-align: left;\">Esta mejora en entrenamientos y el aumento de deportistas ha dado como fruto dos medallas ol\u00edmpicas en JJOO de invierno consecutivos, 3 diplomas, 5 medallas en Mundiales FIS, el globo de cristal de Copa del Mundo FIS y la eclosi\u00f3n del mushing con hasta 10 medallas en Mundiales en la temporada pasada.<\/p><p style=\"text-align: left;\">Adem\u00e1s, el n\u00famero de eventos en el calendario estatal ha aumentado con circuitos estables como las Copas de Espa\u00f1a que ha permitido llegar hasta las 4.000 licencias y las 16.500 salidas en 2022, unos n\u00fameros no vistos hasta la fecha.<\/p><p style=\"text-align: left;\">Sin duda, en la base de estos \u00e9xitos est\u00e1 el potente tejido deportivo de invierno que representan los clubes y federaciones auton\u00f3micas y por ello se ha creado el Plan de Ayudas a los Deportes de Invierno Espa\u00f1oles (PADIE) que ha dotado a las FFAA con m\u00e1s de 250.000\u20ac en los \u00faltimos 4 a\u00f1os y se han destinado ayudas directas a deportistas por valor de 900.000\u20ac. Estas inversiones no ser\u00edan posibles sin el gran esfuerzo realizado de 2014 a 2019 en el que se consigui\u00f3 salir del plan de viabilidad de obligado cumplimiento debido a la deuda heredada que se resarci\u00f3 en 2019 y que actualmente se ha mejorado la situaci\u00f3n patrimonial en 1,2 millones.\u00a0<\/p>\t\t\t\t\t<\/div>\n\t\t\t\t\t\t<\/div>\n\t\t\t\t<\/div>\n\t\t\t\t<div class=\"elementor-element elementor-element-ad1ed17 elementor-widget-divider--view-line elementor-widget elementor-widget-divider\" data-id=\"ad1ed17\" data-element_type=\"widget\" data-widget_type=\"divider.default\">\n\t\t\t\t<div class=\"elementor-widget-container\">\n\t\t\t\t\t<div class=\"elementor-divider\">\n\t\t\t<span class=\"elementor-divider-separator\">\n\t\t\t\t\t\t<\/span>\n\t\t<\/div>\n\t\t\t\t<\/div>\n\t\t\t\t<\/div>\n\t\t\t\t<div class=\"elementor-element elementor-element-3fec859 elementor-widget elementor-widget-text-editor\" data-id=\"3fec859\" data-element_type=\"widget\" data-widget_type=\"text-editor.default\">\n\t\t\t\t<div class=\"elementor-widget-container\">\n\t\t\t\t\t\t\t\t<div class=\"elementor-text-editor elementor-clearfix\">\n\t\t\t\t\t\t\t\t\t<\/div>\n\t\t\t\t\t\t<\/div>\n\t\t\t\t<\/div>\n\t\t\t\t<section class=\"elementor-section elementor-inner-section elementor-element elementor-element-3bd4ace elementor-section-boxed elementor-section-height-default elementor-section-height-default\" data-id=\"3bd4ace\" data-element_type=\"section\">\n\t\t\t\t\t\t<div class=\"elementor-container elementor-column-gap-default\">\n\t\t\t\t\t\t\t<div class=\"elementor-row\">\n\t\t\t\t\t<div class=\"elementor-column elementor-col-50 elementor-inner-column elementor-element elementor-element-1724250\" data-id=\"1724250\" data-element_type=\"column\">\n\t\t\t<div class=\"elementor-column-wrap elementor-element-populated\">\n\t\t\t\t\t\t\t<div class=\"elementor-widget-wrap\">\n\t\t\t\t\t\t<div class=\"elementor-element elementor-element-f13755f elementor-widget elementor-widget-button\" data-id=\"f13755f\" data-element_type=\"widget\" data-widget_type=\"button.default\">\n\t\t\t\t<div class=\"elementor-widget-container\">\n\t\t\t\t\t<div class=\"elementor-button-wrapper\">\n\t\t\t<a href=\"https:\/\/nkef.eus\/wp-content\/uploads\/2022\/06\/ACTA-Proclamacion-provisional-de-Presidente-y-miembros-de-la-Comision-Delegada-RFEDI-Elecciones-2022.pdf\" class=\"elementor-button-link elementor-button elementor-size-sm\" role=\"button\">\n\t\t\t\t\t\t<span class=\"elementor-button-content-wrapper\">\n\t\t\t\t\t\t<span class=\"elementor-button-text\">ACTA PROCLAMACI\u00d3N PROVISIONAL DE LA VOTACI\u00d3N A LA PRESIDENCIA DE LA REAL FEDERACI\u00d3N ESPA\u00d1OLA DEPORTES DE INVIERNO.<\/span>\n\t\t<\/span>\n\t\t\t\t\t<\/a>\n\t\t<\/div>\n\t\t\t\t<\/div>\n\t\t\t\t<\/div>\n\t\t\t\t\t\t<\/div>\n\t\t\t\t\t<\/div>\n\t\t<\/div>\n\t\t\t\t<div class=\"elementor-column elementor-col-50 elementor-inner-column elementor-element elementor-element-1c66406\" data-id=\"1c66406\" data-element_type=\"column\">\n\t\t\t<div class=\"elementor-column-wrap elementor-element-populated\">\n\t\t\t\t\t\t\t<div class=\"elementor-widget-wrap\">\n\t\t\t\t\t\t<div class=\"elementor-element elementor-element-6c74615 elementor-widget elementor-widget-button\" data-id=\"6c74615\" data-element_type=\"widget\" data-widget_type=\"button.default\">\n\t\t\t\t<div class=\"elementor-widget-container\">\n\t\t\t\t\t<div class=\"elementor-button-wrapper\">\n\t\t\t<a href=\"https:\/\/nkef.eus\/wp-content\/uploads\/2022\/07\/Escrito-FFAA-nombramientos-2022-26.pdf\" class=\"elementor-button-link elementor-button elementor-size-sm\" role=\"button\">\n\t\t\t\t\t\t<span class=\"elementor-button-content-wrapper\">\n\t\t\t\t\t\t<span class=\"elementor-button-text\">COMPOSICI\u00d3N RFEDI PARA LA TEMPORADA 2022-2026<\/span>\n\t\t<\/span>\n\t\t\t\t\t<\/a>\n\t\t<\/div>\n\t\t\t\t<\/div>\n\t\t\t\t<\/div>\n\t\t\t\t\t\t<\/div>\n\t\t\t\t\t<\/div>\n\t\t<\/div>\n\t\t\t\t\t\t\t\t<\/div>\n\t\t\t\t\t<\/div>\n\t\t<\/section>\n\t\t\t\t\t\t<\/div>\n\t\t\t\t\t<\/div>\n\t\t<\/div>\n\t\t\t\t\t\t\t\t<\/div>\n\t\t\t\t\t<\/div>\n\t\t<\/section>\n\t\t\t\t\t\t\t\t\t<\/div>\n\t\t\t<\/div>\n\t\t\t\t\t<\/div>\n\t\t","protected":false},"excerpt":{"rendered":"<p>May Peus Espa\u00f1a, reelegido presidente de la RFEDI Noticia RFEDI. El aran\u00e9s May Peus Espa\u00f1a encara su tercer mandato como presidente de la Real Federaci\u00f3n Espa\u00f1ola Deportes de Invierno (RFEDI-Spainsnow) tras ser reelegido por la Asamblea General celebrada el s\u00e1bado 25 de junio en la sede de la entidad en San Sebasti\u00e1n de los Reyes [&hellip;]<\/p>\n","protected":false},"author":3,"featured_media":5563,"comment_status":"closed","ping_status":"closed","sticky":false,"template":"elementor_header_footer","format":"standard","meta":[],"categories":[15],"tags":[],"_links":{"self":[{"href":"https:\/\/nkef.eus\/es_es\/index.php\/wp-json\/wp\/v2\/posts\/5562"}],"collection":[{"href":"https:\/\/nkef.eus\/es_es\/index.php\/wp-json\/wp\/v2\/posts"}],"about":[{"href":"https:\/\/nkef.eus\/es_es\/index.php\/wp-json\/wp\/v2\/types\/post"}],"author":[{"embeddable":true,"href":"https:\/\/nkef.eus\/es_es\/index.php\/wp-json\/wp\/v2\/users\/3"}],"replies":[{"embeddable":true,"href":"https:\/\/nkef.eus\/es_es\/index.php\/wp-json\/wp\/v2\/comments?post=5562"}],"version-history":[{"count":13,"href":"https:\/\/nkef.eus\/es_es\/index.php\/wp-json\/wp\/v2\/posts\/5562\/revisions"}],"predecessor-version":[{"id":5648,"href":"https:\/\/nkef.eus\/es_es\/index.php\/wp-json\/wp\/v2\/posts\/5562\/revisions\/5648"}],"wp:featuredmedia":[{"embeddable":true,"href":"https:\/\/nkef.eus\/es_es\/index.php\/wp-json\/wp\/v2\/media\/5563"}],"wp:attachment":[{"href":"https:\/\/nkef.eus\/es_es\/index.php\/wp-json\/wp\/v2\/media?parent=5562"}],"wp:term":[{"taxonomy":"category","embeddable":true,"href":"https:\/\/nkef.eus\/es_es\/index.php\/wp-json\/wp\/v2\/categories?post=5562"},{"taxonomy":"post_tag","embeddable":true,"href":"https:\/\/nkef.eus\/es_es\/index.php\/wp-json\/wp\/v2\/tags?post=5562"}],"curies":[{"name":"wp","href":"https:\/\/api.w.org\/{rel}","templated":true}]}}