{"id":5314,"date":"2022-05-31T11:12:21","date_gmt":"2022-05-31T11:12:21","guid":{"rendered":"https:\/\/nkef.eus\/?p=5314"},"modified":"2022-05-31T11:18:05","modified_gmt":"2022-05-31T11:18:05","slug":"el-cd-bipolo-conquista-su-primera-copa-sub-18-en-jaca","status":"publish","type":"post","link":"https:\/\/nkef.eus\/es_es\/index.php\/2022\/05\/31\/el-cd-bipolo-conquista-su-primera-copa-sub-18-en-jaca\/","title":{"rendered":"El CD Bipolo conquista su primera copa sub-18 en Jaca"},"content":{"rendered":"\t\t<div data-elementor-type=\"wp-post\" data-elementor-id=\"5314\" class=\"elementor elementor-5314\">\n\t\t\t\t\t\t<div class=\"elementor-inner\">\n\t\t\t\t<div class=\"elementor-section-wrap\">\n\t\t\t\t\t\t\t\t\t<section class=\"elementor-section elementor-top-section elementor-element elementor-element-4f1cecf9 elementor-section-content-middle elementor-section-boxed elementor-section-height-default elementor-section-height-default\" data-id=\"4f1cecf9\" data-element_type=\"section\">\n\t\t\t\t\t\t<div class=\"elementor-container elementor-column-gap-no\">\n\t\t\t\t\t\t\t<div class=\"elementor-row\">\n\t\t\t\t\t<div class=\"elementor-column elementor-col-100 elementor-top-column elementor-element elementor-element-52038315\" data-id=\"52038315\" data-element_type=\"column\">\n\t\t\t<div class=\"elementor-column-wrap elementor-element-populated\">\n\t\t\t\t\t\t\t<div class=\"elementor-widget-wrap\">\n\t\t\t\t\t\t<div class=\"elementor-element elementor-element-96a554c elementor-widget elementor-widget-heading\" data-id=\"96a554c\" data-element_type=\"widget\" data-widget_type=\"heading.default\">\n\t\t\t\t<div class=\"elementor-widget-container\">\n\t\t\t<h4 class=\"elementor-heading-title elementor-size-default\">El CD Bipolo conquista su primera copa sub-18 en Jaca<\/h4>\t\t<\/div>\n\t\t\t\t<\/div>\n\t\t\t\t<div class=\"elementor-element elementor-element-5d58945 elementor-widget elementor-widget-image\" data-id=\"5d58945\" data-element_type=\"widget\" data-widget_type=\"image.default\">\n\t\t\t\t<div class=\"elementor-widget-container\">\n\t\t\t\t\t\t\t\t<div class=\"elementor-image\">\n\t\t\t\t\t\t\t\t\t\t\t\t<img width=\"580\" height=\"386\" src=\"https:\/\/nkef.eus\/wp-content\/uploads\/2022\/05\/IMG_20220529_201939_996-1024x682.webp\" class=\"attachment-large size-large\" alt=\"\" loading=\"lazy\" srcset=\"https:\/\/nkef.eus\/wp-content\/uploads\/2022\/05\/IMG_20220529_201939_996-1024x682.webp 1024w, https:\/\/nkef.eus\/wp-content\/uploads\/2022\/05\/IMG_20220529_201939_996-300x200.webp 300w, https:\/\/nkef.eus\/wp-content\/uploads\/2022\/05\/IMG_20220529_201939_996-768x511.webp 768w, https:\/\/nkef.eus\/wp-content\/uploads\/2022\/05\/IMG_20220529_201939_996-18x12.webp 18w, https:\/\/nkef.eus\/wp-content\/uploads\/2022\/05\/IMG_20220529_201939_996-1200x799.webp 1200w, https:\/\/nkef.eus\/wp-content\/uploads\/2022\/05\/IMG_20220529_201939_996.webp 1440w\" sizes=\"(max-width: 580px) 100vw, 580px\" \/>\t\t\t\t\t\t\t\t\t\t\t\t\t\t<\/div>\n\t\t\t\t\t\t<\/div>\n\t\t\t\t<\/div>\n\t\t\t\t<div class=\"elementor-element elementor-element-784ec4aa elementor-widget elementor-widget-text-editor\" data-id=\"784ec4aa\" data-element_type=\"widget\" data-widget_type=\"text-editor.default\">\n\t\t\t\t<div class=\"elementor-widget-container\">\n\t\t\t\t\t\t\t\t<div class=\"elementor-text-editor elementor-clearfix\">\n\t\t\t\t<p>El CD Bipolo consigui\u00f3 este pasado fin de semana su primera Copa de Espa\u00f1a sub-18 de hockey hielo. Un premio sustentado en el gran trabajo realizado por el club vitoriano en sus categor\u00edas inferiores. Los pupilos de Adam Wronka se impusieron al Bar\u00e7a por 1-5 y, de este modo, cerraron por todo lo alto la\u00a0<i>Final Four<\/i>. Previamente, los alaveses se hab\u00edan impuesto en semifinales al anfitri\u00f3n CH Jaca (2-5).<\/p><p>Zorionak&#8230;.<\/p>\t\t\t\t\t<\/div>\n\t\t\t\t\t\t<\/div>\n\t\t\t\t<\/div>\n\t\t\t\t\t\t<\/div>\n\t\t\t\t\t<\/div>\n\t\t<\/div>\n\t\t\t\t\t\t\t\t<\/div>\n\t\t\t\t\t<\/div>\n\t\t<\/section>\n\t\t\t\t\t\t\t\t\t<\/div>\n\t\t\t<\/div>\n\t\t\t\t\t<\/div>\n\t\t","protected":false},"excerpt":{"rendered":"<p>El CD Bipolo conquista su primera copa sub-18 en Jaca El CD Bipolo consigui\u00f3 este pasado fin de semana su primera Copa de Espa\u00f1a sub-18 de hockey hielo. Un premio sustentado en el gran trabajo realizado por el club vitoriano en sus categor\u00edas inferiores. Los pupilos de Adam Wronka se impusieron al Bar\u00e7a por 1-5 [&hellip;]<\/p>\n","protected":false},"author":3,"featured_media":5315,"comment_status":"closed","ping_status":"closed","sticky":false,"template":"elementor_header_footer","format":"standard","meta":[],"categories":[13],"tags":[],"_links":{"self":[{"href":"https:\/\/nkef.eus\/es_es\/index.php\/wp-json\/wp\/v2\/posts\/5314"}],"collection":[{"href":"https:\/\/nkef.eus\/es_es\/index.php\/wp-json\/wp\/v2\/posts"}],"about":[{"href":"https:\/\/nkef.eus\/es_es\/index.php\/wp-json\/wp\/v2\/types\/post"}],"author":[{"embeddable":true,"href":"https:\/\/nkef.eus\/es_es\/index.php\/wp-json\/wp\/v2\/users\/3"}],"replies":[{"embeddable":true,"href":"https:\/\/nkef.eus\/es_es\/index.php\/wp-json\/wp\/v2\/comments?post=5314"}],"version-history":[{"count":7,"href":"https:\/\/nkef.eus\/es_es\/index.php\/wp-json\/wp\/v2\/posts\/5314\/revisions"}],"predecessor-version":[{"id":5322,"href":"https:\/\/nkef.eus\/es_es\/index.php\/wp-json\/wp\/v2\/posts\/5314\/revisions\/5322"}],"wp:featuredmedia":[{"embeddable":true,"href":"https:\/\/nkef.eus\/es_es\/index.php\/wp-json\/wp\/v2\/media\/5315"}],"wp:attachment":[{"href":"https:\/\/nkef.eus\/es_es\/index.php\/wp-json\/wp\/v2\/media?parent=5314"}],"wp:term":[{"taxonomy":"category","embeddable":true,"href":"https:\/\/nkef.eus\/es_es\/index.php\/wp-json\/wp\/v2\/categories?post=5314"},{"taxonomy":"post_tag","embeddable":true,"href":"https:\/\/nkef.eus\/es_es\/index.php\/wp-json\/wp\/v2\/tags?post=5314"}],"curies":[{"name":"wp","href":"https:\/\/api.w.org\/{rel}","templated":true}]}}