{"id":5304,"date":"2022-05-09T07:38:34","date_gmt":"2022-05-09T07:38:34","guid":{"rendered":"https:\/\/nkef.eus\/?p=5304"},"modified":"2022-05-09T07:49:37","modified_gmt":"2022-05-09T07:49:37","slug":"harrikada-de-curling-se-lleva-la-plata-en-el-europeo-c-y-confirma-el-ascenso-de-categoria","status":"publish","type":"post","link":"https:\/\/nkef.eus\/es_es\/index.php\/2022\/05\/09\/harrikada-de-curling-se-lleva-la-plata-en-el-europeo-c-y-confirma-el-ascenso-de-categoria\/","title":{"rendered":"Harrikada de curling se lleva la plata en el Europeo C y confirma el ascenso de categor\u00eda"},"content":{"rendered":"\t\t<div data-elementor-type=\"wp-post\" data-elementor-id=\"5304\" class=\"elementor elementor-5304\">\n\t\t\t\t\t\t<div class=\"elementor-inner\">\n\t\t\t\t<div class=\"elementor-section-wrap\">\n\t\t\t\t\t\t\t\t\t<section class=\"elementor-section elementor-top-section elementor-element elementor-element-55fb7418 elementor-section-content-middle elementor-section-boxed elementor-section-height-default elementor-section-height-default\" data-id=\"55fb7418\" data-element_type=\"section\">\n\t\t\t\t\t\t<div class=\"elementor-container elementor-column-gap-no\">\n\t\t\t\t\t\t\t<div class=\"elementor-row\">\n\t\t\t\t\t<div class=\"elementor-column elementor-col-100 elementor-top-column elementor-element elementor-element-403d1873\" data-id=\"403d1873\" data-element_type=\"column\">\n\t\t\t<div class=\"elementor-column-wrap elementor-element-populated\">\n\t\t\t\t\t\t\t<div class=\"elementor-widget-wrap\">\n\t\t\t\t\t\t<div class=\"elementor-element elementor-element-7fb8e445 elementor-widget elementor-widget-heading\" data-id=\"7fb8e445\" data-element_type=\"widget\" data-widget_type=\"heading.default\">\n\t\t\t\t<div class=\"elementor-widget-container\">\n\t\t\t<h4 class=\"elementor-heading-title elementor-size-default\">Harrikada  curling se lleva la plata en el Europeo C y confirma el ascenso de categor\u00eda<\/h4>\t\t<\/div>\n\t\t\t\t<\/div>\n\t\t\t\t<div class=\"elementor-element elementor-element-c3964e6 elementor-widget elementor-widget-image\" data-id=\"c3964e6\" data-element_type=\"widget\" data-widget_type=\"image.default\">\n\t\t\t\t<div class=\"elementor-widget-container\">\n\t\t\t\t\t\t\t\t<div class=\"elementor-image\">\n\t\t\t\t\t\t\t\t\t\t\t\t<img width=\"580\" height=\"435\" src=\"https:\/\/nkef.eus\/wp-content\/uploads\/2022\/05\/3BLX27GYTNBFTMP574NOTWG7JI.jpg\" class=\"attachment-large size-large\" alt=\"\" loading=\"lazy\" srcset=\"https:\/\/nkef.eus\/wp-content\/uploads\/2022\/05\/3BLX27GYTNBFTMP574NOTWG7JI.jpg 736w, https:\/\/nkef.eus\/wp-content\/uploads\/2022\/05\/3BLX27GYTNBFTMP574NOTWG7JI-300x225.jpg 300w, https:\/\/nkef.eus\/wp-content\/uploads\/2022\/05\/3BLX27GYTNBFTMP574NOTWG7JI-16x12.jpg 16w\" sizes=\"(max-width: 580px) 100vw, 580px\" \/>\t\t\t\t\t\t\t\t\t\t\t\t\t\t<\/div>\n\t\t\t\t\t\t<\/div>\n\t\t\t\t<\/div>\n\t\t\t\t<div class=\"elementor-element elementor-element-b9c2797 elementor-widget elementor-widget-text-editor\" data-id=\"b9c2797\" data-element_type=\"widget\" data-widget_type=\"text-editor.default\">\n\t\t\t\t<div class=\"elementor-widget-container\">\n\t\t\t\t\t\t\t\t<div class=\"elementor-text-editor elementor-clearfix\">\n\t\t\t\t<p><span style=\"color: #000000;\">La selecci\u00f3n espa\u00f1ola de curling femenino disputar\u00e1 el a\u00f1o que viene el Europeo B tras la gran actuaci\u00f3n de las vitorianas<\/span><\/p>\t\t\t\t\t<\/div>\n\t\t\t\t\t\t<\/div>\n\t\t\t\t<\/div>\n\t\t\t\t<div class=\"elementor-element elementor-element-1e44354 elementor-widget-divider--view-line elementor-widget elementor-widget-divider\" data-id=\"1e44354\" data-element_type=\"widget\" data-widget_type=\"divider.default\">\n\t\t\t\t<div class=\"elementor-widget-container\">\n\t\t\t\t\t<div class=\"elementor-divider\">\n\t\t\t<span class=\"elementor-divider-separator\">\n\t\t\t\t\t\t<\/span>\n\t\t<\/div>\n\t\t\t\t<\/div>\n\t\t\t\t<\/div>\n\t\t\t\t<div class=\"elementor-element elementor-element-34224757 elementor-widget elementor-widget-text-editor\" data-id=\"34224757\" data-element_type=\"widget\" data-widget_type=\"text-editor.default\">\n\t\t\t\t<div class=\"elementor-widget-container\">\n\t\t\t\t\t\t\t\t<div class=\"elementor-text-editor elementor-clearfix\">\n\t\t\t\t<p>Un nuevo \u00e9xito para el curling alav\u00e9s. El club vitoriano Harrikada logr\u00f3 una meritoria plata en el campeonato celebrado en Kaunas y, de este modo,\u00a0<strong>rubrican unas semanas extraordinarias tras sumar el t\u00edtulo nacional y la medalla en Europa.<\/strong><\/p><p>El equipo femenino, formado por\u00a0<strong>Lydia Vall\u00e9s, Leire Carasa, Oihane Ruiz, Luc\u00eda Majuelo y Mariola Sedano<\/strong>\u00a0represent\u00f3 a la selecci\u00f3n espa\u00f1ola tras conquistar el t\u00edtulo nacional y despu\u00e9s de un largo mes de preparaci\u00f3n el esfuerzo realizado obtuvo su recompensa en el torneo celebrado en Lituania.<\/p>\t\t\t\t\t<\/div>\n\t\t\t\t\t\t<\/div>\n\t\t\t\t<\/div>\n\t\t\t\t<div class=\"elementor-element elementor-element-bbb4be3 elementor-widget elementor-widget-image\" data-id=\"bbb4be3\" data-element_type=\"widget\" data-widget_type=\"image.default\">\n\t\t\t\t<div class=\"elementor-widget-container\">\n\t\t\t\t\t\t\t\t<div class=\"elementor-image\">\n\t\t\t\t\t\t\t\t\t\t\t\t<img width=\"580\" height=\"387\" src=\"https:\/\/nkef.eus\/wp-content\/uploads\/2022\/05\/harrikada-4.jpeg\" class=\"attachment-large size-large\" alt=\"\" loading=\"lazy\" srcset=\"https:\/\/nkef.eus\/wp-content\/uploads\/2022\/05\/harrikada-4.jpeg 690w, https:\/\/nkef.eus\/wp-content\/uploads\/2022\/05\/harrikada-4-300x200.jpeg 300w, https:\/\/nkef.eus\/wp-content\/uploads\/2022\/05\/harrikada-4-18x12.jpeg 18w\" sizes=\"(max-width: 580px) 100vw, 580px\" \/>\t\t\t\t\t\t\t\t\t\t\t\t\t\t<\/div>\n\t\t\t\t\t\t<\/div>\n\t\t\t\t<\/div>\n\t\t\t\t<div class=\"elementor-element elementor-element-ec2d750 elementor-widget elementor-widget-text-editor\" data-id=\"ec2d750\" data-element_type=\"widget\" data-widget_type=\"text-editor.default\">\n\t\t\t\t<div class=\"elementor-widget-container\">\n\t\t\t\t\t\t\t\t<div class=\"elementor-text-editor elementor-clearfix\">\n\t\t\t\t<p>La fase de grupos de las alavesas fue pr\u00e1cticamente brillante. Empezaron el campeonato con buen pie tras vencer a Croacia y, aunque cayesen en el segundo choque ante B\u00e9lgica, las del Harrikada no dieron su brazo a torcer. Afrontaron el segundo d\u00eda con una gran fortaleza mental y ganaron tanto a Francia como a Gales.\u00a0<strong>Gracias a ello escalaron puestos en la zona noble de la clasificaci\u00f3n.<\/strong>\u00a0Las alavesas cerraron la fase de grupos con un triunfo ante Ucrania y una derrota ante Irlanda, aunque ya estaban matem\u00e1ticamente clasificadas para las semifinales.<\/p><p>All\u00ed se enfrentaron a Finlandia, una selecci\u00f3n invicta a lo largo del campeonato y en un partido que se decidi\u00f3 por la m\u00ednima. No se decidi\u00f3 hasta las \u00faltimas piedras del \u00faltimo\u00a0<em>end<\/em>.<strong>\u00a0Tras empezar perdiendo 3-0 despu\u00e9s del tercer\u00a0<em>end<\/em>, parec\u00eda<em>\u00a0<\/em>que la selecci\u00f3n escandinava hab\u00eda activado su apisonadora y no habr\u00eda manera de darle la vuelta.<\/strong><\/p><p>Sin embargo, las alavesas no se rindieron y cuando solo quedaba un \u00faltimo juego las chicas del Harrikada consiguieron lograr dos puntos para ponerse por delante y llegar a la gran final.<strong>\u00a0El hecho de superar las semifinales otorg\u00f3 tambi\u00e9n una plaza de ascenso a la categor\u00eda B que Espa\u00f1a perdi\u00f3 en el curso anterior.<\/strong>\u00a0Un logro conseguido a trav\u00e9s de la ambici\u00f3n y el desparpajo de las chicas del Harrikada.<\/p><h5 style=\"text-align: left;\"><strong>M\u00c1S QUE UNA PLATA<\/strong><\/h5><p>Las alavesas se volvieron a ver las caras con la selecci\u00f3n belga en la gran final, que estuvo marcada por la igualdad y que no se decidi\u00f3 hasta las \u00faltimas piedras extra del\u00a0<em>end<\/em>. Las vitorianas<strong>\u00a0llegaron con todas las posibilidades de hacerse con el triunfo;<\/strong>\u00a0desafortunadamente, la\u00a0<em>skip\u00a0<\/em>de las belgas consigui\u00f3 ejecutar un magn\u00edfico tiro que les dio el oro.<\/p><div id=\"addoor-widget-1369\" class=\"addoor-widget\">\u00a0<\/div><div id=\"addoor-widget-1370\" class=\"addoor-widget\">\u00a0<\/div><p>De este modo el equipo regresa de su aventura europea con unas sensaciones extraordinarias. Adem\u00e1s de lograr una medalla de plata, la selecci\u00f3n vuelve con un billete para el Europeo B\u00a0<strong>que se disputar\u00e1 en el pr\u00f3ximo mes de noviembre<\/strong><\/p>\t\t\t\t\t<\/div>\n\t\t\t\t\t\t<\/div>\n\t\t\t\t<\/div>\n\t\t\t\t\t\t<\/div>\n\t\t\t\t\t<\/div>\n\t\t<\/div>\n\t\t\t\t\t\t\t\t<\/div>\n\t\t\t\t\t<\/div>\n\t\t<\/section>\n\t\t\t\t\t\t\t\t\t<\/div>\n\t\t\t<\/div>\n\t\t\t\t\t<\/div>\n\t\t","protected":false},"excerpt":{"rendered":"<p>Harrikada curling se lleva la plata en el Europeo C y confirma el ascenso de categor\u00eda La selecci\u00f3n espa\u00f1ola de curling femenino disputar\u00e1 el a\u00f1o que viene el Europeo B tras la gran actuaci\u00f3n de las vitorianas Un nuevo \u00e9xito para el curling alav\u00e9s. El club vitoriano Harrikada logr\u00f3 una meritoria plata en el campeonato [&hellip;]<\/p>\n","protected":false},"author":3,"featured_media":5305,"comment_status":"closed","ping_status":"closed","sticky":false,"template":"elementor_header_footer","format":"standard","meta":[],"categories":[8],"tags":[],"_links":{"self":[{"href":"https:\/\/nkef.eus\/es_es\/index.php\/wp-json\/wp\/v2\/posts\/5304"}],"collection":[{"href":"https:\/\/nkef.eus\/es_es\/index.php\/wp-json\/wp\/v2\/posts"}],"about":[{"href":"https:\/\/nkef.eus\/es_es\/index.php\/wp-json\/wp\/v2\/types\/post"}],"author":[{"embeddable":true,"href":"https:\/\/nkef.eus\/es_es\/index.php\/wp-json\/wp\/v2\/users\/3"}],"replies":[{"embeddable":true,"href":"https:\/\/nkef.eus\/es_es\/index.php\/wp-json\/wp\/v2\/comments?post=5304"}],"version-history":[{"count":4,"href":"https:\/\/nkef.eus\/es_es\/index.php\/wp-json\/wp\/v2\/posts\/5304\/revisions"}],"predecessor-version":[{"id":5310,"href":"https:\/\/nkef.eus\/es_es\/index.php\/wp-json\/wp\/v2\/posts\/5304\/revisions\/5310"}],"wp:featuredmedia":[{"embeddable":true,"href":"https:\/\/nkef.eus\/es_es\/index.php\/wp-json\/wp\/v2\/media\/5305"}],"wp:attachment":[{"href":"https:\/\/nkef.eus\/es_es\/index.php\/wp-json\/wp\/v2\/media?parent=5304"}],"wp:term":[{"taxonomy":"category","embeddable":true,"href":"https:\/\/nkef.eus\/es_es\/index.php\/wp-json\/wp\/v2\/categories?post=5304"},{"taxonomy":"post_tag","embeddable":true,"href":"https:\/\/nkef.eus\/es_es\/index.php\/wp-json\/wp\/v2\/tags?post=5304"}],"curies":[{"name":"wp","href":"https:\/\/api.w.org\/{rel}","templated":true}]}}