{"id":5066,"date":"2022-01-31T11:30:22","date_gmt":"2022-01-31T11:30:22","guid":{"rendered":"https:\/\/nkef.eus\/?p=5066"},"modified":"2022-01-31T11:31:36","modified_gmt":"2022-01-31T11:31:36","slug":"lucas-eguibar-acaba-quinto-aunque-con-muy-buenas-sensaciones-en-la-copa-del-mundo-de-cortina-dampezzo","status":"publish","type":"post","link":"https:\/\/nkef.eus\/es_es\/index.php\/2022\/01\/31\/lucas-eguibar-acaba-quinto-aunque-con-muy-buenas-sensaciones-en-la-copa-del-mundo-de-cortina-dampezzo\/","title":{"rendered":"Lucas Eguibar acaba quinto aunque con muy buenas sensaciones en la Copa del Mundo de Cortina d\u00b4Ampezzo"},"content":{"rendered":"\t\t<div data-elementor-type=\"wp-post\" data-elementor-id=\"5066\" class=\"elementor elementor-5066\">\n\t\t\t\t\t\t<div class=\"elementor-inner\">\n\t\t\t\t<div class=\"elementor-section-wrap\">\n\t\t\t\t\t\t\t\t\t<section class=\"elementor-section elementor-top-section elementor-element elementor-element-265c5812 elementor-section-content-middle elementor-section-boxed elementor-section-height-default elementor-section-height-default\" data-id=\"265c5812\" data-element_type=\"section\">\n\t\t\t\t\t\t<div class=\"elementor-container elementor-column-gap-no\">\n\t\t\t\t\t\t\t<div class=\"elementor-row\">\n\t\t\t\t\t<div class=\"elementor-column elementor-col-100 elementor-top-column elementor-element elementor-element-14bc96b0\" data-id=\"14bc96b0\" data-element_type=\"column\">\n\t\t\t<div class=\"elementor-column-wrap elementor-element-populated\">\n\t\t\t\t\t\t\t<div class=\"elementor-widget-wrap\">\n\t\t\t\t\t\t<div class=\"elementor-element elementor-element-58ab0000 elementor-widget elementor-widget-heading\" data-id=\"58ab0000\" data-element_type=\"widget\" data-widget_type=\"heading.default\">\n\t\t\t\t<div class=\"elementor-widget-container\">\n\t\t\t<h4 class=\"elementor-heading-title elementor-size-default\">Lucas Eguibar acaba quinto aunque con muy buenas sensaciones en la Copa del Mundo de Cortina d\u00b4Ampezzo<\/h4>\t\t<\/div>\n\t\t\t\t<\/div>\n\t\t\t\t<div class=\"elementor-element elementor-element-8242e9d elementor-widget elementor-widget-image\" data-id=\"8242e9d\" data-element_type=\"widget\" data-widget_type=\"image.default\">\n\t\t\t\t<div class=\"elementor-widget-container\">\n\t\t\t\t\t\t\t\t<div class=\"elementor-image\">\n\t\t\t\t\t\t\t\t\t\t\t\t<img width=\"580\" height=\"435\" src=\"https:\/\/nkef.eus\/wp-content\/uploads\/2022\/01\/lucas-1024x768.jpg\" class=\"attachment-large size-large\" alt=\"\" loading=\"lazy\" srcset=\"https:\/\/nkef.eus\/wp-content\/uploads\/2022\/01\/lucas-1024x768.jpg 1024w, https:\/\/nkef.eus\/wp-content\/uploads\/2022\/01\/lucas-300x225.jpg 300w, https:\/\/nkef.eus\/wp-content\/uploads\/2022\/01\/lucas-768x576.jpg 768w, https:\/\/nkef.eus\/wp-content\/uploads\/2022\/01\/lucas-16x12.jpg 16w, https:\/\/nkef.eus\/wp-content\/uploads\/2022\/01\/lucas.jpg 1080w\" sizes=\"(max-width: 580px) 100vw, 580px\" \/>\t\t\t\t\t\t\t\t\t\t\t\t\t\t<\/div>\n\t\t\t\t\t\t<\/div>\n\t\t\t\t<\/div>\n\t\t\t\t<div class=\"elementor-element elementor-element-3da6d8a elementor-widget-divider--view-line elementor-widget elementor-widget-divider\" data-id=\"3da6d8a\" data-element_type=\"widget\" data-widget_type=\"divider.default\">\n\t\t\t\t<div class=\"elementor-widget-container\">\n\t\t\t\t\t<div class=\"elementor-divider\">\n\t\t\t<span class=\"elementor-divider-separator\">\n\t\t\t\t\t\t<\/span>\n\t\t<\/div>\n\t\t\t\t<\/div>\n\t\t\t\t<\/div>\n\t\t\t\t<div class=\"elementor-element elementor-element-da32b98 elementor-widget elementor-widget-text-editor\" data-id=\"da32b98\" data-element_type=\"widget\" data-widget_type=\"text-editor.default\">\n\t\t\t\t<div class=\"elementor-widget-container\">\n\t\t\t\t\t\t\t\t<div class=\"elementor-text-editor elementor-clearfix\">\n\t\t\t\t<h6><span style=\"color: #000000;\"><strong>El rider de Basque Team ha brillado en casi todas las eliminatorias de la carrera nocturna y solo un desequilibrio en la semifinal ha empa\u00f1ado su actuaci\u00f3n en la localidad italiana<\/strong><\/span><\/h6>\t\t\t\t\t<\/div>\n\t\t\t\t\t\t<\/div>\n\t\t\t\t<\/div>\n\t\t\t\t<div class=\"elementor-element elementor-element-1df9e62 elementor-widget-divider--view-line elementor-widget elementor-widget-divider\" data-id=\"1df9e62\" data-element_type=\"widget\" data-widget_type=\"divider.default\">\n\t\t\t\t<div class=\"elementor-widget-container\">\n\t\t\t\t\t<div class=\"elementor-divider\">\n\t\t\t<span class=\"elementor-divider-separator\">\n\t\t\t\t\t\t<\/span>\n\t\t<\/div>\n\t\t\t\t<\/div>\n\t\t\t\t<\/div>\n\t\t\t\t<div class=\"elementor-element elementor-element-a13af0d elementor-aspect-ratio-169 elementor-widget elementor-widget-video\" data-id=\"a13af0d\" data-element_type=\"widget\" data-settings=\"{&quot;youtube_url&quot;:&quot;https:\\\/\\\/www.youtube.com\\\/watch?v=sqGNEmTiz94&quot;,&quot;video_type&quot;:&quot;youtube&quot;,&quot;controls&quot;:&quot;yes&quot;,&quot;aspect_ratio&quot;:&quot;169&quot;}\" data-widget_type=\"video.default\">\n\t\t\t\t<div class=\"elementor-widget-container\">\n\t\t\t\t\t<div class=\"elementor-wrapper elementor-fit-aspect-ratio elementor-open-inline\">\n\t\t\t<div class=\"elementor-video\"><\/div>\t\t<\/div>\n\t\t\t\t<\/div>\n\t\t\t\t<\/div>\n\t\t\t\t<div class=\"elementor-element elementor-element-2de2a3a elementor-widget-divider--view-line elementor-widget elementor-widget-divider\" data-id=\"2de2a3a\" data-element_type=\"widget\" data-widget_type=\"divider.default\">\n\t\t\t\t<div class=\"elementor-widget-container\">\n\t\t\t\t\t<div class=\"elementor-divider\">\n\t\t\t<span class=\"elementor-divider-separator\">\n\t\t\t\t\t\t<\/span>\n\t\t<\/div>\n\t\t\t\t<\/div>\n\t\t\t\t<\/div>\n\t\t\t\t<div class=\"elementor-element elementor-element-44c3ef4 elementor-widget elementor-widget-heading\" data-id=\"44c3ef4\" data-element_type=\"widget\" data-widget_type=\"heading.default\">\n\t\t\t\t<div class=\"elementor-widget-container\">\n\t\t\t<h2 class=\"elementor-heading-title elementor-size-default\">NOTOCIA BASQUE TEAM<\/h2>\t\t<\/div>\n\t\t\t\t<\/div>\n\t\t\t\t<div class=\"elementor-element elementor-element-4388403 elementor-widget elementor-widget-text-editor\" data-id=\"4388403\" data-element_type=\"widget\" data-widget_type=\"text-editor.default\">\n\t\t\t\t<div class=\"elementor-widget-container\">\n\t\t\t\t\t\t\t\t<div class=\"elementor-text-editor elementor-clearfix\">\n\t\t\t\t<p style=\"text-align: center;\">Hoy la suerte no ha acompa\u00f1ado demasiado a Lucas Eguibar en la Copa del Mundo de Cortina d\u00b4Ampezzo. Primero una ca\u00edda en los entrenamientos de la ma\u00f1ana le dejaba el Soax dolorido para la clasificatoria aunque el donostiarra ha sabido sobreponerse para lograr el billete para la carrera de la tarde en decimotercera posici\u00f3n<\/p><p style=\"text-align: center;\">Ya en la gran cita Luki ha afrontado los octavos de final con garra, sabiendo al mismo tiempo dosificar fuerzas de cara al gran objetivo de la temporada, los Juegos Ol\u00edmpicos de Beijing 2022. En octavos de final ha avanzado a la siguiente ronda junto al alem\u00e1n Noerl.<br \/>En cuarto de final el snowboarder becado por Basque Team ha sido el m\u00e1s r\u00e1pido en todos los pasos cronometrados lo que le ha valido para imponerse de nuevo a Noerl, al austriaco Lueftner y al italiano Ferrari.<\/p><p style=\"text-align: center;\">Todo apuntaba a que el podio hoy pod\u00eda estar cerca, al igual que ocurri\u00f3 en la Copa del Mundo de Cervinia, donde Lucas Eguibar se adjudic\u00f3 la medalla de bronce. Una ca\u00edda cerca de la salida ha privado al donostiarra de estar en la gran final y cosechar adem\u00e1s unos puntos muy valiosos para la general de la Copa del Mundo. No obstante, la carrera ha dejado muy buenas sensaciones al propio Eguibar y a todo su equipo.<\/p><p style=\"text-align: center;\">El peque\u00f1o error de la semifinal ha quedado olvidado en la Small Final, ya que Lucas ha sacado de nuevo a la pista todas sus virtudes y ha vuelto a brillar sobre el resto de sus competidores. Se ha impuesto con autoridad al franc\u00e9s Vuagnoux, al austriaco Pickl y al italiano Visintin para acabar en quinta posici\u00f3n en la prueba de Cortina d\u00b4Ampezzo<\/p><p style=\"text-align: center;\">El actual campe\u00f3n del Mundo ha mostrado sus galones en Cortina d\u00b4Ampezzo y seg\u00fan lo realizado hoy en el circuito italiano, promete mucha batalla para llevarse su primera medalla ol\u00edmpica en China<\/p>\t\t\t\t\t<\/div>\n\t\t\t\t\t\t<\/div>\n\t\t\t\t<\/div>\n\t\t\t\t\t\t<\/div>\n\t\t\t\t\t<\/div>\n\t\t<\/div>\n\t\t\t\t\t\t\t\t<\/div>\n\t\t\t\t\t<\/div>\n\t\t<\/section>\n\t\t\t\t\t\t\t\t\t<\/div>\n\t\t\t<\/div>\n\t\t\t\t\t<\/div>\n\t\t","protected":false},"excerpt":{"rendered":"<p>Lucas Eguibar acaba quinto aunque con muy buenas sensaciones en la Copa del Mundo de Cortina d\u00b4Ampezzo El rider de Basque Team ha brillado en casi todas las eliminatorias de la carrera nocturna y solo un desequilibrio en la semifinal ha empa\u00f1ado su actuaci\u00f3n en la localidad italiana NOTOCIA BASQUE TEAM Hoy la suerte no [&hellip;]<\/p>\n","protected":false},"author":3,"featured_media":5067,"comment_status":"closed","ping_status":"closed","sticky":false,"template":"elementor_header_footer","format":"standard","meta":[],"categories":[19],"tags":[],"_links":{"self":[{"href":"https:\/\/nkef.eus\/es_es\/index.php\/wp-json\/wp\/v2\/posts\/5066"}],"collection":[{"href":"https:\/\/nkef.eus\/es_es\/index.php\/wp-json\/wp\/v2\/posts"}],"about":[{"href":"https:\/\/nkef.eus\/es_es\/index.php\/wp-json\/wp\/v2\/types\/post"}],"author":[{"embeddable":true,"href":"https:\/\/nkef.eus\/es_es\/index.php\/wp-json\/wp\/v2\/users\/3"}],"replies":[{"embeddable":true,"href":"https:\/\/nkef.eus\/es_es\/index.php\/wp-json\/wp\/v2\/comments?post=5066"}],"version-history":[{"count":7,"href":"https:\/\/nkef.eus\/es_es\/index.php\/wp-json\/wp\/v2\/posts\/5066\/revisions"}],"predecessor-version":[{"id":5074,"href":"https:\/\/nkef.eus\/es_es\/index.php\/wp-json\/wp\/v2\/posts\/5066\/revisions\/5074"}],"wp:featuredmedia":[{"embeddable":true,"href":"https:\/\/nkef.eus\/es_es\/index.php\/wp-json\/wp\/v2\/media\/5067"}],"wp:attachment":[{"href":"https:\/\/nkef.eus\/es_es\/index.php\/wp-json\/wp\/v2\/media?parent=5066"}],"wp:term":[{"taxonomy":"category","embeddable":true,"href":"https:\/\/nkef.eus\/es_es\/index.php\/wp-json\/wp\/v2\/categories?post=5066"},{"taxonomy":"post_tag","embeddable":true,"href":"https:\/\/nkef.eus\/es_es\/index.php\/wp-json\/wp\/v2\/tags?post=5066"}],"curies":[{"name":"wp","href":"https:\/\/api.w.org\/{rel}","templated":true}]}}