{"id":4942,"date":"2022-01-10T09:26:38","date_gmt":"2022-01-10T09:26:38","guid":{"rendered":"https:\/\/nkef.eus\/?p=4942"},"modified":"2022-02-01T08:31:26","modified_gmt":"2022-02-01T08:31:26","slug":"bat-to-beijing-siguiendo-la-senda","status":"publish","type":"post","link":"https:\/\/nkef.eus\/es_es\/index.php\/2022\/01\/10\/bat-to-beijing-siguiendo-la-senda\/","title":{"rendered":"\u2018BAT To Beijing\u2019   &#8216;Siguiendo la senda&#8217;"},"content":{"rendered":"\t\t<div data-elementor-type=\"wp-post\" data-elementor-id=\"4942\" class=\"elementor elementor-4942\">\n\t\t\t\t\t\t<div class=\"elementor-inner\">\n\t\t\t\t<div class=\"elementor-section-wrap\">\n\t\t\t\t\t\t\t\t\t<section class=\"elementor-section elementor-top-section elementor-element elementor-element-2e98e398 elementor-section-content-middle elementor-section-boxed elementor-section-height-default elementor-section-height-default\" data-id=\"2e98e398\" data-element_type=\"section\">\n\t\t\t\t\t\t<div class=\"elementor-container elementor-column-gap-no\">\n\t\t\t\t\t\t\t<div class=\"elementor-row\">\n\t\t\t\t\t<div class=\"elementor-column elementor-col-100 elementor-top-column elementor-element elementor-element-46ec9b4c\" data-id=\"46ec9b4c\" data-element_type=\"column\">\n\t\t\t<div class=\"elementor-column-wrap elementor-element-populated\">\n\t\t\t\t\t\t\t<div class=\"elementor-widget-wrap\">\n\t\t\t\t\t\t<div class=\"elementor-element elementor-element-7d52df2d elementor-widget elementor-widget-heading\" data-id=\"7d52df2d\" data-element_type=\"widget\" data-widget_type=\"heading.default\">\n\t\t\t\t<div class=\"elementor-widget-container\">\n\t\t\t<h4 class=\"elementor-heading-title elementor-size-default\">\u2018BAT To Beijing\u2019   'Siguiendo la senda'<\/h4>\t\t<\/div>\n\t\t\t\t<\/div>\n\t\t\t\t<div class=\"elementor-element elementor-element-a3e9b18 elementor-widget elementor-widget-image\" data-id=\"a3e9b18\" data-element_type=\"widget\" data-widget_type=\"image.default\">\n\t\t\t\t<div class=\"elementor-widget-container\">\n\t\t\t\t\t\t\t\t<div class=\"elementor-image\">\n\t\t\t\t\t\t\t\t\t\t\t\t<img width=\"580\" height=\"250\" src=\"https:\/\/nkef.eus\/wp-content\/uploads\/2022\/01\/imanol-1024x442.jpg\" class=\"attachment-large size-large\" alt=\"\" loading=\"lazy\" srcset=\"https:\/\/nkef.eus\/wp-content\/uploads\/2022\/01\/imanol-1024x442.jpg 1024w, https:\/\/nkef.eus\/wp-content\/uploads\/2022\/01\/imanol-300x129.jpg 300w, https:\/\/nkef.eus\/wp-content\/uploads\/2022\/01\/imanol-768x331.jpg 768w, https:\/\/nkef.eus\/wp-content\/uploads\/2022\/01\/imanol-18x8.jpg 18w, https:\/\/nkef.eus\/wp-content\/uploads\/2022\/01\/imanol.jpg 1057w\" sizes=\"(max-width: 580px) 100vw, 580px\" \/>\t\t\t\t\t\t\t\t\t\t\t\t\t\t<\/div>\n\t\t\t\t\t\t<\/div>\n\t\t\t\t<\/div>\n\t\t\t\t<div class=\"elementor-element elementor-element-65cb48b elementor-widget elementor-widget-text-editor\" data-id=\"65cb48b\" data-element_type=\"widget\" data-widget_type=\"text-editor.default\">\n\t\t\t\t<div class=\"elementor-widget-container\">\n\t\t\t\t\t\t\t\t<div class=\"elementor-text-editor elementor-clearfix\">\n\t\t\t\t<h5 style=\"text-align: center;\"><span style=\"text-decoration: underline;\"><strong>PRIMER CAP\u00cdTULO &#8216;Siguiendo la Senda&#8217;\u00a0<\/strong><\/span><\/h5><p style=\"text-align: center;\"><span style=\"color: #000000;\">Cap\u00edtulo dedicado a los y las esquiadoras de fondo de Basque Team. Alaia Juaristi y Peio A\u00f1arbe, componentes del proyecto de excelencia puesto en marcha conjuntamente con la Federaci\u00f3n Vasca de Deportes de Invierno, siguen los pasos de Imanol Rojo, becado de Basque Team y todo un referente a nivel internacional, que disputar\u00e1 sus terceros Juegos Ol\u00edmpicos en Beijing 2022.<\/span><\/p>\t\t\t\t\t<\/div>\n\t\t\t\t\t\t<\/div>\n\t\t\t\t<\/div>\n\t\t\t\t<div class=\"elementor-element elementor-element-8999d47 elementor-widget-divider--view-line elementor-widget elementor-widget-divider\" data-id=\"8999d47\" data-element_type=\"widget\" data-widget_type=\"divider.default\">\n\t\t\t\t<div class=\"elementor-widget-container\">\n\t\t\t\t\t<div class=\"elementor-divider\">\n\t\t\t<span class=\"elementor-divider-separator\">\n\t\t\t\t\t\t<\/span>\n\t\t<\/div>\n\t\t\t\t<\/div>\n\t\t\t\t<\/div>\n\t\t\t\t<div class=\"elementor-element elementor-element-f47b31c elementor-aspect-ratio-169 elementor-widget elementor-widget-video\" data-id=\"f47b31c\" data-element_type=\"widget\" data-settings=\"{&quot;youtube_url&quot;:&quot;https:\\\/\\\/www.youtube.com\\\/watch?v=q-gfdWW36C8&amp;t=17s&quot;,&quot;video_type&quot;:&quot;youtube&quot;,&quot;controls&quot;:&quot;yes&quot;,&quot;aspect_ratio&quot;:&quot;169&quot;}\" data-widget_type=\"video.default\">\n\t\t\t\t<div class=\"elementor-widget-container\">\n\t\t\t\t\t<div class=\"elementor-wrapper elementor-fit-aspect-ratio elementor-open-inline\">\n\t\t\t<div class=\"elementor-video\"><\/div>\t\t<\/div>\n\t\t\t\t<\/div>\n\t\t\t\t<\/div>\n\t\t\t\t<div class=\"elementor-element elementor-element-42f9c9c elementor-widget-divider--view-line elementor-widget elementor-widget-divider\" data-id=\"42f9c9c\" data-element_type=\"widget\" data-widget_type=\"divider.default\">\n\t\t\t\t<div class=\"elementor-widget-container\">\n\t\t\t\t\t<div class=\"elementor-divider\">\n\t\t\t<span class=\"elementor-divider-separator\">\n\t\t\t\t\t\t<\/span>\n\t\t<\/div>\n\t\t\t\t<\/div>\n\t\t\t\t<\/div>\n\t\t\t\t<div class=\"elementor-element elementor-element-e4e57ee elementor-widget elementor-widget-text-editor\" data-id=\"e4e57ee\" data-element_type=\"widget\" data-widget_type=\"text-editor.default\">\n\t\t\t\t<div class=\"elementor-widget-container\">\n\t\t\t\t\t\t\t\t<div class=\"elementor-text-editor elementor-clearfix\">\n\t\t\t\t<p style=\"text-align: center;\"><span style=\"text-decoration: underline;\"><strong>SEGUNDO CAP\u00cdTULO &#8216;Desbordando ambici\u00f3n&#8217;\u00a0<\/strong><\/span><\/p>\t\t\t\t\t<\/div>\n\t\t\t\t\t\t<\/div>\n\t\t\t\t<\/div>\n\t\t\t\t<div class=\"elementor-element elementor-element-32b48d0 elementor-widget elementor-widget-text-editor\" data-id=\"32b48d0\" data-element_type=\"widget\" data-widget_type=\"text-editor.default\">\n\t\t\t\t<div class=\"elementor-widget-container\">\n\t\t\t\t\t\t\t\t<div class=\"elementor-text-editor elementor-clearfix\">\n\t\t\t\t<p>El cap\u00edtulo recoge\u00a0las declaraciones de los becados Juan del Campo y Aingeru Garay y de la integrante del proyecto de excelencia June Garitano.\u00a0Juan Del Campo es uno de los referentes del esqu\u00ed alpino a nivel estatal, con mucha experiencia en Copas de Europa y Copas del Mundo y tres Mundiales y unos Juegos ol\u00edmpicos a sus espaldas a pesar de su edad. \u00c9l es un pionero\u00a0para Aingeru y June, quienes\u00a0tambi\u00e9n han decidido entregar su vida al esqu\u00ed. Ambos tienen los pies en la tierra y saben convivir con la frustraci\u00f3n. Se les augura un futuro muy prometedor, porque tal y como afirma Juan, gozan de ganas y hambre de victorias.\u00a0 \u201cSi no tienes ambici\u00f3n no llegas, lo dem\u00e1s lo aprendes\u201d asegura del Campo.<\/p>\t\t\t\t\t<\/div>\n\t\t\t\t\t\t<\/div>\n\t\t\t\t<\/div>\n\t\t\t\t<div class=\"elementor-element elementor-element-0840df9 elementor-widget-divider--view-line elementor-widget elementor-widget-divider\" data-id=\"0840df9\" data-element_type=\"widget\" data-widget_type=\"divider.default\">\n\t\t\t\t<div class=\"elementor-widget-container\">\n\t\t\t\t\t<div class=\"elementor-divider\">\n\t\t\t<span class=\"elementor-divider-separator\">\n\t\t\t\t\t\t<\/span>\n\t\t<\/div>\n\t\t\t\t<\/div>\n\t\t\t\t<\/div>\n\t\t\t\t<div class=\"elementor-element elementor-element-5f22997 elementor-aspect-ratio-169 elementor-widget elementor-widget-video\" data-id=\"5f22997\" data-element_type=\"widget\" data-settings=\"{&quot;youtube_url&quot;:&quot;https:\\\/\\\/www.youtube.com\\\/watch?v=AERe67siEFY&quot;,&quot;video_type&quot;:&quot;youtube&quot;,&quot;controls&quot;:&quot;yes&quot;,&quot;aspect_ratio&quot;:&quot;169&quot;}\" data-widget_type=\"video.default\">\n\t\t\t\t<div class=\"elementor-widget-container\">\n\t\t\t\t\t<div class=\"elementor-wrapper elementor-fit-aspect-ratio elementor-open-inline\">\n\t\t\t<div class=\"elementor-video\"><\/div>\t\t<\/div>\n\t\t\t\t<\/div>\n\t\t\t\t<\/div>\n\t\t\t\t<div class=\"elementor-element elementor-element-0936b81 elementor-widget-divider--view-line elementor-widget elementor-widget-divider\" data-id=\"0936b81\" data-element_type=\"widget\" data-widget_type=\"divider.default\">\n\t\t\t\t<div class=\"elementor-widget-container\">\n\t\t\t\t\t<div class=\"elementor-divider\">\n\t\t\t<span class=\"elementor-divider-separator\">\n\t\t\t\t\t\t<\/span>\n\t\t<\/div>\n\t\t\t\t<\/div>\n\t\t\t\t<\/div>\n\t\t\t\t<div class=\"elementor-element elementor-element-5ab9a25 elementor-widget elementor-widget-text-editor\" data-id=\"5ab9a25\" data-element_type=\"widget\" data-widget_type=\"text-editor.default\">\n\t\t\t\t<div class=\"elementor-widget-container\">\n\t\t\t\t\t\t\t\t<div class=\"elementor-text-editor elementor-clearfix\">\n\t\t\t\t<h5 style=\"text-align: center;\"><span style=\"text-decoration: underline;\"><strong>TERCER CAP\u00cdTULO &#8216;Hambre de Victoria&#8217;\u00a0<\/strong><\/span><\/h5><p>En este cap\u00edtulo <a class=\"oajrlxb2 g5ia77u1 qu0x051f esr5mh6w e9989ue4 r7d6kgcz rq0escxv nhd2j8a9 nc684nl6 p7hjln8o kvgmc6g5 cxmmr5t8 oygrvhab hcukyx3x jb3vyjys rz4wbd8a qt6c0cv9 a8nywdso i1ao9s8h esuyzwwr f1sip0of lzcic4wl gpro0wi8 q66pz984 b1v8xokw\" tabindex=\"0\" role=\"link\" href=\"https:\/\/www.facebook.com\/lucaseguibarbreton\/?__cft__[0]=AZUpO0GDP7tfrJQzovm23pSkgNOe3q4V2TcOv-aqj3kY3bctHOTXe3VI7QJ8hGivJIzgjb9SkYbYpgn8Wo5cljT3q77P7_JIZjZ5qYWyV7-jJgpQm1Hl6yOk7yQEABRJ-2GqS4zW2MSHk8p6bV7vYCclJhGMqCGakn2DmiZ0MBpx1LLdT9075C3ab6v2vG261Kc&amp;__tn__=kK-R\"><span class=\"nc684nl6\">Lucas Eguibar Breton<\/span><\/a> es el principal protagonista aunque estar\u00e1 acompa\u00f1ado por el tambi\u00e9n becado \u00c1lvaro Romero y por la integrante del proyecto de excelencia Irati Idiakez. Lucas es el actual campe\u00f3n del Mundo de <a class=\"oajrlxb2 g5ia77u1 qu0x051f esr5mh6w e9989ue4 r7d6kgcz rq0escxv nhd2j8a9 nc684nl6 p7hjln8o kvgmc6g5 cxmmr5t8 oygrvhab hcukyx3x jb3vyjys rz4wbd8a qt6c0cv9 a8nywdso i1ao9s8h esuyzwwr f1sip0of lzcic4wl gpro0wi8 q66pz984 b1v8xokw\" tabindex=\"0\" role=\"link\" href=\"https:\/\/www.facebook.com\/hashtag\/snowboardcross?__eep__=6&amp;__cft__[0]=AZUpO0GDP7tfrJQzovm23pSkgNOe3q4V2TcOv-aqj3kY3bctHOTXe3VI7QJ8hGivJIzgjb9SkYbYpgn8Wo5cljT3q77P7_JIZjZ5qYWyV7-jJgpQm1Hl6yOk7yQEABRJ-2GqS4zW2MSHk8p6bV7vYCclJhGMqCGakn2DmiZ0MBpx1LLdT9075C3ab6v2vG261Kc&amp;__tn__=*NK-R\">#snowboardcross<\/a> y eso, aunque a priori podr\u00eda suponer un plus de presi\u00f3n a la hora de afrontar sus terceros Juegos ol\u00edmpicos, tambi\u00e9n supone un elemento motivante. Ahora, con un equipo renovado, busca la ansiada medalla ol\u00edmpica tras el diploma de Sochi 2014 y el varapalo de Pyeongchang 2018. Los j\u00f3venes \u00c1lvaro Romero e Irati Idiakez siguen sus pasos, con el mismo hambre de victoria que el campe\u00f3n.<\/p>\t\t\t\t\t<\/div>\n\t\t\t\t\t\t<\/div>\n\t\t\t\t<\/div>\n\t\t\t\t<div class=\"elementor-element elementor-element-37b5503 elementor-aspect-ratio-169 elementor-widget elementor-widget-video\" data-id=\"37b5503\" data-element_type=\"widget\" data-settings=\"{&quot;youtube_url&quot;:&quot;https:\\\/\\\/www.youtube.com\\\/watch?v=GmASdRNtpXk&quot;,&quot;video_type&quot;:&quot;youtube&quot;,&quot;controls&quot;:&quot;yes&quot;,&quot;aspect_ratio&quot;:&quot;169&quot;}\" data-widget_type=\"video.default\">\n\t\t\t\t<div class=\"elementor-widget-container\">\n\t\t\t\t\t<div class=\"elementor-wrapper elementor-fit-aspect-ratio elementor-open-inline\">\n\t\t\t<div class=\"elementor-video\"><\/div>\t\t<\/div>\n\t\t\t\t<\/div>\n\t\t\t\t<\/div>\n\t\t\t\t<div class=\"elementor-element elementor-element-ddd3500 elementor-widget-divider--view-line elementor-widget elementor-widget-divider\" data-id=\"ddd3500\" data-element_type=\"widget\" data-widget_type=\"divider.default\">\n\t\t\t\t<div class=\"elementor-widget-container\">\n\t\t\t\t\t<div class=\"elementor-divider\">\n\t\t\t<span class=\"elementor-divider-separator\">\n\t\t\t\t\t\t<\/span>\n\t\t<\/div>\n\t\t\t\t<\/div>\n\t\t\t\t<\/div>\n\t\t\t\t<div class=\"elementor-element elementor-element-3fcebc3 elementor-widget elementor-widget-text-editor\" data-id=\"3fcebc3\" data-element_type=\"widget\" data-widget_type=\"text-editor.default\">\n\t\t\t\t<div class=\"elementor-widget-container\">\n\t\t\t\t\t\t\t\t<div class=\"elementor-text-editor elementor-clearfix\">\n\t\t\t\t<p style=\"text-align: center;\"><span style=\"text-decoration: underline;\"><strong>CUARTO CAP\u00cdTULO \u00b4DUE\u00d1A DEL AIRE\u00b4<\/strong><\/span><\/p>\t\t\t\t\t<\/div>\n\t\t\t\t\t\t<\/div>\n\t\t\t\t<\/div>\n\t\t\t\t<div class=\"elementor-element elementor-element-1c36e63 elementor-widget elementor-widget-text-editor\" data-id=\"1c36e63\" data-element_type=\"widget\" data-widget_type=\"text-editor.default\">\n\t\t\t\t<div class=\"elementor-widget-container\">\n\t\t\t\t\t\t\t\t<div class=\"elementor-text-editor elementor-clearfix\">\n\t\t\t\t<p>Este cap\u00edtulo se centra en la esquiadora de estilo libre o freeski Maialen Oiartzabal. Es de las pocas deportistas vascas dedicadas al esqu\u00ed acrob\u00e1tico, una \u2018rara avis\u2019 dentro de los deportes de invierno. Dio los primeros pasos en el freeski con 12 a\u00f1os, y la adrenalina le enganch\u00f3 por completo, hasta ser ya varias veces campeona de Espa\u00f1a y haberse estrenado ya en la Copa de Europa y en la Copa del Mundo. La clasificaci\u00f3n para estos Juegos se le ha complicado pero todav\u00eda se ve con \u00e1nimo y fuerzas para afrontar otro ciclo ol\u00edmpico.<\/p><p>\u00a0<\/p>\t\t\t\t\t<\/div>\n\t\t\t\t\t\t<\/div>\n\t\t\t\t<\/div>\n\t\t\t\t<div class=\"elementor-element elementor-element-b662d10 elementor-aspect-ratio-169 elementor-widget elementor-widget-video\" data-id=\"b662d10\" data-element_type=\"widget\" data-settings=\"{&quot;youtube_url&quot;:&quot;https:\\\/\\\/www.youtube.com\\\/watch?v=aGCueY7ADuE&quot;,&quot;video_type&quot;:&quot;youtube&quot;,&quot;controls&quot;:&quot;yes&quot;,&quot;aspect_ratio&quot;:&quot;169&quot;}\" data-widget_type=\"video.default\">\n\t\t\t\t<div class=\"elementor-widget-container\">\n\t\t\t\t\t<div class=\"elementor-wrapper elementor-fit-aspect-ratio elementor-open-inline\">\n\t\t\t<div class=\"elementor-video\"><\/div>\t\t<\/div>\n\t\t\t\t<\/div>\n\t\t\t\t<\/div>\n\t\t\t\t<div class=\"elementor-element elementor-element-74d57c9 elementor-widget elementor-widget-spacer\" data-id=\"74d57c9\" data-element_type=\"widget\" data-widget_type=\"spacer.default\">\n\t\t\t\t<div class=\"elementor-widget-container\">\n\t\t\t\t\t<div class=\"elementor-spacer\">\n\t\t\t<div class=\"elementor-spacer-inner\"><\/div>\n\t\t<\/div>\n\t\t\t\t<\/div>\n\t\t\t\t<\/div>\n\t\t\t\t\t\t<\/div>\n\t\t\t\t\t<\/div>\n\t\t<\/div>\n\t\t\t\t\t\t\t\t<\/div>\n\t\t\t\t\t<\/div>\n\t\t<\/section>\n\t\t\t\t\t\t\t\t\t<\/div>\n\t\t\t<\/div>\n\t\t\t\t\t<\/div>\n\t\t","protected":false},"excerpt":{"rendered":"<p>\u2018BAT To Beijing\u2019 &#8216;Siguiendo la senda&#8217; PRIMER CAP\u00cdTULO &#8216;Siguiendo la Senda&#8217;\u00a0 Cap\u00edtulo dedicado a los y las esquiadoras de fondo de Basque Team. Alaia Juaristi y Peio A\u00f1arbe, componentes del proyecto de excelencia puesto en marcha conjuntamente con la Federaci\u00f3n Vasca de Deportes de Invierno, siguen los pasos de Imanol Rojo, becado de Basque Team [&hellip;]<\/p>\n","protected":false},"author":3,"featured_media":4943,"comment_status":"closed","ping_status":"closed","sticky":false,"template":"elementor_header_footer","format":"standard","meta":[],"categories":[9],"tags":[],"_links":{"self":[{"href":"https:\/\/nkef.eus\/es_es\/index.php\/wp-json\/wp\/v2\/posts\/4942"}],"collection":[{"href":"https:\/\/nkef.eus\/es_es\/index.php\/wp-json\/wp\/v2\/posts"}],"about":[{"href":"https:\/\/nkef.eus\/es_es\/index.php\/wp-json\/wp\/v2\/types\/post"}],"author":[{"embeddable":true,"href":"https:\/\/nkef.eus\/es_es\/index.php\/wp-json\/wp\/v2\/users\/3"}],"replies":[{"embeddable":true,"href":"https:\/\/nkef.eus\/es_es\/index.php\/wp-json\/wp\/v2\/comments?post=4942"}],"version-history":[{"count":26,"href":"https:\/\/nkef.eus\/es_es\/index.php\/wp-json\/wp\/v2\/posts\/4942\/revisions"}],"predecessor-version":[{"id":5078,"href":"https:\/\/nkef.eus\/es_es\/index.php\/wp-json\/wp\/v2\/posts\/4942\/revisions\/5078"}],"wp:featuredmedia":[{"embeddable":true,"href":"https:\/\/nkef.eus\/es_es\/index.php\/wp-json\/wp\/v2\/media\/4943"}],"wp:attachment":[{"href":"https:\/\/nkef.eus\/es_es\/index.php\/wp-json\/wp\/v2\/media?parent=4942"}],"wp:term":[{"taxonomy":"category","embeddable":true,"href":"https:\/\/nkef.eus\/es_es\/index.php\/wp-json\/wp\/v2\/categories?post=4942"},{"taxonomy":"post_tag","embeddable":true,"href":"https:\/\/nkef.eus\/es_es\/index.php\/wp-json\/wp\/v2\/tags?post=4942"}],"curies":[{"name":"wp","href":"https:\/\/api.w.org\/{rel}","templated":true}]}}