{"id":4922,"date":"2022-01-05T10:02:47","date_gmt":"2022-01-05T10:02:47","guid":{"rendered":"https:\/\/nkef.eus\/?p=4922"},"modified":"2022-01-05T10:27:26","modified_gmt":"2022-01-05T10:27:26","slug":"imanol-rojo-puesto-42-en-la-general-del-tour-de-ski-2021-22","status":"publish","type":"post","link":"https:\/\/nkef.eus\/es_es\/index.php\/2022\/01\/05\/imanol-rojo-puesto-42-en-la-general-del-tour-de-ski-2021-22\/","title":{"rendered":"IMANOL ROJO PUESTO 42 EN LA GENERAL DEL TOUR DE SKI 2021-22"},"content":{"rendered":"\t\t<div data-elementor-type=\"wp-post\" data-elementor-id=\"4922\" class=\"elementor elementor-4922\">\n\t\t\t\t\t\t<div class=\"elementor-inner\">\n\t\t\t\t<div class=\"elementor-section-wrap\">\n\t\t\t\t\t\t\t\t\t<section class=\"elementor-section elementor-top-section elementor-element elementor-element-cf357da elementor-section-content-middle elementor-section-boxed elementor-section-height-default elementor-section-height-default\" data-id=\"cf357da\" data-element_type=\"section\">\n\t\t\t\t\t\t<div class=\"elementor-container elementor-column-gap-no\">\n\t\t\t\t\t\t\t<div class=\"elementor-row\">\n\t\t\t\t\t<div class=\"elementor-column elementor-col-100 elementor-top-column elementor-element elementor-element-10efbfb2\" data-id=\"10efbfb2\" data-element_type=\"column\">\n\t\t\t<div class=\"elementor-column-wrap elementor-element-populated\">\n\t\t\t\t\t\t\t<div class=\"elementor-widget-wrap\">\n\t\t\t\t\t\t<div class=\"elementor-element elementor-element-40528739 elementor-widget elementor-widget-heading\" data-id=\"40528739\" data-element_type=\"widget\" data-widget_type=\"heading.default\">\n\t\t\t\t<div class=\"elementor-widget-container\">\n\t\t\t<h4 class=\"elementor-heading-title elementor-size-default\">IMANOL ROJO PUESTO 42 EN LA GENERAL DEL TOUR DE SKI 2021-22<\/h4>\t\t<\/div>\n\t\t\t\t<\/div>\n\t\t\t\t<div class=\"elementor-element elementor-element-10bdfb2 elementor-widget elementor-widget-image\" data-id=\"10bdfb2\" data-element_type=\"widget\" data-widget_type=\"image.default\">\n\t\t\t\t<div class=\"elementor-widget-container\">\n\t\t\t\t\t\t\t\t<div class=\"elementor-image\">\n\t\t\t\t\t\t\t\t\t\t\t\t<img width=\"580\" height=\"580\" src=\"https:\/\/nkef.eus\/wp-content\/uploads\/2022\/01\/irojo1990_1622100960080756-1024x1024.jpg\" class=\"attachment-large size-large\" alt=\"\" loading=\"lazy\" srcset=\"https:\/\/nkef.eus\/wp-content\/uploads\/2022\/01\/irojo1990_1622100960080756-1024x1024.jpg 1024w, https:\/\/nkef.eus\/wp-content\/uploads\/2022\/01\/irojo1990_1622100960080756-300x300.jpg 300w, https:\/\/nkef.eus\/wp-content\/uploads\/2022\/01\/irojo1990_1622100960080756-150x150.jpg 150w, https:\/\/nkef.eus\/wp-content\/uploads\/2022\/01\/irojo1990_1622100960080756-768x768.jpg 768w, https:\/\/nkef.eus\/wp-content\/uploads\/2022\/01\/irojo1990_1622100960080756-12x12.jpg 12w, https:\/\/nkef.eus\/wp-content\/uploads\/2022\/01\/irojo1990_1622100960080756.jpg 1080w\" sizes=\"(max-width: 580px) 100vw, 580px\" \/>\t\t\t\t\t\t\t\t\t\t\t\t\t\t<\/div>\n\t\t\t\t\t\t<\/div>\n\t\t\t\t<\/div>\n\t\t\t\t<div class=\"elementor-element elementor-element-6925999 elementor-widget-divider--view-line elementor-widget elementor-widget-divider\" data-id=\"6925999\" data-element_type=\"widget\" data-widget_type=\"divider.default\">\n\t\t\t\t<div class=\"elementor-widget-container\">\n\t\t\t\t\t<div class=\"elementor-divider\">\n\t\t\t<span class=\"elementor-divider-separator\">\n\t\t\t\t\t\t<\/span>\n\t\t<\/div>\n\t\t\t\t<\/div>\n\t\t\t\t<\/div>\n\t\t\t\t<div class=\"elementor-element elementor-element-716cc433 elementor-widget elementor-widget-text-editor\" data-id=\"716cc433\" data-element_type=\"widget\" data-widget_type=\"text-editor.default\">\n\t\t\t\t<div class=\"elementor-widget-container\">\n\t\t\t\t\t\t\t\t<div class=\"elementor-text-editor elementor-clearfix\">\n\t\t\t\t<p style=\"text-align: center;\">El\u00a0<b>Tour de Ski 2021-22<\/b> fue la 16\u00aa edici\u00f3n del Tour de Ski y parte de la Copa del Mundo de esqu\u00ed de Fondo FIS 2021-22 .<\/p><p style=\"text-align: center;\">La primera de las etapas de la Copa del Mundo comenz\u00f3 en Lenzerheide (SUI) , el 28 de diciembre de 2021 y concluy\u00f3 con la etapa Final\u00a0 en Val di Fiemme (ITA) el 4 de enero de 2022.<\/p><p style=\"text-align: center;\">\u00a06 etapas en ocho d\u00edas donde comenzaron un total de 111 corredores y que solamente lograr\u00edan\u00a0 completar la totalidad 56 entre ellos nuestro deportista <span style=\"color: #000000;\">Imanol Rojo.<\/span><\/p><h3><span style=\"text-decoration: underline;\"><strong>TOUR DE SKI GENERAL<\/strong><\/span><\/h3><p style=\"text-align: center;\">El noruego Johannes H\u00f8sflot Kl\u00e6bo comenzaba la \u00faltima de las etapas\u00a0 con el dorsal amarillo l\u00edder y supo afrontar esta brutal etapa final. Por segunda vez despu\u00e9s del Tour de Ski 2018\/19, el joven noruego logra alzarse con la victoria en la general.<\/p><p style=\"text-align: center;\">Con un margen de tiempo de dos minutos, el joven de 25 a\u00f1os ten\u00eda una c\u00f3moda ventaja en cuanto a la clasificaci\u00f3n general del Tour, pero a\u00fan as\u00ed no permiti\u00f3 que nadie se acercara a su tiempo l\u00edder.<\/p><p style=\"text-align: center;\">Alexander Bolshuov (RUS), que gan\u00f3 el Tour de Ski en las \u00faltimas dos temporadas, termin\u00f3 el Tour en segundo lugar con un total de 2:03 minutos de diferencia con Kl\u00e6bo.\u00a0El campe\u00f3n defensor podr\u00eda haber esperado m\u00e1s, pero no pudo alcanzar los preciosos segundos de su contendiente.\u00a0Sin embargo, la diferencia de tiempo con el tercer clasificado, Iivo Niskanen, es notable.<\/p><p style=\"text-align: center;\">Niskanen puede recordar una exitosa serie de etapas del Tour con una victoria en los 15 km C en Lenzerheide y un segundo lugar en los 15 km Mass Start en Val di Fiemme. Niskanen termin\u00f3 con 3:14 segundos de Kl\u00e6bo y lograba el tercer lugar en el podio en la clasificaci\u00f3n general por solo 7 segundos antes que Denis Spitsov.<\/p><p style=\"text-align: center;\">Por su parte <span style=\"color: #000000;\">Imanol<\/span> ha logrado el puesto 42 en la clasificaci\u00f3n general despu\u00e9s de dos TOP 30 logrados en\u00a0 Obersdorf (GER) 15 Km Mass Start Free (puesto 22) y Val Di Fiemme (ITA) 10 Km mass Start Free (puesto 26).<\/p><p style=\"text-align: center;\">Buenas sensaciones del esquiador Tolosarra a menos de un mes para los juegos ol\u00edmpicos de invierno.<\/p>\t\t\t\t\t<\/div>\n\t\t\t\t\t\t<\/div>\n\t\t\t\t<\/div>\n\t\t\t\t<div class=\"elementor-element elementor-element-c9d9256 elementor-widget-divider--view-line elementor-widget elementor-widget-divider\" data-id=\"c9d9256\" data-element_type=\"widget\" data-widget_type=\"divider.default\">\n\t\t\t\t<div class=\"elementor-widget-container\">\n\t\t\t\t\t<div class=\"elementor-divider\">\n\t\t\t<span class=\"elementor-divider-separator\">\n\t\t\t\t\t\t<\/span>\n\t\t<\/div>\n\t\t\t\t<\/div>\n\t\t\t\t<\/div>\n\t\t\t\t<div class=\"elementor-element elementor-element-da8e296 elementor-align-center elementor-widget elementor-widget-button\" data-id=\"da8e296\" data-element_type=\"widget\" data-widget_type=\"button.default\">\n\t\t\t\t<div class=\"elementor-widget-container\">\n\t\t\t\t\t<div class=\"elementor-button-wrapper\">\n\t\t\t<a href=\"https:\/\/nkef.eus\/wp-content\/uploads\/2022\/01\/CLASIFICACION-FINAL-TOUR-DE-SKI.pdf\" class=\"elementor-button-link elementor-button elementor-size-sm\" role=\"button\">\n\t\t\t\t\t\t<span class=\"elementor-button-content-wrapper\">\n\t\t\t\t\t\t<span class=\"elementor-button-text\">CLASIFICACI\u00d3N FINAL TOUR DE SKI 2021-22<\/span>\n\t\t<\/span>\n\t\t\t\t\t<\/a>\n\t\t<\/div>\n\t\t\t\t<\/div>\n\t\t\t\t<\/div>\n\t\t\t\t\t\t<\/div>\n\t\t\t\t\t<\/div>\n\t\t<\/div>\n\t\t\t\t\t\t\t\t<\/div>\n\t\t\t\t\t<\/div>\n\t\t<\/section>\n\t\t\t\t\t\t\t\t\t<\/div>\n\t\t\t<\/div>\n\t\t\t\t\t<\/div>\n\t\t","protected":false},"excerpt":{"rendered":"<p>IMANOL ROJO PUESTO 42 EN LA GENERAL DEL TOUR DE SKI 2021-22 El\u00a0Tour de Ski 2021-22 fue la 16\u00aa edici\u00f3n del Tour de Ski y parte de la Copa del Mundo de esqu\u00ed de Fondo FIS 2021-22 . La primera de las etapas de la Copa del Mundo comenz\u00f3 en Lenzerheide (SUI) , el 28 [&hellip;]<\/p>\n","protected":false},"author":3,"featured_media":4924,"comment_status":"closed","ping_status":"closed","sticky":false,"template":"elementor_header_footer","format":"standard","meta":[],"categories":[9],"tags":[],"_links":{"self":[{"href":"https:\/\/nkef.eus\/es_es\/index.php\/wp-json\/wp\/v2\/posts\/4922"}],"collection":[{"href":"https:\/\/nkef.eus\/es_es\/index.php\/wp-json\/wp\/v2\/posts"}],"about":[{"href":"https:\/\/nkef.eus\/es_es\/index.php\/wp-json\/wp\/v2\/types\/post"}],"author":[{"embeddable":true,"href":"https:\/\/nkef.eus\/es_es\/index.php\/wp-json\/wp\/v2\/users\/3"}],"replies":[{"embeddable":true,"href":"https:\/\/nkef.eus\/es_es\/index.php\/wp-json\/wp\/v2\/comments?post=4922"}],"version-history":[{"count":7,"href":"https:\/\/nkef.eus\/es_es\/index.php\/wp-json\/wp\/v2\/posts\/4922\/revisions"}],"predecessor-version":[{"id":4933,"href":"https:\/\/nkef.eus\/es_es\/index.php\/wp-json\/wp\/v2\/posts\/4922\/revisions\/4933"}],"wp:featuredmedia":[{"embeddable":true,"href":"https:\/\/nkef.eus\/es_es\/index.php\/wp-json\/wp\/v2\/media\/4924"}],"wp:attachment":[{"href":"https:\/\/nkef.eus\/es_es\/index.php\/wp-json\/wp\/v2\/media?parent=4922"}],"wp:term":[{"taxonomy":"category","embeddable":true,"href":"https:\/\/nkef.eus\/es_es\/index.php\/wp-json\/wp\/v2\/categories?post=4922"},{"taxonomy":"post_tag","embeddable":true,"href":"https:\/\/nkef.eus\/es_es\/index.php\/wp-json\/wp\/v2\/tags?post=4922"}],"curies":[{"name":"wp","href":"https:\/\/api.w.org\/{rel}","templated":true}]}}