{"id":4711,"date":"2021-12-27T10:03:38","date_gmt":"2021-12-27T10:03:38","guid":{"rendered":"https:\/\/nkef.eus\/?p=4711"},"modified":"2021-12-27T10:06:56","modified_gmt":"2021-12-27T10:06:56","slug":"%f0%9f%93%8daplazamiento-catalunya-euskadi-hockey-hielo%f0%9f%93%8d","status":"publish","type":"post","link":"https:\/\/nkef.eus\/es_es\/index.php\/2021\/12\/27\/%f0%9f%93%8daplazamiento-catalunya-euskadi-hockey-hielo%f0%9f%93%8d\/","title":{"rendered":"\ud83d\udccdAPLAZAMIENTO CATALUNYA &#8211; EUSKADI HOCKEY HIELO\ud83d\udccd"},"content":{"rendered":"\t\t<div data-elementor-type=\"wp-post\" data-elementor-id=\"4711\" class=\"elementor elementor-4711\">\n\t\t\t\t\t\t<div class=\"elementor-inner\">\n\t\t\t\t<div class=\"elementor-section-wrap\">\n\t\t\t\t\t\t\t\t\t<section class=\"elementor-section elementor-top-section elementor-element elementor-element-7c7dd94c elementor-section-content-middle elementor-section-boxed elementor-section-height-default elementor-section-height-default\" data-id=\"7c7dd94c\" data-element_type=\"section\">\n\t\t\t\t\t\t<div class=\"elementor-container elementor-column-gap-no\">\n\t\t\t\t\t\t\t<div class=\"elementor-row\">\n\t\t\t\t\t<div class=\"elementor-column elementor-col-100 elementor-top-column elementor-element elementor-element-14e9863f\" data-id=\"14e9863f\" data-element_type=\"column\">\n\t\t\t<div class=\"elementor-column-wrap elementor-element-populated\">\n\t\t\t\t\t\t\t<div class=\"elementor-widget-wrap\">\n\t\t\t\t\t\t<div class=\"elementor-element elementor-element-2c493fa4 elementor-widget elementor-widget-heading\" data-id=\"2c493fa4\" data-element_type=\"widget\" data-widget_type=\"heading.default\">\n\t\t\t\t<div class=\"elementor-widget-container\">\n\t\t\t<h4 class=\"elementor-heading-title elementor-size-default\">\ud83d\udccdAPLAZAMIENTO CATALUNYA - EUSKADI HOCKEY HIELO\ud83d\udccd<\/h4>\t\t<\/div>\n\t\t\t\t<\/div>\n\t\t\t\t<div class=\"elementor-element elementor-element-04f8f95 elementor-widget elementor-widget-image\" data-id=\"04f8f95\" data-element_type=\"widget\" data-widget_type=\"image.default\">\n\t\t\t\t<div class=\"elementor-widget-container\">\n\t\t\t\t\t\t\t\t<div class=\"elementor-image\">\n\t\t\t\t\t\t\t\t\t\t\t\t<img width=\"580\" height=\"580\" src=\"https:\/\/nkef.eus\/wp-content\/uploads\/2021\/12\/APLAZADO-1024x1024.png\" class=\"attachment-large size-large\" alt=\"\" loading=\"lazy\" srcset=\"https:\/\/nkef.eus\/wp-content\/uploads\/2021\/12\/APLAZADO-1024x1024.png 1024w, https:\/\/nkef.eus\/wp-content\/uploads\/2021\/12\/APLAZADO-300x300.png 300w, https:\/\/nkef.eus\/wp-content\/uploads\/2021\/12\/APLAZADO-150x150.png 150w, https:\/\/nkef.eus\/wp-content\/uploads\/2021\/12\/APLAZADO-768x768.png 768w, https:\/\/nkef.eus\/wp-content\/uploads\/2021\/12\/APLAZADO-12x12.png 12w, https:\/\/nkef.eus\/wp-content\/uploads\/2021\/12\/APLAZADO.png 1080w\" sizes=\"(max-width: 580px) 100vw, 580px\" \/>\t\t\t\t\t\t\t\t\t\t\t\t\t\t<\/div>\n\t\t\t\t\t\t<\/div>\n\t\t\t\t<\/div>\n\t\t\t\t<div class=\"elementor-element elementor-element-da72217 elementor-widget-divider--view-line elementor-widget elementor-widget-divider\" data-id=\"da72217\" data-element_type=\"widget\" data-widget_type=\"divider.default\">\n\t\t\t\t<div class=\"elementor-widget-container\">\n\t\t\t\t\t<div class=\"elementor-divider\">\n\t\t\t<span class=\"elementor-divider-separator\">\n\t\t\t\t\t\t<\/span>\n\t\t<\/div>\n\t\t\t\t<\/div>\n\t\t\t\t<\/div>\n\t\t\t\t<div class=\"elementor-element elementor-element-72c60cef elementor-widget elementor-widget-text-editor\" data-id=\"72c60cef\" data-element_type=\"widget\" data-widget_type=\"text-editor.default\">\n\t\t\t\t<div class=\"elementor-widget-container\">\n\t\t\t\t\t\t\t\t<div class=\"elementor-text-editor elementor-clearfix\">\n\t\t\t\t<div dir=\"auto\" style=\"text-align: center;\">En Reuni\u00f3n mantenida en el d\u00eda de ayer por las Federaciones Catalana y Vasca de deportes de Invierno y siguiendo las recomendaciones sanitarias, se ha tomado la decisi\u00f3n de aplazar los partidos de selecciones (Masculina y Femenina) que se tendr\u00eda que disputar en Puigcerd\u00e1 el d\u00eda 28 de este mes.<\/div><div dir=\"auto\" style=\"text-align: center;\">Las Federaciones Catalana y Vasca se reunir\u00e1n a lo largo de las pr\u00f3ximas semanas con el fin de buscar nueva fecha para la disputa de los encuentros.<\/div>\t\t\t\t\t<\/div>\n\t\t\t\t\t\t<\/div>\n\t\t\t\t<\/div>\n\t\t\t\t\t\t<\/div>\n\t\t\t\t\t<\/div>\n\t\t<\/div>\n\t\t\t\t\t\t\t\t<\/div>\n\t\t\t\t\t<\/div>\n\t\t<\/section>\n\t\t\t\t\t\t\t\t\t<\/div>\n\t\t\t<\/div>\n\t\t\t\t\t<\/div>\n\t\t","protected":false},"excerpt":{"rendered":"<p>\ud83d\udccdAPLAZAMIENTO CATALUNYA &#8211; EUSKADI HOCKEY HIELO\ud83d\udccd En Reuni\u00f3n mantenida en el d\u00eda de ayer por las Federaciones Catalana y Vasca de deportes de Invierno y siguiendo las recomendaciones sanitarias, se ha tomado la decisi\u00f3n de aplazar los partidos de selecciones (Masculina y Femenina) que se tendr\u00eda que disputar en Puigcerd\u00e1 el d\u00eda 28 de este [&hellip;]<\/p>\n","protected":false},"author":3,"featured_media":4712,"comment_status":"closed","ping_status":"closed","sticky":false,"template":"elementor_header_footer","format":"standard","meta":[],"categories":[13],"tags":[],"_links":{"self":[{"href":"https:\/\/nkef.eus\/es_es\/index.php\/wp-json\/wp\/v2\/posts\/4711"}],"collection":[{"href":"https:\/\/nkef.eus\/es_es\/index.php\/wp-json\/wp\/v2\/posts"}],"about":[{"href":"https:\/\/nkef.eus\/es_es\/index.php\/wp-json\/wp\/v2\/types\/post"}],"author":[{"embeddable":true,"href":"https:\/\/nkef.eus\/es_es\/index.php\/wp-json\/wp\/v2\/users\/3"}],"replies":[{"embeddable":true,"href":"https:\/\/nkef.eus\/es_es\/index.php\/wp-json\/wp\/v2\/comments?post=4711"}],"version-history":[{"count":4,"href":"https:\/\/nkef.eus\/es_es\/index.php\/wp-json\/wp\/v2\/posts\/4711\/revisions"}],"predecessor-version":[{"id":4716,"href":"https:\/\/nkef.eus\/es_es\/index.php\/wp-json\/wp\/v2\/posts\/4711\/revisions\/4716"}],"wp:featuredmedia":[{"embeddable":true,"href":"https:\/\/nkef.eus\/es_es\/index.php\/wp-json\/wp\/v2\/media\/4712"}],"wp:attachment":[{"href":"https:\/\/nkef.eus\/es_es\/index.php\/wp-json\/wp\/v2\/media?parent=4711"}],"wp:term":[{"taxonomy":"category","embeddable":true,"href":"https:\/\/nkef.eus\/es_es\/index.php\/wp-json\/wp\/v2\/categories?post=4711"},{"taxonomy":"post_tag","embeddable":true,"href":"https:\/\/nkef.eus\/es_es\/index.php\/wp-json\/wp\/v2\/tags?post=4711"}],"curies":[{"name":"wp","href":"https:\/\/api.w.org\/{rel}","templated":true}]}}