{"id":4694,"date":"2021-12-20T10:15:10","date_gmt":"2021-12-20T10:15:10","guid":{"rendered":"https:\/\/nkef.eus\/?p=4694"},"modified":"2021-12-20T10:26:47","modified_gmt":"2021-12-20T10:26:47","slug":"txuri-berri-curling-se-adjudica-el-primer-titulo-absoluto-de-la-liga-espanola-de-curling","status":"publish","type":"post","link":"https:\/\/nkef.eus\/es_es\/index.php\/2021\/12\/20\/txuri-berri-curling-se-adjudica-el-primer-titulo-absoluto-de-la-liga-espanola-de-curling\/","title":{"rendered":"Txuri-Berri Curling Se Adjudica El Primer T\u00edtulo Absoluto De La Liga Espa\u00f1ola De Curling"},"content":{"rendered":"\t\t<div data-elementor-type=\"wp-post\" data-elementor-id=\"4694\" class=\"elementor elementor-4694\">\n\t\t\t\t\t\t<div class=\"elementor-inner\">\n\t\t\t\t<div class=\"elementor-section-wrap\">\n\t\t\t\t\t\t\t\t\t<section class=\"elementor-section elementor-top-section elementor-element elementor-element-4f2c1f8 elementor-section-content-middle elementor-section-boxed elementor-section-height-default elementor-section-height-default\" data-id=\"4f2c1f8\" data-element_type=\"section\">\n\t\t\t\t\t\t<div class=\"elementor-container elementor-column-gap-no\">\n\t\t\t\t\t\t\t<div class=\"elementor-row\">\n\t\t\t\t\t<div class=\"elementor-column elementor-col-100 elementor-top-column elementor-element elementor-element-7a96c506\" data-id=\"7a96c506\" data-element_type=\"column\">\n\t\t\t<div class=\"elementor-column-wrap elementor-element-populated\">\n\t\t\t\t\t\t\t<div class=\"elementor-widget-wrap\">\n\t\t\t\t\t\t<div class=\"elementor-element elementor-element-41d0d612 elementor-widget elementor-widget-heading\" data-id=\"41d0d612\" data-element_type=\"widget\" data-widget_type=\"heading.default\">\n\t\t\t\t<div class=\"elementor-widget-container\">\n\t\t\t<h4 class=\"elementor-heading-title elementor-size-default\">Txuri-Berri Curling Se Adjudica El Primer T\u00edtulo Absoluto De La Liga Espa\u00f1ola De Curling<\/h4>\t\t<\/div>\n\t\t\t\t<\/div>\n\t\t\t\t<div class=\"elementor-element elementor-element-2b9430b elementor-widget elementor-widget-image\" data-id=\"2b9430b\" data-element_type=\"widget\" data-widget_type=\"image.default\">\n\t\t\t\t<div class=\"elementor-widget-container\">\n\t\t\t\t\t\t\t\t<div class=\"elementor-image\">\n\t\t\t\t\t\t\t\t\t<figure class=\"wp-caption\">\n\t\t\t\t\t\t\t\t\t\t<img width=\"580\" height=\"387\" src=\"https:\/\/nkef.eus\/wp-content\/uploads\/2021\/12\/curlingIMG_9090-1024x683.jpg\" class=\"attachment-large size-large\" alt=\"\" loading=\"lazy\" srcset=\"https:\/\/nkef.eus\/wp-content\/uploads\/2021\/12\/curlingIMG_9090-1024x683.jpg 1024w, https:\/\/nkef.eus\/wp-content\/uploads\/2021\/12\/curlingIMG_9090-300x200.jpg 300w, https:\/\/nkef.eus\/wp-content\/uploads\/2021\/12\/curlingIMG_9090-768x512.jpg 768w, https:\/\/nkef.eus\/wp-content\/uploads\/2021\/12\/curlingIMG_9090-1536x1024.jpg 1536w, https:\/\/nkef.eus\/wp-content\/uploads\/2021\/12\/curlingIMG_9090-18x12.jpg 18w, https:\/\/nkef.eus\/wp-content\/uploads\/2021\/12\/curlingIMG_9090-1200x800.jpg 1200w, https:\/\/nkef.eus\/wp-content\/uploads\/2021\/12\/curlingIMG_9090.jpg 1701w\" sizes=\"(max-width: 580px) 100vw, 580px\" \/>\t\t\t\t\t\t\t\t\t\t\t<figcaption class=\"widget-image-caption wp-caption-text\">Txuri - Berri curling campe\u00f3n de la primera liga Espa\u00f1ola Absoluta de Curling<\/figcaption>\n\t\t\t\t\t\t\t\t\t\t<\/figure>\n\t\t\t\t\t\t\t\t<\/div>\n\t\t\t\t\t\t<\/div>\n\t\t\t\t<\/div>\n\t\t\t\t<div class=\"elementor-element elementor-element-a0d2842 elementor-widget-divider--view-line elementor-widget elementor-widget-divider\" data-id=\"a0d2842\" data-element_type=\"widget\" data-widget_type=\"divider.default\">\n\t\t\t\t<div class=\"elementor-widget-container\">\n\t\t\t\t\t<div class=\"elementor-divider\">\n\t\t\t<span class=\"elementor-divider-separator\">\n\t\t\t\t\t\t<\/span>\n\t\t<\/div>\n\t\t\t\t<\/div>\n\t\t\t\t<\/div>\n\t\t\t\t<div class=\"elementor-element elementor-element-5c7f3b20 elementor-widget elementor-widget-text-editor\" data-id=\"5c7f3b20\" data-element_type=\"widget\" data-widget_type=\"text-editor.default\">\n\t\t\t\t<div class=\"elementor-widget-container\">\n\t\t\t\t\t\t\t\t<div class=\"elementor-text-editor elementor-clearfix\">\n\t\t\t\t<p style=\"text-align: center;\">El Pabell\u00f3n de Hielo de Jaca (Huesca) ha sido testigo este fin de semana de la fase final de las dos competiciones que se han estrenado esta temporada 2021-22: la Liga Espa\u00f1ola de Curling y la Liga Espa\u00f1ola Junior de Dobles Mixtos. En la primera, el Txuri-Berri Curling se ha adjudicado el primer t\u00edtulo absoluto, con Curling Jaca y Madrid B-52 completando el podio tras un <em>round robin<\/em> que se ha desarrollado durante tres fases.\u00a0<\/p><p style=\"text-align: center;\">En la competici\u00f3n junior ha sido la pareja formada por Carmen P\u00e9rez &amp; Oriol Gast\u00f3 (Curling Jaca \/ Puigcerd\u00e0 Panxing) la que se ha llevado el oro, con Ismael Mingorance y Paula Oliv\u00e1n (CHP Pirineo) en segunda posici\u00f3n y Eneko Saez de Ocariz e Izaro\u00a0Saez de Ocariz\u00a0(Harrikada Las Nieves) en la tercera plaza tras la disputa esta tarde de la fase final.<\/p>\t\t\t\t\t<\/div>\n\t\t\t\t\t\t<\/div>\n\t\t\t\t<\/div>\n\t\t\t\t<div class=\"elementor-element elementor-element-66e1666 elementor-widget-divider--view-line elementor-widget elementor-widget-divider\" data-id=\"66e1666\" data-element_type=\"widget\" data-widget_type=\"divider.default\">\n\t\t\t\t<div class=\"elementor-widget-container\">\n\t\t\t\t\t<div class=\"elementor-divider\">\n\t\t\t<span class=\"elementor-divider-separator\">\n\t\t\t\t\t\t<\/span>\n\t\t<\/div>\n\t\t\t\t<\/div>\n\t\t\t\t<\/div>\n\t\t\t\t<div class=\"elementor-element elementor-element-7b656eb elementor-widget elementor-widget-image\" data-id=\"7b656eb\" data-element_type=\"widget\" data-widget_type=\"image.default\">\n\t\t\t\t<div class=\"elementor-widget-container\">\n\t\t\t\t\t\t\t\t<div class=\"elementor-image\">\n\t\t\t\t\t\t\t\t\t<figure class=\"wp-caption\">\n\t\t\t\t\t\t\t\t\t\t<img width=\"580\" height=\"773\" src=\"https:\/\/nkef.eus\/wp-content\/uploads\/2021\/12\/20211220_102027-768x1024.jpg\" class=\"attachment-large size-large\" alt=\"\" loading=\"lazy\" srcset=\"https:\/\/nkef.eus\/wp-content\/uploads\/2021\/12\/20211220_102027-768x1024.jpg 768w, https:\/\/nkef.eus\/wp-content\/uploads\/2021\/12\/20211220_102027-225x300.jpg 225w, https:\/\/nkef.eus\/wp-content\/uploads\/2021\/12\/20211220_102027-1152x1536.jpg 1152w, https:\/\/nkef.eus\/wp-content\/uploads\/2021\/12\/20211220_102027-9x12.jpg 9w, https:\/\/nkef.eus\/wp-content\/uploads\/2021\/12\/20211220_102027-1200x1600.jpg 1200w, https:\/\/nkef.eus\/wp-content\/uploads\/2021\/12\/20211220_102027.jpg 1500w\" sizes=\"(max-width: 580px) 100vw, 580px\" \/>\t\t\t\t\t\t\t\t\t\t\t<figcaption class=\"widget-image-caption wp-caption-text\">Eneko Saez de Ocariz e Izaro Saez de Ocariz (Harrikada Las Nieves)  tercera plaza  liga Espa\u00f1ola de Curling  Junior Dobles Mixtos<\/figcaption>\n\t\t\t\t\t\t\t\t\t\t<\/figure>\n\t\t\t\t\t\t\t\t<\/div>\n\t\t\t\t\t\t<\/div>\n\t\t\t\t<\/div>\n\t\t\t\t\t\t<\/div>\n\t\t\t\t\t<\/div>\n\t\t<\/div>\n\t\t\t\t\t\t\t\t<\/div>\n\t\t\t\t\t<\/div>\n\t\t<\/section>\n\t\t\t\t\t\t\t\t\t<\/div>\n\t\t\t<\/div>\n\t\t\t\t\t<\/div>\n\t\t","protected":false},"excerpt":{"rendered":"<p>Txuri-Berri Curling Se Adjudica El Primer T\u00edtulo Absoluto De La Liga Espa\u00f1ola De Curling Txuri &#8211; Berri curling campe\u00f3n de la primera liga Espa\u00f1ola Absoluta de Curling El Pabell\u00f3n de Hielo de Jaca (Huesca) ha sido testigo este fin de semana de la fase final de las dos competiciones que se han estrenado esta temporada [&hellip;]<\/p>\n","protected":false},"author":3,"featured_media":4695,"comment_status":"closed","ping_status":"closed","sticky":false,"template":"elementor_header_footer","format":"standard","meta":[],"categories":[8],"tags":[],"_links":{"self":[{"href":"https:\/\/nkef.eus\/es_es\/index.php\/wp-json\/wp\/v2\/posts\/4694"}],"collection":[{"href":"https:\/\/nkef.eus\/es_es\/index.php\/wp-json\/wp\/v2\/posts"}],"about":[{"href":"https:\/\/nkef.eus\/es_es\/index.php\/wp-json\/wp\/v2\/types\/post"}],"author":[{"embeddable":true,"href":"https:\/\/nkef.eus\/es_es\/index.php\/wp-json\/wp\/v2\/users\/3"}],"replies":[{"embeddable":true,"href":"https:\/\/nkef.eus\/es_es\/index.php\/wp-json\/wp\/v2\/comments?post=4694"}],"version-history":[{"count":7,"href":"https:\/\/nkef.eus\/es_es\/index.php\/wp-json\/wp\/v2\/posts\/4694\/revisions"}],"predecessor-version":[{"id":4703,"href":"https:\/\/nkef.eus\/es_es\/index.php\/wp-json\/wp\/v2\/posts\/4694\/revisions\/4703"}],"wp:featuredmedia":[{"embeddable":true,"href":"https:\/\/nkef.eus\/es_es\/index.php\/wp-json\/wp\/v2\/media\/4695"}],"wp:attachment":[{"href":"https:\/\/nkef.eus\/es_es\/index.php\/wp-json\/wp\/v2\/media?parent=4694"}],"wp:term":[{"taxonomy":"category","embeddable":true,"href":"https:\/\/nkef.eus\/es_es\/index.php\/wp-json\/wp\/v2\/categories?post=4694"},{"taxonomy":"post_tag","embeddable":true,"href":"https:\/\/nkef.eus\/es_es\/index.php\/wp-json\/wp\/v2\/tags?post=4694"}],"curies":[{"name":"wp","href":"https:\/\/api.w.org\/{rel}","templated":true}]}}