{"id":4681,"date":"2021-12-20T08:53:23","date_gmt":"2021-12-20T08:53:23","guid":{"rendered":"https:\/\/nkef.eus\/?p=4681"},"modified":"2021-12-20T08:58:32","modified_gmt":"2021-12-20T08:58:32","slug":"lucas-eguibar-vuelve-al-podio-con-un-bronce-en-la-copa-del-mundo-de-cervinia","status":"publish","type":"post","link":"https:\/\/nkef.eus\/es_es\/index.php\/2021\/12\/20\/lucas-eguibar-vuelve-al-podio-con-un-bronce-en-la-copa-del-mundo-de-cervinia\/","title":{"rendered":"Lucas Eguibar vuelve al podio con un bronce en la Copa del Mundo de Cervinia"},"content":{"rendered":"\t\t<div data-elementor-type=\"wp-post\" data-elementor-id=\"4681\" class=\"elementor elementor-4681\">\n\t\t\t\t\t\t<div class=\"elementor-inner\">\n\t\t\t\t<div class=\"elementor-section-wrap\">\n\t\t\t\t\t\t\t\t\t<section class=\"elementor-section elementor-top-section elementor-element elementor-element-7fb2c402 elementor-section-content-middle elementor-section-boxed elementor-section-height-default elementor-section-height-default\" data-id=\"7fb2c402\" data-element_type=\"section\">\n\t\t\t\t\t\t<div class=\"elementor-container elementor-column-gap-no\">\n\t\t\t\t\t\t\t<div class=\"elementor-row\">\n\t\t\t\t\t<div class=\"elementor-column elementor-col-100 elementor-top-column elementor-element elementor-element-9e5552b\" data-id=\"9e5552b\" data-element_type=\"column\">\n\t\t\t<div class=\"elementor-column-wrap elementor-element-populated\">\n\t\t\t\t\t\t\t<div class=\"elementor-widget-wrap\">\n\t\t\t\t\t\t<div class=\"elementor-element elementor-element-5e7a3525 elementor-widget elementor-widget-heading\" data-id=\"5e7a3525\" data-element_type=\"widget\" data-widget_type=\"heading.default\">\n\t\t\t\t<div class=\"elementor-widget-container\">\n\t\t\t<h4 class=\"elementor-heading-title elementor-size-default\">Lucas Eguibar vuelve al podio con un bronce en la Copa del Mundo de Cervinia<\/h4>\t\t<\/div>\n\t\t\t\t<\/div>\n\t\t\t\t<div class=\"elementor-element elementor-element-06046df elementor-widget elementor-widget-image\" data-id=\"06046df\" data-element_type=\"widget\" data-widget_type=\"image.default\">\n\t\t\t\t<div class=\"elementor-widget-container\">\n\t\t\t\t\t\t\t\t<div class=\"elementor-image\">\n\t\t\t\t\t\t\t\t\t\t\t\t<img width=\"580\" height=\"291\" src=\"https:\/\/nkef.eus\/wp-content\/uploads\/2021\/12\/LUCAS-1024x513.png\" class=\"attachment-large size-large\" alt=\"\" loading=\"lazy\" srcset=\"https:\/\/nkef.eus\/wp-content\/uploads\/2021\/12\/LUCAS-1024x513.png 1024w, https:\/\/nkef.eus\/wp-content\/uploads\/2021\/12\/LUCAS-300x150.png 300w, https:\/\/nkef.eus\/wp-content\/uploads\/2021\/12\/LUCAS-768x385.png 768w, https:\/\/nkef.eus\/wp-content\/uploads\/2021\/12\/LUCAS-1536x770.png 1536w, https:\/\/nkef.eus\/wp-content\/uploads\/2021\/12\/LUCAS-2048x1027.png 2048w, https:\/\/nkef.eus\/wp-content\/uploads\/2021\/12\/LUCAS-18x9.png 18w, https:\/\/nkef.eus\/wp-content\/uploads\/2021\/12\/LUCAS-585x295.png 585w, https:\/\/nkef.eus\/wp-content\/uploads\/2021\/12\/LUCAS-1200x601.png 1200w, https:\/\/nkef.eus\/wp-content\/uploads\/2021\/12\/LUCAS-1980x992.png 1980w\" sizes=\"(max-width: 580px) 100vw, 580px\" \/>\t\t\t\t\t\t\t\t\t\t\t\t\t\t<\/div>\n\t\t\t\t\t\t<\/div>\n\t\t\t\t<\/div>\n\t\t\t\t<div class=\"elementor-element elementor-element-ded00cc elementor-widget elementor-widget-text-editor\" data-id=\"ded00cc\" data-element_type=\"widget\" data-widget_type=\"text-editor.default\">\n\t\t\t\t<div class=\"elementor-widget-container\">\n\t\t\t\t\t\t\t\t<div class=\"elementor-text-editor elementor-clearfix\">\n\t\t\t\t<p style=\"text-align: center;\"><span style=\"color: #000000;\"><strong>El rider NKEF\/Basque Team vuelve a brillar en una temporada en la que parte como favorito para los Juegos Ol\u00edmpicos de Beijing 2022 <\/strong><\/span><\/p>\t\t\t\t\t<\/div>\n\t\t\t\t\t\t<\/div>\n\t\t\t\t<\/div>\n\t\t\t\t<div class=\"elementor-element elementor-element-289408a elementor-widget-divider--view-line elementor-widget elementor-widget-divider\" data-id=\"289408a\" data-element_type=\"widget\" data-widget_type=\"divider.default\">\n\t\t\t\t<div class=\"elementor-widget-container\">\n\t\t\t\t\t<div class=\"elementor-divider\">\n\t\t\t<span class=\"elementor-divider-separator\">\n\t\t\t\t\t\t<\/span>\n\t\t<\/div>\n\t\t\t\t<\/div>\n\t\t\t\t<\/div>\n\t\t\t\t<div class=\"elementor-element elementor-element-6c9107c7 elementor-widget elementor-widget-text-editor\" data-id=\"6c9107c7\" data-element_type=\"widget\" data-widget_type=\"text-editor.default\">\n\t\t\t\t<div class=\"elementor-widget-container\">\n\t\t\t\t\t\t\t\t<div class=\"elementor-text-editor elementor-clearfix\">\n\t\t\t\t<p style=\"text-align: center;\">Lucas Eguibar, actual campe\u00f3n del Mundo ha vuelto ha destacar en la Copa del Mundo, subiendo al tercer caj\u00f3n de la prueba disputada en Cervinia (Italia). El snowboarder NKEF, becado por Basque Team, ha retornado a las actuaciones a las que nos ten\u00eda acostumbrados en los \u00faltimos tiempos. Atr\u00e1s quedan los dos primeros resultados de esta temporada en la Copa del Mundo, no tan satisfactorios, el puesto 22 en la prueba de Secret Garden (China) y la no clasificaci\u00f3n para la carrera en la prueba de Montafon (Austria). Los problemas de espalda que sufre el donostiarra desde la disputa del Mundial en el que se colg\u00f3 la medalla de oro, han continuado este verano, pero parece que eso tambi\u00e9n est\u00e1 superado, seg\u00fan declaraciones realizadas a la Federaci\u00f3n Espa\u00f1ola de Deportes de Invierno al t\u00e9rmino de la carrera de hoy.\u00a0<br \/>\u00a0<br \/>\u201cEstoy muy contento, emocionado, ha sido un verano muy largo con mis problemas de espalda, incluso me he planteado dejarlo porque no mejoraba. Pero estamos aqu\u00ed de nuevo y estoy muy feliz. Se nos ha escapado la victoria por los errores que he hecho pero hay que seguir trabajando. Disfrutar las Navidades ahora y volver m\u00e1s fuerte\u201d ha declarado Lucas Eguibar.<br \/>\u00a0<br \/>Tras el par\u00f3n navide\u00f1o, le espera una temporada llena de emoci\u00f3n, con el Globo de Cristal de la general de la Copa del Mundo en juego, pero tambi\u00e9n con la presi\u00f3n de ser uno de los candidatos a obtener una presea en los Juegos de Beijing, que se disputar\u00e1n en febrero.<br \/>\u00a0<br \/>Hoy ha vuelto a demostrar por qu\u00e9 est\u00e1 en todas las quinielas. Se ha deslizado s\u00f3lido y con firmeza por el circuito marcado en la pista del Valle d\u00b4Aosta. Ayer\u00a0 fue el mejor en la tanda clasificatoria y hoy ha vuelto a ser el m\u00e1s r\u00e1pido tanto en los octavos como en los cuartos de final. En los octavos de final ha avanzado a la siguiente ronda junto al suizo Kalle Koblet, superando al tambi\u00e9n becado por Basque Team \u00c1lvaro Romero y al estadounidense Alex Debold. En cuartos de final ha sido m\u00e1s r\u00e1pido que el todopoderoso Alessandro Haemmerle, Koblet y el italiano Filippo Ferrari.<br \/>\u00a0<br \/>La semifinal no ha comenzado demasiado bien, ya que Lucas ha quedado relegado a la cuarta posici\u00f3n. Sin embargo, ha sabido mantener los nervios bajo control y, con una paciencia digna de menci\u00f3n, ha esperado un error de sus contrincantes. El austriaco Haemmerle y el japon\u00e9s Yoshiki Takahara han sufrido un choque que ha terminado con la ca\u00edda de ambos, circunstancia que ha aprovechado Lucas para avanzar a la segunda posici\u00f3n.\u00a0<br \/>\u00a0<br \/>Ya en la gran final el austriaco Jakob Dusek y el canadiense Eliot Grondin han sido mejores. Lucas Eguibar se ha tenido que conformar con un bronce que tiene un gusto muy dulce ya que le devuelve al podio, despu\u00e9s del oro del Mundial y la plata de la copa del Mundo de Reiteralm hace casi un a\u00f1o.<br \/><br \/><br \/><\/p>\t\t\t\t\t<\/div>\n\t\t\t\t\t\t<\/div>\n\t\t\t\t<\/div>\n\t\t\t\t\t\t<\/div>\n\t\t\t\t\t<\/div>\n\t\t<\/div>\n\t\t\t\t\t\t\t\t<\/div>\n\t\t\t\t\t<\/div>\n\t\t<\/section>\n\t\t\t\t\t\t\t\t\t<\/div>\n\t\t\t<\/div>\n\t\t\t\t\t<\/div>\n\t\t","protected":false},"excerpt":{"rendered":"<p>Lucas Eguibar vuelve al podio con un bronce en la Copa del Mundo de Cervinia El rider NKEF\/Basque Team vuelve a brillar en una temporada en la que parte como favorito para los Juegos Ol\u00edmpicos de Beijing 2022 Lucas Eguibar, actual campe\u00f3n del Mundo ha vuelto ha destacar en la Copa del Mundo, subiendo al [&hellip;]<\/p>\n","protected":false},"author":3,"featured_media":4682,"comment_status":"closed","ping_status":"closed","sticky":false,"template":"elementor_header_footer","format":"standard","meta":[],"categories":[19],"tags":[],"_links":{"self":[{"href":"https:\/\/nkef.eus\/es_es\/index.php\/wp-json\/wp\/v2\/posts\/4681"}],"collection":[{"href":"https:\/\/nkef.eus\/es_es\/index.php\/wp-json\/wp\/v2\/posts"}],"about":[{"href":"https:\/\/nkef.eus\/es_es\/index.php\/wp-json\/wp\/v2\/types\/post"}],"author":[{"embeddable":true,"href":"https:\/\/nkef.eus\/es_es\/index.php\/wp-json\/wp\/v2\/users\/3"}],"replies":[{"embeddable":true,"href":"https:\/\/nkef.eus\/es_es\/index.php\/wp-json\/wp\/v2\/comments?post=4681"}],"version-history":[{"count":4,"href":"https:\/\/nkef.eus\/es_es\/index.php\/wp-json\/wp\/v2\/posts\/4681\/revisions"}],"predecessor-version":[{"id":4686,"href":"https:\/\/nkef.eus\/es_es\/index.php\/wp-json\/wp\/v2\/posts\/4681\/revisions\/4686"}],"wp:featuredmedia":[{"embeddable":true,"href":"https:\/\/nkef.eus\/es_es\/index.php\/wp-json\/wp\/v2\/media\/4682"}],"wp:attachment":[{"href":"https:\/\/nkef.eus\/es_es\/index.php\/wp-json\/wp\/v2\/media?parent=4681"}],"wp:term":[{"taxonomy":"category","embeddable":true,"href":"https:\/\/nkef.eus\/es_es\/index.php\/wp-json\/wp\/v2\/categories?post=4681"},{"taxonomy":"post_tag","embeddable":true,"href":"https:\/\/nkef.eus\/es_es\/index.php\/wp-json\/wp\/v2\/tags?post=4681"}],"curies":[{"name":"wp","href":"https:\/\/api.w.org\/{rel}","templated":true}]}}