{"id":4577,"date":"2021-11-12T08:57:53","date_gmt":"2021-11-12T08:57:53","guid":{"rendered":"https:\/\/nkef.eus\/?p=4577"},"modified":"2021-11-12T09:04:09","modified_gmt":"2021-11-12T09:04:09","slug":"28-de-noviembre-jornada-de-puertas-abiertas-y-gratuita-de-curling-en-silla-de-ruedas-e-invlusivo","status":"publish","type":"post","link":"https:\/\/nkef.eus\/es_es\/index.php\/2021\/11\/12\/28-de-noviembre-jornada-de-puertas-abiertas-y-gratuita-de-curling-en-silla-de-ruedas-e-invlusivo\/","title":{"rendered":"28 DE NOVIEMBRE JORNADA DE PUERTAS ABIERTAS Y GRATUITA DE CURLING EN SILLA DE RUEDAS E INVLUSIVO."},"content":{"rendered":"\t\t<div data-elementor-type=\"wp-post\" data-elementor-id=\"4577\" class=\"elementor elementor-4577\">\n\t\t\t\t\t\t<div class=\"elementor-inner\">\n\t\t\t\t<div class=\"elementor-section-wrap\">\n\t\t\t\t\t\t\t\t\t<section class=\"elementor-section elementor-top-section elementor-element elementor-element-2c4a3b5e elementor-section-content-middle elementor-section-boxed elementor-section-height-default elementor-section-height-default\" data-id=\"2c4a3b5e\" data-element_type=\"section\">\n\t\t\t\t\t\t<div class=\"elementor-container elementor-column-gap-no\">\n\t\t\t\t\t\t\t<div class=\"elementor-row\">\n\t\t\t\t\t<div class=\"elementor-column elementor-col-100 elementor-top-column elementor-element elementor-element-489bc48d\" data-id=\"489bc48d\" data-element_type=\"column\">\n\t\t\t<div class=\"elementor-column-wrap elementor-element-populated\">\n\t\t\t\t\t\t\t<div class=\"elementor-widget-wrap\">\n\t\t\t\t\t\t<div class=\"elementor-element elementor-element-1cdfbaa elementor-widget elementor-widget-heading\" data-id=\"1cdfbaa\" data-element_type=\"widget\" data-widget_type=\"heading.default\">\n\t\t\t\t<div class=\"elementor-widget-container\">\n\t\t\t<h4 class=\"elementor-heading-title elementor-size-default\">28 DE NOVIEMBRE JORNADA DE PUERTAS ABIERTAS  GRATUITA DE CURLING EN SILLA DE RUEDAS E INCLUSIVO.<\/h4>\t\t<\/div>\n\t\t\t\t<\/div>\n\t\t\t\t<div class=\"elementor-element elementor-element-8f5a88a elementor-widget elementor-widget-image\" data-id=\"8f5a88a\" data-element_type=\"widget\" data-widget_type=\"image.default\">\n\t\t\t\t<div class=\"elementor-widget-container\">\n\t\t\t\t\t\t\t\t<div class=\"elementor-image\">\n\t\t\t\t\t\t\t\t\t\t\t\t<img width=\"580\" height=\"580\" src=\"https:\/\/nkef.eus\/wp-content\/uploads\/2021\/11\/PuertasAbiertasCurlingSillaVitoria.jpeg\" class=\"attachment-large size-large\" alt=\"\" loading=\"lazy\" srcset=\"https:\/\/nkef.eus\/wp-content\/uploads\/2021\/11\/PuertasAbiertasCurlingSillaVitoria.jpeg 800w, https:\/\/nkef.eus\/wp-content\/uploads\/2021\/11\/PuertasAbiertasCurlingSillaVitoria-300x300.jpeg 300w, https:\/\/nkef.eus\/wp-content\/uploads\/2021\/11\/PuertasAbiertasCurlingSillaVitoria-150x150.jpeg 150w, https:\/\/nkef.eus\/wp-content\/uploads\/2021\/11\/PuertasAbiertasCurlingSillaVitoria-768x768.jpeg 768w, https:\/\/nkef.eus\/wp-content\/uploads\/2021\/11\/PuertasAbiertasCurlingSillaVitoria-12x12.jpeg 12w\" sizes=\"(max-width: 580px) 100vw, 580px\" \/>\t\t\t\t\t\t\t\t\t\t\t\t\t\t<\/div>\n\t\t\t\t\t\t<\/div>\n\t\t\t\t<\/div>\n\t\t\t\t<div class=\"elementor-element elementor-element-bb63a24 elementor-widget-divider--view-line elementor-widget elementor-widget-divider\" data-id=\"bb63a24\" data-element_type=\"widget\" data-widget_type=\"divider.default\">\n\t\t\t\t<div class=\"elementor-widget-container\">\n\t\t\t\t\t<div class=\"elementor-divider\">\n\t\t\t<span class=\"elementor-divider-separator\">\n\t\t\t\t\t\t<\/span>\n\t\t<\/div>\n\t\t\t\t<\/div>\n\t\t\t\t<\/div>\n\t\t\t\t<div class=\"elementor-element elementor-element-5e70efa7 elementor-widget elementor-widget-text-editor\" data-id=\"5e70efa7\" data-element_type=\"widget\" data-widget_type=\"text-editor.default\">\n\t\t\t\t<div class=\"elementor-widget-container\">\n\t\t\t\t\t\t\t\t<div class=\"elementor-text-editor elementor-clearfix\">\n\t\t\t\t<p>Desde la federaci\u00f3n espa\u00f1ola de deportes de hielo junto con la federaci\u00f3n vasca queremos darle visibilidad al Curling en silla de ruedas e inclusivo. Por lo que durante el mes de Noviembre\/Diciembre se van a celebrar varias jornadas de puertas abiertas por todo el territorio nacional.<\/p><p>En el Pa\u00eds Vasco, tendremos una jornada de puertas abiertas el d\u00eda 28 de Noviembre entre las 14:30 y 16:30 en la Pista de Hielo del Bakh en Vitoria-Gasteiz.<\/p><p>Todo el material lo pondremos nosotros: piedras, delivery sticks, escobas, &#8230; y lo \u00fanico que har\u00eda falta es que vinierais con ropa c\u00f3moda y abrigada y calzado deportivo\/monte. En caso de utilizar silla de ruedas no hace falta nada especial y se puede utilizar la silla que us\u00e9is en el d\u00eda a d\u00eda.<\/p><p>Si quer\u00e9is inscribiros a esta jornada lo \u00fanico que ten\u00e9is que hacer es mandar un correo a <a href=\"mailto:curling@fvdi-nkef.eus\">curling@fvdi-nkef.eus<\/a> o a <a href=\"mailto:kirol.saila@harrikada.eus\">kirol.saila@harrikada.eus<\/a> dirigido a m\u00ed (Oihane).<\/p>\t\t\t\t\t<\/div>\n\t\t\t\t\t\t<\/div>\n\t\t\t\t<\/div>\n\t\t\t\t\t\t<\/div>\n\t\t\t\t\t<\/div>\n\t\t<\/div>\n\t\t\t\t\t\t\t\t<\/div>\n\t\t\t\t\t<\/div>\n\t\t<\/section>\n\t\t\t\t\t\t\t\t\t<\/div>\n\t\t\t<\/div>\n\t\t\t\t\t<\/div>\n\t\t","protected":false},"excerpt":{"rendered":"<p>28 DE NOVIEMBRE JORNADA DE PUERTAS ABIERTAS GRATUITA DE CURLING EN SILLA DE RUEDAS E INCLUSIVO. Desde la federaci\u00f3n espa\u00f1ola de deportes de hielo junto con la federaci\u00f3n vasca queremos darle visibilidad al Curling en silla de ruedas e inclusivo. Por lo que durante el mes de Noviembre\/Diciembre se van a celebrar varias jornadas de [&hellip;]<\/p>\n","protected":false},"author":3,"featured_media":4578,"comment_status":"closed","ping_status":"closed","sticky":false,"template":"elementor_header_footer","format":"standard","meta":[],"categories":[8],"tags":[],"_links":{"self":[{"href":"https:\/\/nkef.eus\/es_es\/index.php\/wp-json\/wp\/v2\/posts\/4577"}],"collection":[{"href":"https:\/\/nkef.eus\/es_es\/index.php\/wp-json\/wp\/v2\/posts"}],"about":[{"href":"https:\/\/nkef.eus\/es_es\/index.php\/wp-json\/wp\/v2\/types\/post"}],"author":[{"embeddable":true,"href":"https:\/\/nkef.eus\/es_es\/index.php\/wp-json\/wp\/v2\/users\/3"}],"replies":[{"embeddable":true,"href":"https:\/\/nkef.eus\/es_es\/index.php\/wp-json\/wp\/v2\/comments?post=4577"}],"version-history":[{"count":4,"href":"https:\/\/nkef.eus\/es_es\/index.php\/wp-json\/wp\/v2\/posts\/4577\/revisions"}],"predecessor-version":[{"id":4582,"href":"https:\/\/nkef.eus\/es_es\/index.php\/wp-json\/wp\/v2\/posts\/4577\/revisions\/4582"}],"wp:featuredmedia":[{"embeddable":true,"href":"https:\/\/nkef.eus\/es_es\/index.php\/wp-json\/wp\/v2\/media\/4578"}],"wp:attachment":[{"href":"https:\/\/nkef.eus\/es_es\/index.php\/wp-json\/wp\/v2\/media?parent=4577"}],"wp:term":[{"taxonomy":"category","embeddable":true,"href":"https:\/\/nkef.eus\/es_es\/index.php\/wp-json\/wp\/v2\/categories?post=4577"},{"taxonomy":"post_tag","embeddable":true,"href":"https:\/\/nkef.eus\/es_es\/index.php\/wp-json\/wp\/v2\/tags?post=4577"}],"curies":[{"name":"wp","href":"https:\/\/api.w.org\/{rel}","templated":true}]}}