{"id":4167,"date":"2021-08-25T14:48:01","date_gmt":"2021-08-25T14:48:01","guid":{"rendered":"https:\/\/nkef.eus\/?p=4167"},"modified":"2021-08-25T15:08:03","modified_gmt":"2021-08-25T15:08:03","slug":"convocatoria-curso-de-jueces-y-tecnicos-autonomicos-de-patinaje-artistico-sobre-hielo-organizado-por-la-nkef","status":"publish","type":"post","link":"https:\/\/nkef.eus\/es_es\/index.php\/2021\/08\/25\/convocatoria-curso-de-jueces-y-tecnicos-autonomicos-de-patinaje-artistico-sobre-hielo-organizado-por-la-nkef\/","title":{"rendered":"CONVOCATORIA CURSO DE JUECES Y T\u00c9CNICOS AUTON\u00d3MICOS DE PATINAJE ART\u00cdSTICO SOBRE HIELO ORGANIZADO POR LA NKEF"},"content":{"rendered":"\t\t<div data-elementor-type=\"wp-post\" data-elementor-id=\"4167\" class=\"elementor elementor-4167\">\n\t\t\t\t\t\t<div class=\"elementor-inner\">\n\t\t\t\t<div class=\"elementor-section-wrap\">\n\t\t\t\t\t\t\t\t\t<section class=\"elementor-section elementor-top-section elementor-element elementor-element-457e249 elementor-section-content-middle elementor-section-boxed elementor-section-height-default elementor-section-height-default\" data-id=\"457e249\" data-element_type=\"section\">\n\t\t\t\t\t\t<div class=\"elementor-container elementor-column-gap-no\">\n\t\t\t\t\t\t\t<div class=\"elementor-row\">\n\t\t\t\t\t<div class=\"elementor-column elementor-col-100 elementor-top-column elementor-element elementor-element-6d501bf7\" data-id=\"6d501bf7\" data-element_type=\"column\">\n\t\t\t<div class=\"elementor-column-wrap elementor-element-populated\">\n\t\t\t\t\t\t\t<div class=\"elementor-widget-wrap\">\n\t\t\t\t\t\t<div class=\"elementor-element elementor-element-5eac3d67 elementor-widget elementor-widget-heading\" data-id=\"5eac3d67\" data-element_type=\"widget\" data-widget_type=\"heading.default\">\n\t\t\t\t<div class=\"elementor-widget-container\">\n\t\t\t<h4 class=\"elementor-heading-title elementor-size-default\">CONVOCATORIA CURSO DE JUECES Y T\u00c9CNICOS AUTON\u00d3MICOS DE PATINAJE ART\u00cdSTICO SOBRE HIELO ORGANIZADO POR LA NKEF<\/h4>\t\t<\/div>\n\t\t\t\t<\/div>\n\t\t\t\t<div class=\"elementor-element elementor-element-542005c elementor-widget elementor-widget-image\" data-id=\"542005c\" data-element_type=\"widget\" data-widget_type=\"image.default\">\n\t\t\t\t<div class=\"elementor-widget-container\">\n\t\t\t\t\t\t\t\t<div class=\"elementor-image\">\n\t\t\t\t\t\t\t\t\t\t\t\t<img width=\"580\" height=\"580\" src=\"https:\/\/nkef.eus\/wp-content\/uploads\/2021\/08\/Seminario-Jueces-y-Tecnicos-Patinaje-Artistico-Sobre-Hielo-NKEF-2-1024x1024.png\" class=\"attachment-large size-large\" alt=\"\" loading=\"lazy\" srcset=\"https:\/\/nkef.eus\/wp-content\/uploads\/2021\/08\/Seminario-Jueces-y-Tecnicos-Patinaje-Artistico-Sobre-Hielo-NKEF-2-1024x1024.png 1024w, https:\/\/nkef.eus\/wp-content\/uploads\/2021\/08\/Seminario-Jueces-y-Tecnicos-Patinaje-Artistico-Sobre-Hielo-NKEF-2-300x300.png 300w, https:\/\/nkef.eus\/wp-content\/uploads\/2021\/08\/Seminario-Jueces-y-Tecnicos-Patinaje-Artistico-Sobre-Hielo-NKEF-2-150x150.png 150w, https:\/\/nkef.eus\/wp-content\/uploads\/2021\/08\/Seminario-Jueces-y-Tecnicos-Patinaje-Artistico-Sobre-Hielo-NKEF-2-768x768.png 768w, https:\/\/nkef.eus\/wp-content\/uploads\/2021\/08\/Seminario-Jueces-y-Tecnicos-Patinaje-Artistico-Sobre-Hielo-NKEF-2-12x12.png 12w, https:\/\/nkef.eus\/wp-content\/uploads\/2021\/08\/Seminario-Jueces-y-Tecnicos-Patinaje-Artistico-Sobre-Hielo-NKEF-2.png 1080w\" sizes=\"(max-width: 580px) 100vw, 580px\" \/>\t\t\t\t\t\t\t\t\t\t\t\t\t\t<\/div>\n\t\t\t\t\t\t<\/div>\n\t\t\t\t<\/div>\n\t\t\t\t<div class=\"elementor-element elementor-element-915076c elementor-widget-divider--view-line elementor-widget elementor-widget-divider\" data-id=\"915076c\" data-element_type=\"widget\" data-widget_type=\"divider.default\">\n\t\t\t\t<div class=\"elementor-widget-container\">\n\t\t\t\t\t<div class=\"elementor-divider\">\n\t\t\t<span class=\"elementor-divider-separator\">\n\t\t\t\t\t\t<\/span>\n\t\t<\/div>\n\t\t\t\t<\/div>\n\t\t\t\t<\/div>\n\t\t\t\t<div class=\"elementor-element elementor-element-722d45ed elementor-widget elementor-widget-text-editor\" data-id=\"722d45ed\" data-element_type=\"widget\" data-widget_type=\"text-editor.default\">\n\t\t\t\t<div class=\"elementor-widget-container\">\n\t\t\t\t\t\t\t\t<div class=\"elementor-text-editor elementor-clearfix\">\n\t\t\t\t<p style=\"text-align: center;\"><strong>SEMINARIO AUTON\u00d3MICO \u2013 FVDI-NKEF<\/strong><br \/><strong>JUECES AUTON\u00d3MICOS.<\/strong><\/p><p style=\"text-align: center;\">Fechas: 4 y 5 de Septiembre 2021<br \/>Horario:<br \/>S\u00e1bado 4, de 9:00 a 14:00 y\u00a0 de 15:30 a 19:30<br \/>Domingo 5, de 9:00 a 14:00<br \/>Lugar: Vitoria<\/p>\t\t\t\t\t<\/div>\n\t\t\t\t\t\t<\/div>\n\t\t\t\t<\/div>\n\t\t\t\t<section class=\"elementor-section elementor-inner-section elementor-element elementor-element-1047449 elementor-section-boxed elementor-section-height-default elementor-section-height-default\" data-id=\"1047449\" data-element_type=\"section\">\n\t\t\t\t\t\t<div class=\"elementor-container elementor-column-gap-default\">\n\t\t\t\t\t\t\t<div class=\"elementor-row\">\n\t\t\t\t\t<div class=\"elementor-column elementor-col-50 elementor-inner-column elementor-element elementor-element-f4b09ce\" data-id=\"f4b09ce\" data-element_type=\"column\">\n\t\t\t<div class=\"elementor-column-wrap elementor-element-populated\">\n\t\t\t\t\t\t\t<div class=\"elementor-widget-wrap\">\n\t\t\t\t\t\t<div class=\"elementor-element elementor-element-fb0daf3 elementor-align-center elementor-widget elementor-widget-button\" data-id=\"fb0daf3\" data-element_type=\"widget\" data-widget_type=\"button.default\">\n\t\t\t\t<div class=\"elementor-widget-container\">\n\t\t\t\t\t<div class=\"elementor-button-wrapper\">\n\t\t\t<a href=\"https:\/\/nkef.eus\/wp-content\/uploads\/2021\/08\/CONVOCATORIA-JUECES.pdf\" class=\"elementor-button-link elementor-button elementor-size-sm\" role=\"button\">\n\t\t\t\t\t\t<span class=\"elementor-button-content-wrapper\">\n\t\t\t\t\t\t<span class=\"elementor-button-text\">CONVOCATORIA JUECES<\/span>\n\t\t<\/span>\n\t\t\t\t\t<\/a>\n\t\t<\/div>\n\t\t\t\t<\/div>\n\t\t\t\t<\/div>\n\t\t\t\t\t\t<\/div>\n\t\t\t\t\t<\/div>\n\t\t<\/div>\n\t\t\t\t<div class=\"elementor-column elementor-col-50 elementor-inner-column elementor-element elementor-element-937baae\" data-id=\"937baae\" data-element_type=\"column\">\n\t\t\t<div class=\"elementor-column-wrap elementor-element-populated\">\n\t\t\t\t\t\t\t<div class=\"elementor-widget-wrap\">\n\t\t\t\t\t\t<div class=\"elementor-element elementor-element-fe74ea1 elementor-align-center elementor-widget elementor-widget-button\" data-id=\"fe74ea1\" data-element_type=\"widget\" data-widget_type=\"button.default\">\n\t\t\t\t<div class=\"elementor-widget-container\">\n\t\t\t\t\t<div class=\"elementor-button-wrapper\">\n\t\t\t<a href=\"https:\/\/nkef.eus\/wp-content\/uploads\/2021\/08\/ANEXO1-JUECES.pdf\" class=\"elementor-button-link elementor-button elementor-size-sm\" role=\"button\">\n\t\t\t\t\t\t<span class=\"elementor-button-content-wrapper\">\n\t\t\t\t\t\t<span class=\"elementor-button-text\">ANEXO JUECES<\/span>\n\t\t<\/span>\n\t\t\t\t\t<\/a>\n\t\t<\/div>\n\t\t\t\t<\/div>\n\t\t\t\t<\/div>\n\t\t\t\t\t\t<\/div>\n\t\t\t\t\t<\/div>\n\t\t<\/div>\n\t\t\t\t\t\t\t\t<\/div>\n\t\t\t\t\t<\/div>\n\t\t<\/section>\n\t\t\t\t<div class=\"elementor-element elementor-element-8584f15 elementor-widget-divider--view-line elementor-widget elementor-widget-divider\" data-id=\"8584f15\" data-element_type=\"widget\" data-widget_type=\"divider.default\">\n\t\t\t\t<div class=\"elementor-widget-container\">\n\t\t\t\t\t<div class=\"elementor-divider\">\n\t\t\t<span class=\"elementor-divider-separator\">\n\t\t\t\t\t\t<\/span>\n\t\t<\/div>\n\t\t\t\t<\/div>\n\t\t\t\t<\/div>\n\t\t\t\t<div class=\"elementor-element elementor-element-5bad4b4 elementor-widget elementor-widget-text-editor\" data-id=\"5bad4b4\" data-element_type=\"widget\" data-widget_type=\"text-editor.default\">\n\t\t\t\t<div class=\"elementor-widget-container\">\n\t\t\t\t\t\t\t\t<div class=\"elementor-text-editor elementor-clearfix\">\n\t\t\t\t<p style=\"text-align: center;\"><strong>SEMINARIO AUTON\u00d3MICO \u2013 FVDI-NKEF<\/strong><br \/><strong>T\u00c9CNICOS ESPECIALISTAS Y T\u00c9CNICOS CONTROLADORES.<\/strong><\/p><p style=\"text-align: center;\">Fechas: 18 y 19 de Septiembre 2021<br \/>Horario<br \/>S\u00e1bado 18, de 9:00 a 14:00 y de 15:30 a 19:30<br \/>Domingo 19, de 9:00 a 14:00<br \/>Lugar: Vitoria<\/p>\t\t\t\t\t<\/div>\n\t\t\t\t\t\t<\/div>\n\t\t\t\t<\/div>\n\t\t\t\t<section class=\"elementor-section elementor-inner-section elementor-element elementor-element-5c46a87 elementor-section-boxed elementor-section-height-default elementor-section-height-default\" data-id=\"5c46a87\" data-element_type=\"section\">\n\t\t\t\t\t\t<div class=\"elementor-container elementor-column-gap-default\">\n\t\t\t\t\t\t\t<div class=\"elementor-row\">\n\t\t\t\t\t<div class=\"elementor-column elementor-col-50 elementor-inner-column elementor-element elementor-element-37ba5bd\" data-id=\"37ba5bd\" data-element_type=\"column\">\n\t\t\t<div class=\"elementor-column-wrap elementor-element-populated\">\n\t\t\t\t\t\t\t<div class=\"elementor-widget-wrap\">\n\t\t\t\t\t\t<div class=\"elementor-element elementor-element-b3ae6c8 elementor-align-center elementor-widget elementor-widget-button\" data-id=\"b3ae6c8\" data-element_type=\"widget\" data-widget_type=\"button.default\">\n\t\t\t\t<div class=\"elementor-widget-container\">\n\t\t\t\t\t<div class=\"elementor-button-wrapper\">\n\t\t\t<a href=\"https:\/\/nkef.eus\/wp-content\/uploads\/2021\/08\/CONVOCATORIA-TECNICOS.pdf\" class=\"elementor-button-link elementor-button elementor-size-sm\" role=\"button\">\n\t\t\t\t\t\t<span class=\"elementor-button-content-wrapper\">\n\t\t\t\t\t\t<span class=\"elementor-button-text\">CONVOCATORIA T\u00c9CNICOS<\/span>\n\t\t<\/span>\n\t\t\t\t\t<\/a>\n\t\t<\/div>\n\t\t\t\t<\/div>\n\t\t\t\t<\/div>\n\t\t\t\t\t\t<\/div>\n\t\t\t\t\t<\/div>\n\t\t<\/div>\n\t\t\t\t<div class=\"elementor-column elementor-col-50 elementor-inner-column elementor-element elementor-element-c2d5ad5\" data-id=\"c2d5ad5\" data-element_type=\"column\">\n\t\t\t<div class=\"elementor-column-wrap elementor-element-populated\">\n\t\t\t\t\t\t\t<div class=\"elementor-widget-wrap\">\n\t\t\t\t\t\t<div class=\"elementor-element elementor-element-04cdace elementor-align-center elementor-widget elementor-widget-button\" data-id=\"04cdace\" data-element_type=\"widget\" data-widget_type=\"button.default\">\n\t\t\t\t<div class=\"elementor-widget-container\">\n\t\t\t\t\t<div class=\"elementor-button-wrapper\">\n\t\t\t<a href=\"https:\/\/nkef.eus\/wp-content\/uploads\/2021\/08\/ANEXO1-TECNICOS.pdf\" class=\"elementor-button-link elementor-button elementor-size-sm\" role=\"button\">\n\t\t\t\t\t\t<span class=\"elementor-button-content-wrapper\">\n\t\t\t\t\t\t<span class=\"elementor-button-text\">ANEXO T\u00c9CNICOS<\/span>\n\t\t<\/span>\n\t\t\t\t\t<\/a>\n\t\t<\/div>\n\t\t\t\t<\/div>\n\t\t\t\t<\/div>\n\t\t\t\t\t\t<\/div>\n\t\t\t\t\t<\/div>\n\t\t<\/div>\n\t\t\t\t\t\t\t\t<\/div>\n\t\t\t\t\t<\/div>\n\t\t<\/section>\n\t\t\t\t\t\t<\/div>\n\t\t\t\t\t<\/div>\n\t\t<\/div>\n\t\t\t\t\t\t\t\t<\/div>\n\t\t\t\t\t<\/div>\n\t\t<\/section>\n\t\t\t\t\t\t\t\t\t<\/div>\n\t\t\t<\/div>\n\t\t\t\t\t<\/div>\n\t\t","protected":false},"excerpt":{"rendered":"<p>CONVOCATORIA CURSO DE JUECES Y T\u00c9CNICOS AUTON\u00d3MICOS DE PATINAJE ART\u00cdSTICO SOBRE HIELO ORGANIZADO POR LA NKEF SEMINARIO AUTON\u00d3MICO \u2013 FVDI-NKEFJUECES AUTON\u00d3MICOS. Fechas: 4 y 5 de Septiembre 2021Horario:S\u00e1bado 4, de 9:00 a 14:00 y\u00a0 de 15:30 a 19:30Domingo 5, de 9:00 a 14:00Lugar: Vitoria CONVOCATORIA JUECES ANEXO JUECES SEMINARIO AUTON\u00d3MICO \u2013 FVDI-NKEFT\u00c9CNICOS ESPECIALISTAS Y T\u00c9CNICOS [&hellip;]<\/p>\n","protected":false},"author":3,"featured_media":4168,"comment_status":"closed","ping_status":"closed","sticky":false,"template":"elementor_header_footer","format":"standard","meta":[],"categories":[15],"tags":[],"_links":{"self":[{"href":"https:\/\/nkef.eus\/es_es\/index.php\/wp-json\/wp\/v2\/posts\/4167"}],"collection":[{"href":"https:\/\/nkef.eus\/es_es\/index.php\/wp-json\/wp\/v2\/posts"}],"about":[{"href":"https:\/\/nkef.eus\/es_es\/index.php\/wp-json\/wp\/v2\/types\/post"}],"author":[{"embeddable":true,"href":"https:\/\/nkef.eus\/es_es\/index.php\/wp-json\/wp\/v2\/users\/3"}],"replies":[{"embeddable":true,"href":"https:\/\/nkef.eus\/es_es\/index.php\/wp-json\/wp\/v2\/comments?post=4167"}],"version-history":[{"count":7,"href":"https:\/\/nkef.eus\/es_es\/index.php\/wp-json\/wp\/v2\/posts\/4167\/revisions"}],"predecessor-version":[{"id":4180,"href":"https:\/\/nkef.eus\/es_es\/index.php\/wp-json\/wp\/v2\/posts\/4167\/revisions\/4180"}],"wp:featuredmedia":[{"embeddable":true,"href":"https:\/\/nkef.eus\/es_es\/index.php\/wp-json\/wp\/v2\/media\/4168"}],"wp:attachment":[{"href":"https:\/\/nkef.eus\/es_es\/index.php\/wp-json\/wp\/v2\/media?parent=4167"}],"wp:term":[{"taxonomy":"category","embeddable":true,"href":"https:\/\/nkef.eus\/es_es\/index.php\/wp-json\/wp\/v2\/categories?post=4167"},{"taxonomy":"post_tag","embeddable":true,"href":"https:\/\/nkef.eus\/es_es\/index.php\/wp-json\/wp\/v2\/tags?post=4167"}],"curies":[{"name":"wp","href":"https:\/\/api.w.org\/{rel}","templated":true}]}}