{"id":4016,"date":"2021-05-07T10:51:27","date_gmt":"2021-05-07T10:51:27","guid":{"rendered":"https:\/\/nkef.eus\/?p=4016"},"modified":"2021-05-07T10:52:07","modified_gmt":"2021-05-07T10:52:07","slug":"basque-team-y-la-federacion-vasca-de-deportes-de-invierno-nkef-presentan-su-proyecto-excelencia","status":"publish","type":"post","link":"https:\/\/nkef.eus\/es_es\/index.php\/2021\/05\/07\/basque-team-y-la-federacion-vasca-de-deportes-de-invierno-nkef-presentan-su-proyecto-excelencia\/","title":{"rendered":"BASQUE TEAM Y LA FEDERACI\u00d3N VASCA DE DEPORTES DE INVIERNO (NKEF) PRESENTAN SU PROYECTO \u00abEXCELENCIA\u00bb"},"content":{"rendered":"\t\t<div data-elementor-type=\"wp-post\" data-elementor-id=\"4016\" class=\"elementor elementor-4016\">\n\t\t\t\t\t\t<div class=\"elementor-inner\">\n\t\t\t\t<div class=\"elementor-section-wrap\">\n\t\t\t\t\t\t\t\t\t<section class=\"elementor-section elementor-top-section elementor-element elementor-element-1efbd6a3 elementor-section-content-middle elementor-section-boxed elementor-section-height-default elementor-section-height-default\" data-id=\"1efbd6a3\" data-element_type=\"section\">\n\t\t\t\t\t\t<div class=\"elementor-container elementor-column-gap-no\">\n\t\t\t\t\t\t\t<div class=\"elementor-row\">\n\t\t\t\t\t<div class=\"elementor-column elementor-col-100 elementor-top-column elementor-element elementor-element-edb5f51\" data-id=\"edb5f51\" data-element_type=\"column\">\n\t\t\t<div class=\"elementor-column-wrap elementor-element-populated\">\n\t\t\t\t\t\t\t<div class=\"elementor-widget-wrap\">\n\t\t\t\t\t\t<div class=\"elementor-element elementor-element-5255c1cf elementor-widget elementor-widget-heading\" data-id=\"5255c1cf\" data-element_type=\"widget\" data-widget_type=\"heading.default\">\n\t\t\t\t<div class=\"elementor-widget-container\">\n\t\t\t<h4 class=\"elementor-heading-title elementor-size-default\">BASQUE TEAM Y LA FEDERACI\u00d3N VASCA DE DEPORTES DE INVIERNO (NKEF) PRESENTAN SU PROYECTO \"EXCELENCIA\"<\/h4>\t\t<\/div>\n\t\t\t\t<\/div>\n\t\t\t\t<div class=\"elementor-element elementor-element-5a5f9c5 elementor-widget elementor-widget-image\" data-id=\"5a5f9c5\" data-element_type=\"widget\" data-widget_type=\"image.default\">\n\t\t\t\t<div class=\"elementor-widget-container\">\n\t\t\t\t\t\t\t\t<div class=\"elementor-image\">\n\t\t\t\t\t\t\t\t\t<figure class=\"wp-caption\">\n\t\t\t\t\t\t\t\t\t\t<img width=\"580\" height=\"241\" src=\"https:\/\/nkef.eus\/wp-content\/uploads\/2021\/05\/20210506_1833552-1024x426.jpg\" class=\"attachment-large size-large\" alt=\"\" loading=\"lazy\" srcset=\"https:\/\/nkef.eus\/wp-content\/uploads\/2021\/05\/20210506_1833552-1024x426.jpg 1024w, https:\/\/nkef.eus\/wp-content\/uploads\/2021\/05\/20210506_1833552-300x125.jpg 300w, https:\/\/nkef.eus\/wp-content\/uploads\/2021\/05\/20210506_1833552-768x320.jpg 768w, https:\/\/nkef.eus\/wp-content\/uploads\/2021\/05\/20210506_1833552-1536x639.jpg 1536w, https:\/\/nkef.eus\/wp-content\/uploads\/2021\/05\/20210506_1833552-2048x852.jpg 2048w, https:\/\/nkef.eus\/wp-content\/uploads\/2021\/05\/20210506_1833552-16x7.jpg 16w, https:\/\/nkef.eus\/wp-content\/uploads\/2021\/05\/20210506_1833552-1200x499.jpg 1200w, https:\/\/nkef.eus\/wp-content\/uploads\/2021\/05\/20210506_1833552-1980x824.jpg 1980w\" sizes=\"(max-width: 580px) 100vw, 580px\" \/>\t\t\t\t\t\t\t\t\t\t\t<figcaption class=\"widget-image-caption wp-caption-text\">Aingeru Garay, Juan Del Campo, Peio A\u00f1arbe, Alaia Juaristi, Lucas Eguibar, Maialen Oiartzabal, June Garitano, junto con Juan-Cruz Narro Vinuesa,  Presidente de la NKEF, ayer d\u00eda 06 Mayo de 2021 en el CPT de Fadura en la presentaci\u00f3n del proyecto Excelencia.<\/figcaption>\n\t\t\t\t\t\t\t\t\t\t<\/figure>\n\t\t\t\t\t\t\t\t<\/div>\n\t\t\t\t\t\t<\/div>\n\t\t\t\t<\/div>\n\t\t\t\t<div class=\"elementor-element elementor-element-9bcc7c4 elementor-widget-divider--view-line elementor-widget elementor-widget-divider\" data-id=\"9bcc7c4\" data-element_type=\"widget\" data-widget_type=\"divider.default\">\n\t\t\t\t<div class=\"elementor-widget-container\">\n\t\t\t\t\t<div class=\"elementor-divider\">\n\t\t\t<span class=\"elementor-divider-separator\">\n\t\t\t\t\t\t<\/span>\n\t\t<\/div>\n\t\t\t\t<\/div>\n\t\t\t\t<\/div>\n\t\t\t\t<div class=\"elementor-element elementor-element-1d19e15b elementor-widget elementor-widget-text-editor\" data-id=\"1d19e15b\" data-element_type=\"widget\" data-widget_type=\"text-editor.default\">\n\t\t\t\t<div class=\"elementor-widget-container\">\n\t\t\t\t\t\t\t\t<div class=\"elementor-text-editor elementor-clearfix\">\n\t\t\t\t<div dir=\"auto\" style=\"text-align: left;\">Basque Team y la Federaci\u00f3n Vasca de Deportes de Invierno (NKEF) han presentado en el d\u00eda de ayer en el CPT de Fadura su proyecto excelencia<\/div><div dir=\"auto\" style=\"text-align: left;\">.<\/div><div dir=\"auto\" style=\"text-align: left;\">Dicho proyecto est\u00e1 integrado por deportistas ya becados por Basque Team como Lucas Eguibar, Juan del Campo, Imanol Rojo, Mikel Unanue ,Oiane Otaegi, Irantzu Garc\u00eda y Gontzal Garc\u00eda a los que acompa\u00f1ar\u00e1n otros deportistas pertenecientes a la NKEF a\u00fan sin beca pero con un gran potencial y talento como son Aingeru Garay, June Garitano, \u00c1lvaro Romero, Maialen Oiartzabal, Alaia Juaristi o Peio A\u00f1arbe y siendo el objetivo de este proyecto impulsar la carrera y ayudar en la mejora del rendimiento de estos deportistas dot\u00e1ndolos de una serie de servicios biomedicos, t\u00e9cnicos, psicol\u00f3gicos, m\u00e9dicos&#8230;.con el objetivo de obtener grandes resultados en futuras citas ol\u00edmpicas, mundiales e internacionales.<\/div>\t\t\t\t\t<\/div>\n\t\t\t\t\t\t<\/div>\n\t\t\t\t<\/div>\n\t\t\t\t<div class=\"elementor-element elementor-element-6fd11e3 elementor-widget elementor-widget-image\" data-id=\"6fd11e3\" data-element_type=\"widget\" data-widget_type=\"image.default\">\n\t\t\t\t<div class=\"elementor-widget-container\">\n\t\t\t\t\t\t\t\t<div class=\"elementor-image\">\n\t\t\t\t\t\t\t\t\t\t\t\t<img width=\"580\" height=\"377\" src=\"https:\/\/nkef.eus\/wp-content\/uploads\/2021\/05\/20210506_1833293-1024x665.jpg\" class=\"attachment-large size-large\" alt=\"\" loading=\"lazy\" srcset=\"https:\/\/nkef.eus\/wp-content\/uploads\/2021\/05\/20210506_1833293-1024x665.jpg 1024w, https:\/\/nkef.eus\/wp-content\/uploads\/2021\/05\/20210506_1833293-300x195.jpg 300w, https:\/\/nkef.eus\/wp-content\/uploads\/2021\/05\/20210506_1833293-768x499.jpg 768w, https:\/\/nkef.eus\/wp-content\/uploads\/2021\/05\/20210506_1833293-1536x998.jpg 1536w, https:\/\/nkef.eus\/wp-content\/uploads\/2021\/05\/20210506_1833293-2048x1330.jpg 2048w, https:\/\/nkef.eus\/wp-content\/uploads\/2021\/05\/20210506_1833293-16x10.jpg 16w, https:\/\/nkef.eus\/wp-content\/uploads\/2021\/05\/20210506_1833293-1200x780.jpg 1200w, https:\/\/nkef.eus\/wp-content\/uploads\/2021\/05\/20210506_1833293-1980x1286.jpg 1980w\" sizes=\"(max-width: 580px) 100vw, 580px\" \/>\t\t\t\t\t\t\t\t\t\t\t\t\t\t<\/div>\n\t\t\t\t\t\t<\/div>\n\t\t\t\t<\/div>\n\t\t\t\t\t\t<\/div>\n\t\t\t\t\t<\/div>\n\t\t<\/div>\n\t\t\t\t\t\t\t\t<\/div>\n\t\t\t\t\t<\/div>\n\t\t<\/section>\n\t\t\t\t\t\t\t\t\t<\/div>\n\t\t\t<\/div>\n\t\t\t\t\t<\/div>\n\t\t","protected":false},"excerpt":{"rendered":"<p>BASQUE TEAM Y LA FEDERACI\u00d3N VASCA DE DEPORTES DE INVIERNO (NKEF) PRESENTAN SU PROYECTO \u00abEXCELENCIA\u00bb Aingeru Garay, Juan Del Campo, Peio A\u00f1arbe, Alaia Juaristi, Lucas Eguibar, Maialen Oiartzabal, June Garitano, junto con Juan-Cruz Narro Vinuesa, Presidente de la NKEF, ayer d\u00eda 06 Mayo de 2021 en el CPT de Fadura en la presentaci\u00f3n del proyecto [&hellip;]<\/p>\n","protected":false},"author":3,"featured_media":4017,"comment_status":"closed","ping_status":"closed","sticky":false,"template":"elementor_header_footer","format":"standard","meta":[],"categories":[15],"tags":[],"_links":{"self":[{"href":"https:\/\/nkef.eus\/es_es\/index.php\/wp-json\/wp\/v2\/posts\/4016"}],"collection":[{"href":"https:\/\/nkef.eus\/es_es\/index.php\/wp-json\/wp\/v2\/posts"}],"about":[{"href":"https:\/\/nkef.eus\/es_es\/index.php\/wp-json\/wp\/v2\/types\/post"}],"author":[{"embeddable":true,"href":"https:\/\/nkef.eus\/es_es\/index.php\/wp-json\/wp\/v2\/users\/3"}],"replies":[{"embeddable":true,"href":"https:\/\/nkef.eus\/es_es\/index.php\/wp-json\/wp\/v2\/comments?post=4016"}],"version-history":[{"count":4,"href":"https:\/\/nkef.eus\/es_es\/index.php\/wp-json\/wp\/v2\/posts\/4016\/revisions"}],"predecessor-version":[{"id":4024,"href":"https:\/\/nkef.eus\/es_es\/index.php\/wp-json\/wp\/v2\/posts\/4016\/revisions\/4024"}],"wp:featuredmedia":[{"embeddable":true,"href":"https:\/\/nkef.eus\/es_es\/index.php\/wp-json\/wp\/v2\/media\/4017"}],"wp:attachment":[{"href":"https:\/\/nkef.eus\/es_es\/index.php\/wp-json\/wp\/v2\/media?parent=4016"}],"wp:term":[{"taxonomy":"category","embeddable":true,"href":"https:\/\/nkef.eus\/es_es\/index.php\/wp-json\/wp\/v2\/categories?post=4016"},{"taxonomy":"post_tag","embeddable":true,"href":"https:\/\/nkef.eus\/es_es\/index.php\/wp-json\/wp\/v2\/tags?post=4016"}],"curies":[{"name":"wp","href":"https:\/\/api.w.org\/{rel}","templated":true}]}}