{"id":3973,"date":"2021-04-27T08:38:23","date_gmt":"2021-04-27T08:38:23","guid":{"rendered":"https:\/\/nkef.eus\/?p=3973"},"modified":"2021-04-27T08:42:34","modified_gmt":"2021-04-27T08:42:34","slug":"bronce-para-irati-llanos-en-el-campeonato-de-espana-infantil-de-patinaje","status":"publish","type":"post","link":"https:\/\/nkef.eus\/es_es\/index.php\/2021\/04\/27\/bronce-para-irati-llanos-en-el-campeonato-de-espana-infantil-de-patinaje\/","title":{"rendered":"BRONCE PARA IRATI LLANOS EN EL CAMPEONATO DE ESPA\u00d1A INFANTIL DE PATINAJE"},"content":{"rendered":"\t\t<div data-elementor-type=\"wp-post\" data-elementor-id=\"3973\" class=\"elementor elementor-3973\">\n\t\t\t\t\t\t<div class=\"elementor-inner\">\n\t\t\t\t<div class=\"elementor-section-wrap\">\n\t\t\t\t\t\t\t\t\t<section class=\"elementor-section elementor-top-section elementor-element elementor-element-5751daa6 elementor-section-content-middle elementor-section-boxed elementor-section-height-default elementor-section-height-default\" data-id=\"5751daa6\" data-element_type=\"section\">\n\t\t\t\t\t\t<div class=\"elementor-container elementor-column-gap-no\">\n\t\t\t\t\t\t\t<div class=\"elementor-row\">\n\t\t\t\t\t<div class=\"elementor-column elementor-col-100 elementor-top-column elementor-element elementor-element-57c8f222\" data-id=\"57c8f222\" data-element_type=\"column\">\n\t\t\t<div class=\"elementor-column-wrap elementor-element-populated\">\n\t\t\t\t\t\t\t<div class=\"elementor-widget-wrap\">\n\t\t\t\t\t\t<div class=\"elementor-element elementor-element-3724799a elementor-widget elementor-widget-heading\" data-id=\"3724799a\" data-element_type=\"widget\" data-widget_type=\"heading.default\">\n\t\t\t\t<div class=\"elementor-widget-container\">\n\t\t\t<h4 class=\"elementor-heading-title elementor-size-default\">BRONCE PARA IRATI LLANOS EN EL CAMPEONATO DE ESPA\u00d1A INFANTIL DE PATINAJE<\/h4>\t\t<\/div>\n\t\t\t\t<\/div>\n\t\t\t\t<div class=\"elementor-element elementor-element-dff9cbf elementor-widget elementor-widget-image\" data-id=\"dff9cbf\" data-element_type=\"widget\" data-widget_type=\"image.default\">\n\t\t\t\t<div class=\"elementor-widget-container\">\n\t\t\t\t\t\t\t\t<div class=\"elementor-image\">\n\t\t\t\t\t\t\t\t\t\t\t\t<img width=\"580\" height=\"387\" src=\"https:\/\/nkef.eus\/wp-content\/uploads\/2021\/04\/poaMG_2510-1024x683.jpg\" class=\"attachment-large size-large\" alt=\"\" loading=\"lazy\" srcset=\"https:\/\/nkef.eus\/wp-content\/uploads\/2021\/04\/poaMG_2510-1024x683.jpg 1024w, https:\/\/nkef.eus\/wp-content\/uploads\/2021\/04\/poaMG_2510-300x200.jpg 300w, https:\/\/nkef.eus\/wp-content\/uploads\/2021\/04\/poaMG_2510-768x512.jpg 768w, https:\/\/nkef.eus\/wp-content\/uploads\/2021\/04\/poaMG_2510-1536x1024.jpg 1536w, https:\/\/nkef.eus\/wp-content\/uploads\/2021\/04\/poaMG_2510-16x12.jpg 16w, https:\/\/nkef.eus\/wp-content\/uploads\/2021\/04\/poaMG_2510-1200x800.jpg 1200w, https:\/\/nkef.eus\/wp-content\/uploads\/2021\/04\/poaMG_2510.jpg 1701w\" sizes=\"(max-width: 580px) 100vw, 580px\" \/>\t\t\t\t\t\t\t\t\t\t\t\t\t\t<\/div>\n\t\t\t\t\t\t<\/div>\n\t\t\t\t<\/div>\n\t\t\t\t<div class=\"elementor-element elementor-element-0cb24e7 elementor-widget-divider--view-line elementor-widget elementor-widget-divider\" data-id=\"0cb24e7\" data-element_type=\"widget\" data-widget_type=\"divider.default\">\n\t\t\t\t<div class=\"elementor-widget-container\">\n\t\t\t\t\t<div class=\"elementor-divider\">\n\t\t\t<span class=\"elementor-divider-separator\">\n\t\t\t\t\t\t<\/span>\n\t\t<\/div>\n\t\t\t\t<\/div>\n\t\t\t\t<\/div>\n\t\t\t\t<div class=\"elementor-element elementor-element-6ee1315f elementor-widget elementor-widget-text-editor\" data-id=\"6ee1315f\" data-element_type=\"widget\" data-widget_type=\"text-editor.default\">\n\t\t\t\t<div class=\"elementor-widget-container\">\n\t\t\t\t\t\t\t\t<div class=\"elementor-text-editor elementor-clearfix\">\n\t\t\t\t<p style=\"text-align: center;\">La ciudad de&nbsp; de Jaca a acogido el fin de semana del 23 -25 de Abril&nbsp; el Campeonato de Espa\u00f1a Infantil de Patinaje 2021.&nbsp;&nbsp;<\/p><p style=\"text-align: center;\">Los deportistas NKEF han logrado buenos resultados destacando la tercera posici\u00f3n&nbsp; de Irati Llanos, C.D Hielo Bipolo en categor\u00eda Intermediate novice.<\/p>\n<div dir=\"auto\"><span style=\"text-decoration: underline;\"><strong>OTROS RESULTADOS C.D.H. BIPOLO.<\/strong><\/span><\/div>\n<div dir=\"auto\">&nbsp;<\/div>\n<ol>\n<li style=\"text-align: left;\">Alba Gonz\u00e1lez. Puesto 4 (IntermediateNovice).<\/li>\n<li style=\"text-align: left;\">Naroa Egea. Puesto 10 (Basic Novice).<\/li>\n<\/ol>\n<div dir=\"auto\"><span style=\"text-decoration: underline;\"><strong>RESULTADOS C.H. TXURI BERRI.<\/strong><\/span><\/div>\n<ol>\n<li dir=\"auto\" style=\"text-align: left;\">Enara Ziguan. Puesto 6 (Intermediate Novice).<\/li>\n<li dir=\"auto\" style=\"text-align: left;\">Kattalin Astibia. Puesto 8 (Intermediate Novice).<\/li>\n<li dir=\"auto\" style=\"text-align: left;\">Amaia Herrero. Puesto 17 (Intermediate Novice).<\/li>\n<li dir=\"auto\" style=\"text-align: left;\">Pablo Azurmendi. Puesto 4 (Basic Novice).<\/li>\n<\/ol>\n<div dir=\"auto\">&nbsp;<\/div>\t\t\t\t\t<\/div>\n\t\t\t\t\t\t<\/div>\n\t\t\t\t<\/div>\n\t\t\t\t<div class=\"elementor-element elementor-element-b616c90 elementor-widget elementor-widget-image\" data-id=\"b616c90\" data-element_type=\"widget\" data-widget_type=\"image.default\">\n\t\t\t\t<div class=\"elementor-widget-container\">\n\t\t\t\t\t\t\t\t<div class=\"elementor-image\">\n\t\t\t\t\t\t\t\t\t\t\t\t<img width=\"580\" height=\"870\" src=\"https:\/\/nkef.eus\/wp-content\/uploads\/2021\/04\/domiIMG_8088-683x1024.jpg\" class=\"attachment-large size-large\" alt=\"\" loading=\"lazy\" srcset=\"https:\/\/nkef.eus\/wp-content\/uploads\/2021\/04\/domiIMG_8088-683x1024.jpg 683w, https:\/\/nkef.eus\/wp-content\/uploads\/2021\/04\/domiIMG_8088-200x300.jpg 200w, https:\/\/nkef.eus\/wp-content\/uploads\/2021\/04\/domiIMG_8088-768x1152.jpg 768w, https:\/\/nkef.eus\/wp-content\/uploads\/2021\/04\/domiIMG_8088-1024x1536.jpg 1024w, https:\/\/nkef.eus\/wp-content\/uploads\/2021\/04\/domiIMG_8088-8x12.jpg 8w, https:\/\/nkef.eus\/wp-content\/uploads\/2021\/04\/domiIMG_8088.jpg 1134w\" sizes=\"(max-width: 580px) 100vw, 580px\" \/>\t\t\t\t\t\t\t\t\t\t\t\t\t\t<\/div>\n\t\t\t\t\t\t<\/div>\n\t\t\t\t<\/div>\n\t\t\t\t<div class=\"elementor-element elementor-element-a86a6a7 elementor-align-center elementor-widget elementor-widget-button\" data-id=\"a86a6a7\" data-element_type=\"widget\" data-widget_type=\"button.default\">\n\t\t\t\t<div class=\"elementor-widget-container\">\n\t\t\t\t\t<div class=\"elementor-button-wrapper\">\n\t\t\t<a href=\"https:\/\/www.rfedh.es\/wp-content\/uploads\/resultados-patinaje\/CEspInf2021\/index.htm\" class=\"elementor-button-link elementor-button elementor-size-sm\" role=\"button\">\n\t\t\t\t\t\t<span class=\"elementor-button-content-wrapper\">\n\t\t\t\t\t\t<span class=\"elementor-button-text\">Ver Resultados.<\/span>\n\t\t<\/span>\n\t\t\t\t\t<\/a>\n\t\t<\/div>\n\t\t\t\t<\/div>\n\t\t\t\t<\/div>\n\t\t\t\t\t\t<\/div>\n\t\t\t\t\t<\/div>\n\t\t<\/div>\n\t\t\t\t\t\t\t\t<\/div>\n\t\t\t\t\t<\/div>\n\t\t<\/section>\n\t\t\t\t\t\t\t\t\t<\/div>\n\t\t\t<\/div>\n\t\t\t\t\t<\/div>\n\t\t","protected":false},"excerpt":{"rendered":"<p>BRONCE PARA IRATI LLANOS EN EL CAMPEONATO DE ESPA\u00d1A INFANTIL DE PATINAJE La ciudad de&nbsp; de Jaca a acogido el fin de semana del 23 -25 de Abril&nbsp; el Campeonato de Espa\u00f1a Infantil de Patinaje 2021.&nbsp;&nbsp; Los deportistas NKEF han logrado buenos resultados destacando la tercera posici\u00f3n&nbsp; de Irati Llanos, C.D Hielo Bipolo en categor\u00eda [&hellip;]<\/p>\n","protected":false},"author":3,"featured_media":3975,"comment_status":"closed","ping_status":"closed","sticky":false,"template":"elementor_header_footer","format":"standard","meta":[],"categories":[15,16],"tags":[],"_links":{"self":[{"href":"https:\/\/nkef.eus\/es_es\/index.php\/wp-json\/wp\/v2\/posts\/3973"}],"collection":[{"href":"https:\/\/nkef.eus\/es_es\/index.php\/wp-json\/wp\/v2\/posts"}],"about":[{"href":"https:\/\/nkef.eus\/es_es\/index.php\/wp-json\/wp\/v2\/types\/post"}],"author":[{"embeddable":true,"href":"https:\/\/nkef.eus\/es_es\/index.php\/wp-json\/wp\/v2\/users\/3"}],"replies":[{"embeddable":true,"href":"https:\/\/nkef.eus\/es_es\/index.php\/wp-json\/wp\/v2\/comments?post=3973"}],"version-history":[{"count":7,"href":"https:\/\/nkef.eus\/es_es\/index.php\/wp-json\/wp\/v2\/posts\/3973\/revisions"}],"predecessor-version":[{"id":3982,"href":"https:\/\/nkef.eus\/es_es\/index.php\/wp-json\/wp\/v2\/posts\/3973\/revisions\/3982"}],"wp:featuredmedia":[{"embeddable":true,"href":"https:\/\/nkef.eus\/es_es\/index.php\/wp-json\/wp\/v2\/media\/3975"}],"wp:attachment":[{"href":"https:\/\/nkef.eus\/es_es\/index.php\/wp-json\/wp\/v2\/media?parent=3973"}],"wp:term":[{"taxonomy":"category","embeddable":true,"href":"https:\/\/nkef.eus\/es_es\/index.php\/wp-json\/wp\/v2\/categories?post=3973"},{"taxonomy":"post_tag","embeddable":true,"href":"https:\/\/nkef.eus\/es_es\/index.php\/wp-json\/wp\/v2\/tags?post=3973"}],"curies":[{"name":"wp","href":"https:\/\/api.w.org\/{rel}","templated":true}]}}