{"id":3807,"date":"2021-04-13T09:13:41","date_gmt":"2021-04-13T09:13:41","guid":{"rendered":"https:\/\/nkef.eus\/?p=3807"},"modified":"2021-04-13T09:19:44","modified_gmt":"2021-04-13T09:19:44","slug":"june-garitano-campeona-de-espana-u18-en-super-gigante-sg-y-combinada-alpina-ac","status":"publish","type":"post","link":"https:\/\/nkef.eus\/es_es\/index.php\/2021\/04\/13\/june-garitano-campeona-de-espana-u18-en-super-gigante-sg-y-combinada-alpina-ac\/","title":{"rendered":"JUNE GARITANO CAMPEONA DE ESPA\u00d1A U18 EN S\u00daPER-GIGANTE (SG) Y COMBINADA ALPINA (AC)"},"content":{"rendered":"\t\t<div data-elementor-type=\"wp-post\" data-elementor-id=\"3807\" class=\"elementor elementor-3807\">\n\t\t\t\t\t\t<div class=\"elementor-inner\">\n\t\t\t\t<div class=\"elementor-section-wrap\">\n\t\t\t\t\t\t\t\t\t<section class=\"elementor-section elementor-top-section elementor-element elementor-element-6a7138ab elementor-section-content-middle elementor-section-boxed elementor-section-height-default elementor-section-height-default\" data-id=\"6a7138ab\" data-element_type=\"section\">\n\t\t\t\t\t\t<div class=\"elementor-container elementor-column-gap-no\">\n\t\t\t\t\t\t\t<div class=\"elementor-row\">\n\t\t\t\t\t<div class=\"elementor-column elementor-col-100 elementor-top-column elementor-element elementor-element-58e9d05c\" data-id=\"58e9d05c\" data-element_type=\"column\">\n\t\t\t<div class=\"elementor-column-wrap elementor-element-populated\">\n\t\t\t\t\t\t\t<div class=\"elementor-widget-wrap\">\n\t\t\t\t\t\t<div class=\"elementor-element elementor-element-245446fa elementor-widget elementor-widget-heading\" data-id=\"245446fa\" data-element_type=\"widget\" data-widget_type=\"heading.default\">\n\t\t\t\t<div class=\"elementor-widget-container\">\n\t\t\t<h4 class=\"elementor-heading-title elementor-size-default\">JUNE GARITANO CAMPEONA DE ESPA\u00d1A U18 EN S\u00daPER-GIGANTE (SG) Y COMBINADA ALPINA (AC)<\/h4>\t\t<\/div>\n\t\t\t\t<\/div>\n\t\t\t\t<div class=\"elementor-element elementor-element-bcf2ee7 elementor-widget elementor-widget-image\" data-id=\"bcf2ee7\" data-element_type=\"widget\" data-widget_type=\"image.default\">\n\t\t\t\t<div class=\"elementor-widget-container\">\n\t\t\t\t\t\t\t\t<div class=\"elementor-image\">\n\t\t\t\t\t\t\t\t\t\t\t\t<img width=\"580\" height=\"435\" src=\"https:\/\/nkef.eus\/wp-content\/uploads\/2021\/04\/IMG-20210413-WA0001-1024x768.jpg\" class=\"attachment-large size-large\" alt=\"\" loading=\"lazy\" srcset=\"https:\/\/nkef.eus\/wp-content\/uploads\/2021\/04\/IMG-20210413-WA0001-1024x768.jpg 1024w, https:\/\/nkef.eus\/wp-content\/uploads\/2021\/04\/IMG-20210413-WA0001-300x225.jpg 300w, https:\/\/nkef.eus\/wp-content\/uploads\/2021\/04\/IMG-20210413-WA0001-768x576.jpg 768w, https:\/\/nkef.eus\/wp-content\/uploads\/2021\/04\/IMG-20210413-WA0001-1536x1152.jpg 1536w, https:\/\/nkef.eus\/wp-content\/uploads\/2021\/04\/IMG-20210413-WA0001-16x12.jpg 16w, https:\/\/nkef.eus\/wp-content\/uploads\/2021\/04\/IMG-20210413-WA0001-1200x900.jpg 1200w, https:\/\/nkef.eus\/wp-content\/uploads\/2021\/04\/IMG-20210413-WA0001.jpg 1600w\" sizes=\"(max-width: 580px) 100vw, 580px\" \/>\t\t\t\t\t\t\t\t\t\t\t\t\t\t<\/div>\n\t\t\t\t\t\t<\/div>\n\t\t\t\t<\/div>\n\t\t\t\t<div class=\"elementor-element elementor-element-6871dbb5 elementor-widget elementor-widget-text-editor\" data-id=\"6871dbb5\" data-element_type=\"widget\" data-widget_type=\"text-editor.default\">\n\t\t\t\t<div class=\"elementor-widget-container\">\n\t\t\t\t\t\t\t\t<div class=\"elementor-text-editor elementor-clearfix\">\n\t\t\t\t<p style=\"text-align: center;\">Este lunes 12 de abril se han disputado los Campeonatos de Espa\u00f1a de velocidad con las pruebas de s\u00faper-gigante (SG) y combinada alpina (AC) en la estaci\u00f3n granadina de Sierra Nevada. En este evento, organizado por la Real Federaci\u00f3n Espa\u00f1ola Deportes de Invierno (RFEDI), la Federaci\u00f3n Andaluza de Deportes de Invierno (FADI) y la propia estaci\u00f3n de Sierra Nevada se han dado cita los mejores esquiadores del pa\u00eds incluido los del equipo nacional de alpino de la RFEDI.<\/p><p>En categor\u00eda U18 \u00a0joven natural de Urretxu June Garitano Iturbe (IRIMO\/NKEF) ha logrado subirse a lo mas alto del caj\u00f3n tanto en S\u00faper-Gigante (SG) como en Combinada Alpina (AC) sumando dos nuevos t\u00edtulos al ya conseguido esta temporada en ESPOT donde logr\u00f3 convertirse en Campeona de Espa\u00f1a U18 en la modalidad de (SL).<\/p><p>\u00a0<\/p>\t\t\t\t\t<\/div>\n\t\t\t\t\t\t<\/div>\n\t\t\t\t<\/div>\n\t\t\t\t\t\t<\/div>\n\t\t\t\t\t<\/div>\n\t\t<\/div>\n\t\t\t\t\t\t\t\t<\/div>\n\t\t\t\t\t<\/div>\n\t\t<\/section>\n\t\t\t\t\t\t\t\t\t<\/div>\n\t\t\t<\/div>\n\t\t\t\t\t<\/div>\n\t\t","protected":false},"excerpt":{"rendered":"<p>JUNE GARITANO CAMPEONA DE ESPA\u00d1A U18 EN S\u00daPER-GIGANTE (SG) Y COMBINADA ALPINA (AC) Este lunes 12 de abril se han disputado los Campeonatos de Espa\u00f1a de velocidad con las pruebas de s\u00faper-gigante (SG) y combinada alpina (AC) en la estaci\u00f3n granadina de Sierra Nevada. En este evento, organizado por la Real Federaci\u00f3n Espa\u00f1ola Deportes de [&hellip;]<\/p>\n","protected":false},"author":3,"featured_media":3809,"comment_status":"closed","ping_status":"closed","sticky":false,"template":"elementor_header_footer","format":"standard","meta":[],"categories":[3,15],"tags":[],"_links":{"self":[{"href":"https:\/\/nkef.eus\/es_es\/index.php\/wp-json\/wp\/v2\/posts\/3807"}],"collection":[{"href":"https:\/\/nkef.eus\/es_es\/index.php\/wp-json\/wp\/v2\/posts"}],"about":[{"href":"https:\/\/nkef.eus\/es_es\/index.php\/wp-json\/wp\/v2\/types\/post"}],"author":[{"embeddable":true,"href":"https:\/\/nkef.eus\/es_es\/index.php\/wp-json\/wp\/v2\/users\/3"}],"replies":[{"embeddable":true,"href":"https:\/\/nkef.eus\/es_es\/index.php\/wp-json\/wp\/v2\/comments?post=3807"}],"version-history":[{"count":7,"href":"https:\/\/nkef.eus\/es_es\/index.php\/wp-json\/wp\/v2\/posts\/3807\/revisions"}],"predecessor-version":[{"id":3816,"href":"https:\/\/nkef.eus\/es_es\/index.php\/wp-json\/wp\/v2\/posts\/3807\/revisions\/3816"}],"wp:featuredmedia":[{"embeddable":true,"href":"https:\/\/nkef.eus\/es_es\/index.php\/wp-json\/wp\/v2\/media\/3809"}],"wp:attachment":[{"href":"https:\/\/nkef.eus\/es_es\/index.php\/wp-json\/wp\/v2\/media?parent=3807"}],"wp:term":[{"taxonomy":"category","embeddable":true,"href":"https:\/\/nkef.eus\/es_es\/index.php\/wp-json\/wp\/v2\/categories?post=3807"},{"taxonomy":"post_tag","embeddable":true,"href":"https:\/\/nkef.eus\/es_es\/index.php\/wp-json\/wp\/v2\/tags?post=3807"}],"curies":[{"name":"wp","href":"https:\/\/api.w.org\/{rel}","templated":true}]}}