{"id":3502,"date":"2021-03-15T11:50:40","date_gmt":"2021-03-15T11:50:40","guid":{"rendered":"https:\/\/nkef.eus\/?p=3502"},"modified":"2021-03-22T12:24:12","modified_gmt":"2021-03-22T12:24:12","slug":"txuri-berri-curling-campeon-de-espana-en-categoria-absoluta","status":"publish","type":"post","link":"https:\/\/nkef.eus\/es_es\/index.php\/2021\/03\/15\/txuri-berri-curling-campeon-de-espana-en-categoria-absoluta\/","title":{"rendered":"TXURI-BERRI CURLING CAMPE\u00d3N DE ESPA\u00d1A EN CATEGOR\u00cdA ABSOLUTA."},"content":{"rendered":"\t\t<div data-elementor-type=\"wp-post\" data-elementor-id=\"3502\" class=\"elementor elementor-3502\">\n\t\t\t\t\t\t<div class=\"elementor-inner\">\n\t\t\t\t<div class=\"elementor-section-wrap\">\n\t\t\t\t\t\t\t\t\t<section class=\"elementor-section elementor-top-section elementor-element elementor-element-78e6e1ca elementor-section-content-middle elementor-section-boxed elementor-section-height-default elementor-section-height-default\" data-id=\"78e6e1ca\" data-element_type=\"section\">\n\t\t\t\t\t\t<div class=\"elementor-container elementor-column-gap-no\">\n\t\t\t\t\t\t\t<div class=\"elementor-row\">\n\t\t\t\t\t<div class=\"elementor-column elementor-col-100 elementor-top-column elementor-element elementor-element-7dec397\" data-id=\"7dec397\" data-element_type=\"column\">\n\t\t\t<div class=\"elementor-column-wrap elementor-element-populated\">\n\t\t\t\t\t\t\t<div class=\"elementor-widget-wrap\">\n\t\t\t\t\t\t<div class=\"elementor-element elementor-element-2cb102d2 elementor-widget elementor-widget-heading\" data-id=\"2cb102d2\" data-element_type=\"widget\" data-widget_type=\"heading.default\">\n\t\t\t\t<div class=\"elementor-widget-container\">\n\t\t\t<h4 class=\"elementor-heading-title elementor-size-default\">TXURI-BERRI CURLING CAMPE\u00d3N DE ESPA\u00d1A EN CATEGOR\u00cdA ABSOLUTA.<\/h4>\t\t<\/div>\n\t\t\t\t<\/div>\n\t\t\t\t<div class=\"elementor-element elementor-element-0311ef4 elementor-widget elementor-widget-image\" data-id=\"0311ef4\" data-element_type=\"widget\" data-widget_type=\"image.default\">\n\t\t\t\t<div class=\"elementor-widget-container\">\n\t\t\t\t\t\t\t\t<div class=\"elementor-image\">\n\t\t\t\t\t\t\t\t\t<figure class=\"wp-caption\">\n\t\t\t\t\t\t\t\t\t\t<img width=\"580\" height=\"387\" src=\"https:\/\/nkef.eus\/wp-content\/uploads\/2021\/03\/WhatsApp-Image-2021-03-14-at-22.21.43-1024x683.jpeg\" class=\"attachment-large size-large\" alt=\"\" loading=\"lazy\" srcset=\"https:\/\/nkef.eus\/wp-content\/uploads\/2021\/03\/WhatsApp-Image-2021-03-14-at-22.21.43-1024x683.jpeg 1024w, https:\/\/nkef.eus\/wp-content\/uploads\/2021\/03\/WhatsApp-Image-2021-03-14-at-22.21.43-300x200.jpeg 300w, https:\/\/nkef.eus\/wp-content\/uploads\/2021\/03\/WhatsApp-Image-2021-03-14-at-22.21.43-768x512.jpeg 768w, https:\/\/nkef.eus\/wp-content\/uploads\/2021\/03\/WhatsApp-Image-2021-03-14-at-22.21.43-1536x1024.jpeg 1536w, https:\/\/nkef.eus\/wp-content\/uploads\/2021\/03\/WhatsApp-Image-2021-03-14-at-22.21.43-16x12.jpeg 16w, https:\/\/nkef.eus\/wp-content\/uploads\/2021\/03\/WhatsApp-Image-2021-03-14-at-22.21.43-1200x800.jpeg 1200w, https:\/\/nkef.eus\/wp-content\/uploads\/2021\/03\/WhatsApp-Image-2021-03-14-at-22.21.43.jpeg 1680w\" sizes=\"(max-width: 580px) 100vw, 580px\" \/>\t\t\t\t\t\t\t\t\t\t\t<figcaption class=\"widget-image-caption wp-caption-text\">Txuri-Berri Curling - Campeones de Espa\u00f1a 2021<\/figcaption>\n\t\t\t\t\t\t\t\t\t\t<\/figure>\n\t\t\t\t\t\t\t\t<\/div>\n\t\t\t\t\t\t<\/div>\n\t\t\t\t<\/div>\n\t\t\t\t<div class=\"elementor-element elementor-element-4811d76 elementor-widget-divider--view-line elementor-widget elementor-widget-divider\" data-id=\"4811d76\" data-element_type=\"widget\" data-widget_type=\"divider.default\">\n\t\t\t\t<div class=\"elementor-widget-container\">\n\t\t\t\t\t<div class=\"elementor-divider\">\n\t\t\t<span class=\"elementor-divider-separator\">\n\t\t\t\t\t\t<\/span>\n\t\t<\/div>\n\t\t\t\t<\/div>\n\t\t\t\t<\/div>\n\t\t\t\t<div class=\"elementor-element elementor-element-3f3993e3 elementor-widget elementor-widget-text-editor\" data-id=\"3f3993e3\" data-element_type=\"widget\" data-widget_type=\"text-editor.default\">\n\t\t\t\t<div class=\"elementor-widget-container\">\n\t\t\t\t\t\t\t\t<div class=\"elementor-text-editor elementor-clearfix\">\n\t\t\t\t<p style=\"text-align: center;\">Eduardo de Paz, Nicholas Shaw, Mikel Unanue, Alberto Vez y Sergio Vez, Club Txuri-Berri Curling\/NKEF, se han proclamado en el d\u00eda de ayer Campeones de Espa\u00f1a de Curling.<\/p><p style=\"text-align: center;\">Este t\u00edtulo supone el S\u00e9ptimo Campeonato nacional masculino para el Txuri-Berri y su quinto consecutivo.<\/p><p style=\"text-align: center;\">Como campeones representaran al equipo nacional en el campeonato de Europa de Lillehammer.<\/p>\t\t\t\t\t<\/div>\n\t\t\t\t\t\t<\/div>\n\t\t\t\t<\/div>\n\t\t\t\t<div class=\"elementor-element elementor-element-53fb3a7 elementor-widget-divider--view-line elementor-widget elementor-widget-divider\" data-id=\"53fb3a7\" data-element_type=\"widget\" data-widget_type=\"divider.default\">\n\t\t\t\t<div class=\"elementor-widget-container\">\n\t\t\t\t\t<div class=\"elementor-divider\">\n\t\t\t<span class=\"elementor-divider-separator\">\n\t\t\t\t\t\t<\/span>\n\t\t<\/div>\n\t\t\t\t<\/div>\n\t\t\t\t<\/div>\n\t\t\t\t<div class=\"elementor-element elementor-element-d3a46e6 elementor-widget elementor-widget-image\" data-id=\"d3a46e6\" data-element_type=\"widget\" data-widget_type=\"image.default\">\n\t\t\t\t<div class=\"elementor-widget-container\">\n\t\t\t\t\t\t\t\t<div class=\"elementor-image\">\n\t\t\t\t\t\t\t\t\t<figure class=\"wp-caption\">\n\t\t\t\t\t\t\t\t\t\t<img width=\"580\" height=\"387\" src=\"https:\/\/nkef.eus\/wp-content\/uploads\/2021\/03\/WhatsApp-Image-2021-03-14-at-22.22.25-1024x683.jpeg\" class=\"attachment-large size-large\" alt=\"\" loading=\"lazy\" srcset=\"https:\/\/nkef.eus\/wp-content\/uploads\/2021\/03\/WhatsApp-Image-2021-03-14-at-22.22.25-1024x683.jpeg 1024w, https:\/\/nkef.eus\/wp-content\/uploads\/2021\/03\/WhatsApp-Image-2021-03-14-at-22.22.25-300x200.jpeg 300w, https:\/\/nkef.eus\/wp-content\/uploads\/2021\/03\/WhatsApp-Image-2021-03-14-at-22.22.25-768x512.jpeg 768w, https:\/\/nkef.eus\/wp-content\/uploads\/2021\/03\/WhatsApp-Image-2021-03-14-at-22.22.25-1536x1025.jpeg 1536w, https:\/\/nkef.eus\/wp-content\/uploads\/2021\/03\/WhatsApp-Image-2021-03-14-at-22.22.25-16x12.jpeg 16w, https:\/\/nkef.eus\/wp-content\/uploads\/2021\/03\/WhatsApp-Image-2021-03-14-at-22.22.25-1200x800.jpeg 1200w, https:\/\/nkef.eus\/wp-content\/uploads\/2021\/03\/WhatsApp-Image-2021-03-14-at-22.22.25-1980x1321.jpeg 1980w, https:\/\/nkef.eus\/wp-content\/uploads\/2021\/03\/WhatsApp-Image-2021-03-14-at-22.22.25.jpeg 2048w\" sizes=\"(max-width: 580px) 100vw, 580px\" \/>\t\t\t\t\t\t\t\t\t\t\t<figcaption class=\"widget-image-caption wp-caption-text\">Iparpolo Curling - Subcampeones de Espa\u00f1a  2021<\/figcaption>\n\t\t\t\t\t\t\t\t\t\t<\/figure>\n\t\t\t\t\t\t\t\t<\/div>\n\t\t\t\t\t\t<\/div>\n\t\t\t\t<\/div>\n\t\t\t\t<div class=\"elementor-element elementor-element-db5cf52 elementor-widget-divider--view-line elementor-widget elementor-widget-divider\" data-id=\"db5cf52\" data-element_type=\"widget\" data-widget_type=\"divider.default\">\n\t\t\t\t<div class=\"elementor-widget-container\">\n\t\t\t\t\t<div class=\"elementor-divider\">\n\t\t\t<span class=\"elementor-divider-separator\">\n\t\t\t\t\t\t<\/span>\n\t\t<\/div>\n\t\t\t\t<\/div>\n\t\t\t\t<\/div>\n\t\t\t\t\t\t<\/div>\n\t\t\t\t\t<\/div>\n\t\t<\/div>\n\t\t\t\t\t\t\t\t<\/div>\n\t\t\t\t\t<\/div>\n\t\t<\/section>\n\t\t\t\t\t\t\t\t\t<\/div>\n\t\t\t<\/div>\n\t\t\t\t\t<\/div>\n\t\t","protected":false},"excerpt":{"rendered":"<p>Este t\u00edtulo supone el S\u00e9ptimo Campeonato nacional masculino para el Txuri-Berri y su quinto consecutivo.<\/p>\n","protected":false},"author":3,"featured_media":3506,"comment_status":"closed","ping_status":"closed","sticky":false,"template":"elementor_header_footer","format":"standard","meta":[],"categories":[8,15],"tags":[],"_links":{"self":[{"href":"https:\/\/nkef.eus\/es_es\/index.php\/wp-json\/wp\/v2\/posts\/3502"}],"collection":[{"href":"https:\/\/nkef.eus\/es_es\/index.php\/wp-json\/wp\/v2\/posts"}],"about":[{"href":"https:\/\/nkef.eus\/es_es\/index.php\/wp-json\/wp\/v2\/types\/post"}],"author":[{"embeddable":true,"href":"https:\/\/nkef.eus\/es_es\/index.php\/wp-json\/wp\/v2\/users\/3"}],"replies":[{"embeddable":true,"href":"https:\/\/nkef.eus\/es_es\/index.php\/wp-json\/wp\/v2\/comments?post=3502"}],"version-history":[{"count":11,"href":"https:\/\/nkef.eus\/es_es\/index.php\/wp-json\/wp\/v2\/posts\/3502\/revisions"}],"predecessor-version":[{"id":3585,"href":"https:\/\/nkef.eus\/es_es\/index.php\/wp-json\/wp\/v2\/posts\/3502\/revisions\/3585"}],"wp:featuredmedia":[{"embeddable":true,"href":"https:\/\/nkef.eus\/es_es\/index.php\/wp-json\/wp\/v2\/media\/3506"}],"wp:attachment":[{"href":"https:\/\/nkef.eus\/es_es\/index.php\/wp-json\/wp\/v2\/media?parent=3502"}],"wp:term":[{"taxonomy":"category","embeddable":true,"href":"https:\/\/nkef.eus\/es_es\/index.php\/wp-json\/wp\/v2\/categories?post=3502"},{"taxonomy":"post_tag","embeddable":true,"href":"https:\/\/nkef.eus\/es_es\/index.php\/wp-json\/wp\/v2\/tags?post=3502"}],"curies":[{"name":"wp","href":"https:\/\/api.w.org\/{rel}","templated":true}]}}