{"id":3474,"date":"2021-03-15T10:23:14","date_gmt":"2021-03-15T10:23:14","guid":{"rendered":"https:\/\/nkef.eus\/?p=3474"},"modified":"2021-04-07T11:12:16","modified_gmt":"2021-04-07T11:12:16","slug":"resultados-i-campeonato-de-euskadibizkaia-y-navarra-esqui-alpino-absoluto","status":"publish","type":"post","link":"https:\/\/nkef.eus\/es_es\/index.php\/2021\/03\/15\/resultados-i-campeonato-de-euskadibizkaia-y-navarra-esqui-alpino-absoluto\/","title":{"rendered":"RESULTADOS I CAMPEONATO DE EUSKADI,BIZKAIA Y NAVARRA ESQU\u00cd ALPINO ABSOLUTO"},"content":{"rendered":"\t\t<div data-elementor-type=\"wp-post\" data-elementor-id=\"3474\" class=\"elementor elementor-3474\">\n\t\t\t\t\t\t<div class=\"elementor-inner\">\n\t\t\t\t<div class=\"elementor-section-wrap\">\n\t\t\t\t\t\t\t\t\t<section class=\"elementor-section elementor-top-section elementor-element elementor-element-51db0071 elementor-section-content-middle elementor-section-boxed elementor-section-height-default elementor-section-height-default\" data-id=\"51db0071\" data-element_type=\"section\">\n\t\t\t\t\t\t<div class=\"elementor-container elementor-column-gap-no\">\n\t\t\t\t\t\t\t<div class=\"elementor-row\">\n\t\t\t\t\t<div class=\"elementor-column elementor-col-100 elementor-top-column elementor-element elementor-element-67b6e5b0\" data-id=\"67b6e5b0\" data-element_type=\"column\">\n\t\t\t<div class=\"elementor-column-wrap elementor-element-populated\">\n\t\t\t\t\t\t\t<div class=\"elementor-widget-wrap\">\n\t\t\t\t\t\t<div class=\"elementor-element elementor-element-d65cdab elementor-widget elementor-widget-heading\" data-id=\"d65cdab\" data-element_type=\"widget\" data-widget_type=\"heading.default\">\n\t\t\t\t<div class=\"elementor-widget-container\">\n\t\t\t<h4 class=\"elementor-heading-title elementor-size-default\">RESULTADOS I CAMPEONATO DE EUSKADI,BIZKAIA Y NAVARRA ESQU\u00cd ALPINO ABSOLUTO<\/h4>\t\t<\/div>\n\t\t\t\t<\/div>\n\t\t\t\t<div class=\"elementor-element elementor-element-b07206c elementor-widget elementor-widget-image\" data-id=\"b07206c\" data-element_type=\"widget\" data-widget_type=\"image.default\">\n\t\t\t\t<div class=\"elementor-widget-container\">\n\t\t\t\t\t\t\t\t<div class=\"elementor-image\">\n\t\t\t\t\t\t\t\t\t\t\t\t<img width=\"580\" height=\"580\" src=\"https:\/\/nkef.eus\/wp-content\/uploads\/2021\/03\/DEFINITIVO-CAMPEONATO-DE-EUSKADI-TROFEO-FEDERACION-VIZCAINA-1024x1024.png\" class=\"attachment-large size-large\" alt=\"\" loading=\"lazy\" srcset=\"https:\/\/nkef.eus\/wp-content\/uploads\/2021\/03\/DEFINITIVO-CAMPEONATO-DE-EUSKADI-TROFEO-FEDERACION-VIZCAINA-1024x1024.png 1024w, https:\/\/nkef.eus\/wp-content\/uploads\/2021\/03\/DEFINITIVO-CAMPEONATO-DE-EUSKADI-TROFEO-FEDERACION-VIZCAINA-300x300.png 300w, https:\/\/nkef.eus\/wp-content\/uploads\/2021\/03\/DEFINITIVO-CAMPEONATO-DE-EUSKADI-TROFEO-FEDERACION-VIZCAINA-150x150.png 150w, https:\/\/nkef.eus\/wp-content\/uploads\/2021\/03\/DEFINITIVO-CAMPEONATO-DE-EUSKADI-TROFEO-FEDERACION-VIZCAINA-768x768.png 768w, https:\/\/nkef.eus\/wp-content\/uploads\/2021\/03\/DEFINITIVO-CAMPEONATO-DE-EUSKADI-TROFEO-FEDERACION-VIZCAINA-12x12.png 12w, https:\/\/nkef.eus\/wp-content\/uploads\/2021\/03\/DEFINITIVO-CAMPEONATO-DE-EUSKADI-TROFEO-FEDERACION-VIZCAINA.png 1080w\" sizes=\"(max-width: 580px) 100vw, 580px\" \/>\t\t\t\t\t\t\t\t\t\t\t\t\t\t<\/div>\n\t\t\t\t\t\t<\/div>\n\t\t\t\t<\/div>\n\t\t\t\t<div class=\"elementor-element elementor-element-60cc7109 elementor-widget elementor-widget-text-editor\" data-id=\"60cc7109\" data-element_type=\"widget\" data-widget_type=\"text-editor.default\">\n\t\t\t\t<div class=\"elementor-widget-container\">\n\t\t\t\t\t\t\t\t<div class=\"elementor-text-editor elementor-clearfix\">\n\t\t\t\t<p style=\"text-align: center;\"><span style=\"color: #000000;\">Ma\u00f1ana soleada y buena nieve en el primer Campeonato de Euskadi, Bizkaia y Navarra de esqu\u00ed alpino Absoluto en la estaci\u00f3n invernal de Ast\u00fan con los siguientes resultados y campeones de Bizkaia y Euskadi.<\/span><\/p>\t\t\t\t\t<\/div>\n\t\t\t\t\t\t<\/div>\n\t\t\t\t<\/div>\n\t\t\t\t<div class=\"elementor-element elementor-element-467446b elementor-widget-divider--view-line elementor-widget elementor-widget-divider\" data-id=\"467446b\" data-element_type=\"widget\" data-widget_type=\"divider.default\">\n\t\t\t\t<div class=\"elementor-widget-container\">\n\t\t\t\t\t<div class=\"elementor-divider\">\n\t\t\t<span class=\"elementor-divider-separator\">\n\t\t\t\t\t\t<\/span>\n\t\t<\/div>\n\t\t\t\t<\/div>\n\t\t\t\t<\/div>\n\t\t\t\t<div class=\"elementor-element elementor-element-75fb4fe elementor-widget elementor-widget-image\" data-id=\"75fb4fe\" data-element_type=\"widget\" data-widget_type=\"image.default\">\n\t\t\t\t<div class=\"elementor-widget-container\">\n\t\t\t\t\t\t\t\t<div class=\"elementor-image\">\n\t\t\t\t\t\t\t\t\t<figure class=\"wp-caption\">\n\t\t\t\t\t\t\t\t\t\t<img width=\"580\" height=\"275\" src=\"https:\/\/nkef.eus\/wp-content\/uploads\/2021\/03\/1-1024x485.jpeg\" class=\"attachment-large size-large\" alt=\"\" loading=\"lazy\" srcset=\"https:\/\/nkef.eus\/wp-content\/uploads\/2021\/03\/1-1024x485.jpeg 1024w, https:\/\/nkef.eus\/wp-content\/uploads\/2021\/03\/1-300x142.jpeg 300w, https:\/\/nkef.eus\/wp-content\/uploads\/2021\/03\/1-768x363.jpeg 768w, https:\/\/nkef.eus\/wp-content\/uploads\/2021\/03\/1-1536x727.jpeg 1536w, https:\/\/nkef.eus\/wp-content\/uploads\/2021\/03\/1-16x8.jpeg 16w, https:\/\/nkef.eus\/wp-content\/uploads\/2021\/03\/1-1200x568.jpeg 1200w, https:\/\/nkef.eus\/wp-content\/uploads\/2021\/03\/1-1980x937.jpeg 1980w, https:\/\/nkef.eus\/wp-content\/uploads\/2021\/03\/1.jpeg 2016w\" sizes=\"(max-width: 580px) 100vw, 580px\" \/>\t\t\t\t\t\t\t\t\t\t\t<figcaption class=\"widget-image-caption wp-caption-text\">Fernando Lacadena: Campe\u00f3n de Bizkaia y Euskadi Master B8<\/figcaption>\n\t\t\t\t\t\t\t\t\t\t<\/figure>\n\t\t\t\t\t\t\t\t<\/div>\n\t\t\t\t\t\t<\/div>\n\t\t\t\t<\/div>\n\t\t\t\t<div class=\"elementor-element elementor-element-533e4fa elementor-widget-divider--view-line elementor-widget elementor-widget-divider\" data-id=\"533e4fa\" data-element_type=\"widget\" data-widget_type=\"divider.default\">\n\t\t\t\t<div class=\"elementor-widget-container\">\n\t\t\t\t\t<div class=\"elementor-divider\">\n\t\t\t<span class=\"elementor-divider-separator\">\n\t\t\t\t\t\t<\/span>\n\t\t<\/div>\n\t\t\t\t<\/div>\n\t\t\t\t<\/div>\n\t\t\t\t<div class=\"elementor-element elementor-element-3a26f4c elementor-widget elementor-widget-image\" data-id=\"3a26f4c\" data-element_type=\"widget\" data-widget_type=\"image.default\">\n\t\t\t\t<div class=\"elementor-widget-container\">\n\t\t\t\t\t\t\t\t<div class=\"elementor-image\">\n\t\t\t\t\t\t\t\t\t<figure class=\"wp-caption\">\n\t\t\t\t\t\t\t\t\t\t<img width=\"580\" height=\"275\" src=\"https:\/\/nkef.eus\/wp-content\/uploads\/2021\/03\/2-1024x485.jpeg\" class=\"attachment-large size-large\" alt=\"\" loading=\"lazy\" srcset=\"https:\/\/nkef.eus\/wp-content\/uploads\/2021\/03\/2-1024x485.jpeg 1024w, https:\/\/nkef.eus\/wp-content\/uploads\/2021\/03\/2-300x142.jpeg 300w, https:\/\/nkef.eus\/wp-content\/uploads\/2021\/03\/2-768x363.jpeg 768w, https:\/\/nkef.eus\/wp-content\/uploads\/2021\/03\/2-1536x727.jpeg 1536w, https:\/\/nkef.eus\/wp-content\/uploads\/2021\/03\/2-16x8.jpeg 16w, https:\/\/nkef.eus\/wp-content\/uploads\/2021\/03\/2-1200x568.jpeg 1200w, https:\/\/nkef.eus\/wp-content\/uploads\/2021\/03\/2-1980x937.jpeg 1980w, https:\/\/nkef.eus\/wp-content\/uploads\/2021\/03\/2.jpeg 2016w\" sizes=\"(max-width: 580px) 100vw, 580px\" \/>\t\t\t\t\t\t\t\t\t\t\t<figcaption class=\"widget-image-caption wp-caption-text\">Jes\u00fas Apraiz: Campe\u00f3n de Bizkaia y Euskadi Master B7\/ Javier Ibarra: Subcampe\u00f3n de Bizkaia y Euskadi<\/figcaption>\n\t\t\t\t\t\t\t\t\t\t<\/figure>\n\t\t\t\t\t\t\t\t<\/div>\n\t\t\t\t\t\t<\/div>\n\t\t\t\t<\/div>\n\t\t\t\t<div class=\"elementor-element elementor-element-c59642e elementor-widget-divider--view-line elementor-widget elementor-widget-divider\" data-id=\"c59642e\" data-element_type=\"widget\" data-widget_type=\"divider.default\">\n\t\t\t\t<div class=\"elementor-widget-container\">\n\t\t\t\t\t<div class=\"elementor-divider\">\n\t\t\t<span class=\"elementor-divider-separator\">\n\t\t\t\t\t\t<\/span>\n\t\t<\/div>\n\t\t\t\t<\/div>\n\t\t\t\t<\/div>\n\t\t\t\t<div class=\"elementor-element elementor-element-4bbdf1d elementor-widget elementor-widget-image\" data-id=\"4bbdf1d\" data-element_type=\"widget\" data-widget_type=\"image.default\">\n\t\t\t\t<div class=\"elementor-widget-container\">\n\t\t\t\t\t\t\t\t<div class=\"elementor-image\">\n\t\t\t\t\t\t\t\t\t<figure class=\"wp-caption\">\n\t\t\t\t\t\t\t\t\t\t<img width=\"580\" height=\"275\" src=\"https:\/\/nkef.eus\/wp-content\/uploads\/2021\/03\/3-1024x485.jpeg\" class=\"attachment-large size-large\" alt=\"\" loading=\"lazy\" srcset=\"https:\/\/nkef.eus\/wp-content\/uploads\/2021\/03\/3-1024x485.jpeg 1024w, https:\/\/nkef.eus\/wp-content\/uploads\/2021\/03\/3-300x142.jpeg 300w, https:\/\/nkef.eus\/wp-content\/uploads\/2021\/03\/3-768x363.jpeg 768w, https:\/\/nkef.eus\/wp-content\/uploads\/2021\/03\/3-1536x727.jpeg 1536w, https:\/\/nkef.eus\/wp-content\/uploads\/2021\/03\/3-16x8.jpeg 16w, https:\/\/nkef.eus\/wp-content\/uploads\/2021\/03\/3-1200x568.jpeg 1200w, https:\/\/nkef.eus\/wp-content\/uploads\/2021\/03\/3-1980x937.jpeg 1980w, https:\/\/nkef.eus\/wp-content\/uploads\/2021\/03\/3.jpeg 2016w\" sizes=\"(max-width: 580px) 100vw, 580px\" \/>\t\t\t\t\t\t\t\t\t\t\t<figcaption class=\"widget-image-caption wp-caption-text\">Miguel Odriozola: Campe\u00f3n de Bizkaia y Euskadi Master A6<\/figcaption>\n\t\t\t\t\t\t\t\t\t\t<\/figure>\n\t\t\t\t\t\t\t\t<\/div>\n\t\t\t\t\t\t<\/div>\n\t\t\t\t<\/div>\n\t\t\t\t<div class=\"elementor-element elementor-element-e46b19d elementor-widget-divider--view-line elementor-widget elementor-widget-divider\" data-id=\"e46b19d\" data-element_type=\"widget\" data-widget_type=\"divider.default\">\n\t\t\t\t<div class=\"elementor-widget-container\">\n\t\t\t\t\t<div class=\"elementor-divider\">\n\t\t\t<span class=\"elementor-divider-separator\">\n\t\t\t\t\t\t<\/span>\n\t\t<\/div>\n\t\t\t\t<\/div>\n\t\t\t\t<\/div>\n\t\t\t\t<div class=\"elementor-element elementor-element-0e6404f elementor-widget elementor-widget-image\" data-id=\"0e6404f\" data-element_type=\"widget\" data-widget_type=\"image.default\">\n\t\t\t\t<div class=\"elementor-widget-container\">\n\t\t\t\t\t\t\t\t<div class=\"elementor-image\">\n\t\t\t\t\t\t\t\t\t<figure class=\"wp-caption\">\n\t\t\t\t\t\t\t\t\t\t<img width=\"580\" height=\"275\" src=\"https:\/\/nkef.eus\/wp-content\/uploads\/2021\/03\/4-1024x485.jpeg\" class=\"attachment-large size-large\" alt=\"\" loading=\"lazy\" srcset=\"https:\/\/nkef.eus\/wp-content\/uploads\/2021\/03\/4-1024x485.jpeg 1024w, https:\/\/nkef.eus\/wp-content\/uploads\/2021\/03\/4-300x142.jpeg 300w, https:\/\/nkef.eus\/wp-content\/uploads\/2021\/03\/4-768x363.jpeg 768w, https:\/\/nkef.eus\/wp-content\/uploads\/2021\/03\/4-1536x727.jpeg 1536w, https:\/\/nkef.eus\/wp-content\/uploads\/2021\/03\/4-16x8.jpeg 16w, https:\/\/nkef.eus\/wp-content\/uploads\/2021\/03\/4-1200x568.jpeg 1200w, https:\/\/nkef.eus\/wp-content\/uploads\/2021\/03\/4-1980x937.jpeg 1980w, https:\/\/nkef.eus\/wp-content\/uploads\/2021\/03\/4.jpeg 2016w\" sizes=\"(max-width: 580px) 100vw, 580px\" \/>\t\t\t\t\t\t\t\t\t\t\t<figcaption class=\"widget-image-caption wp-caption-text\">Carlos Borchers: Campe\u00f3n de Bizkaia y Euskadi Master A5<\/figcaption>\n\t\t\t\t\t\t\t\t\t\t<\/figure>\n\t\t\t\t\t\t\t\t<\/div>\n\t\t\t\t\t\t<\/div>\n\t\t\t\t<\/div>\n\t\t\t\t<div class=\"elementor-element elementor-element-a70ff82 elementor-widget-divider--view-line elementor-widget elementor-widget-divider\" data-id=\"a70ff82\" data-element_type=\"widget\" data-widget_type=\"divider.default\">\n\t\t\t\t<div class=\"elementor-widget-container\">\n\t\t\t\t\t<div class=\"elementor-divider\">\n\t\t\t<span class=\"elementor-divider-separator\">\n\t\t\t\t\t\t<\/span>\n\t\t<\/div>\n\t\t\t\t<\/div>\n\t\t\t\t<\/div>\n\t\t\t\t<div class=\"elementor-element elementor-element-ae10dba elementor-widget elementor-widget-image\" data-id=\"ae10dba\" data-element_type=\"widget\" data-widget_type=\"image.default\">\n\t\t\t\t<div class=\"elementor-widget-container\">\n\t\t\t\t\t\t\t\t<div class=\"elementor-image\">\n\t\t\t\t\t\t\t\t\t<figure class=\"wp-caption\">\n\t\t\t\t\t\t\t\t\t\t<img width=\"580\" height=\"275\" src=\"https:\/\/nkef.eus\/wp-content\/uploads\/2021\/03\/5-1024x485.jpeg\" class=\"attachment-large size-large\" alt=\"\" loading=\"lazy\" srcset=\"https:\/\/nkef.eus\/wp-content\/uploads\/2021\/03\/5-1024x485.jpeg 1024w, https:\/\/nkef.eus\/wp-content\/uploads\/2021\/03\/5-300x142.jpeg 300w, https:\/\/nkef.eus\/wp-content\/uploads\/2021\/03\/5-768x363.jpeg 768w, https:\/\/nkef.eus\/wp-content\/uploads\/2021\/03\/5-1536x727.jpeg 1536w, https:\/\/nkef.eus\/wp-content\/uploads\/2021\/03\/5-16x8.jpeg 16w, https:\/\/nkef.eus\/wp-content\/uploads\/2021\/03\/5-1200x568.jpeg 1200w, https:\/\/nkef.eus\/wp-content\/uploads\/2021\/03\/5-1980x937.jpeg 1980w, https:\/\/nkef.eus\/wp-content\/uploads\/2021\/03\/5.jpeg 2016w\" sizes=\"(max-width: 580px) 100vw, 580px\" \/>\t\t\t\t\t\t\t\t\t\t\t<figcaption class=\"widget-image-caption wp-caption-text\">Alfredo Valdes: Campe\u00f3n de Bizkaia y Euskadi Master A4<\/figcaption>\n\t\t\t\t\t\t\t\t\t\t<\/figure>\n\t\t\t\t\t\t\t\t<\/div>\n\t\t\t\t\t\t<\/div>\n\t\t\t\t<\/div>\n\t\t\t\t<div class=\"elementor-element elementor-element-c656d43 elementor-widget-divider--view-line elementor-widget elementor-widget-divider\" data-id=\"c656d43\" data-element_type=\"widget\" data-widget_type=\"divider.default\">\n\t\t\t\t<div class=\"elementor-widget-container\">\n\t\t\t\t\t<div class=\"elementor-divider\">\n\t\t\t<span class=\"elementor-divider-separator\">\n\t\t\t\t\t\t<\/span>\n\t\t<\/div>\n\t\t\t\t<\/div>\n\t\t\t\t<\/div>\n\t\t\t\t<div class=\"elementor-element elementor-element-4fdc441 elementor-widget elementor-widget-image\" data-id=\"4fdc441\" data-element_type=\"widget\" data-widget_type=\"image.default\">\n\t\t\t\t<div class=\"elementor-widget-container\">\n\t\t\t\t\t\t\t\t<div class=\"elementor-image\">\n\t\t\t\t\t\t\t\t\t<figure class=\"wp-caption\">\n\t\t\t\t\t\t\t\t\t\t<img width=\"580\" height=\"275\" src=\"https:\/\/nkef.eus\/wp-content\/uploads\/2021\/03\/6-1024x485.jpeg\" class=\"attachment-large size-large\" alt=\"\" loading=\"lazy\" srcset=\"https:\/\/nkef.eus\/wp-content\/uploads\/2021\/03\/6-1024x485.jpeg 1024w, https:\/\/nkef.eus\/wp-content\/uploads\/2021\/03\/6-300x142.jpeg 300w, https:\/\/nkef.eus\/wp-content\/uploads\/2021\/03\/6-768x363.jpeg 768w, https:\/\/nkef.eus\/wp-content\/uploads\/2021\/03\/6-1536x727.jpeg 1536w, https:\/\/nkef.eus\/wp-content\/uploads\/2021\/03\/6-16x8.jpeg 16w, https:\/\/nkef.eus\/wp-content\/uploads\/2021\/03\/6-1200x568.jpeg 1200w, https:\/\/nkef.eus\/wp-content\/uploads\/2021\/03\/6-1980x937.jpeg 1980w, https:\/\/nkef.eus\/wp-content\/uploads\/2021\/03\/6.jpeg 2016w\" sizes=\"(max-width: 580px) 100vw, 580px\" \/>\t\t\t\t\t\t\t\t\t\t\t<figcaption class=\"widget-image-caption wp-caption-text\">Jon Thate: Campe\u00f3n de Bizkaia y Euskadi Master A1<\/figcaption>\n\t\t\t\t\t\t\t\t\t\t<\/figure>\n\t\t\t\t\t\t\t\t<\/div>\n\t\t\t\t\t\t<\/div>\n\t\t\t\t<\/div>\n\t\t\t\t<div class=\"elementor-element elementor-element-ae48bf4 elementor-widget-divider--view-line elementor-widget elementor-widget-divider\" data-id=\"ae48bf4\" data-element_type=\"widget\" data-widget_type=\"divider.default\">\n\t\t\t\t<div class=\"elementor-widget-container\">\n\t\t\t\t\t<div class=\"elementor-divider\">\n\t\t\t<span class=\"elementor-divider-separator\">\n\t\t\t\t\t\t<\/span>\n\t\t<\/div>\n\t\t\t\t<\/div>\n\t\t\t\t<\/div>\n\t\t\t\t<div class=\"elementor-element elementor-element-de24c5f elementor-widget elementor-widget-image\" data-id=\"de24c5f\" data-element_type=\"widget\" data-widget_type=\"image.default\">\n\t\t\t\t<div class=\"elementor-widget-container\">\n\t\t\t\t\t\t\t\t<div class=\"elementor-image\">\n\t\t\t\t\t\t\t\t\t<figure class=\"wp-caption\">\n\t\t\t\t\t\t\t\t\t\t<img width=\"580\" height=\"274\" src=\"https:\/\/nkef.eus\/wp-content\/uploads\/2021\/03\/10-1024x484.jpeg\" class=\"attachment-large size-large\" alt=\"\" loading=\"lazy\" srcset=\"https:\/\/nkef.eus\/wp-content\/uploads\/2021\/03\/10-1024x484.jpeg 1024w, https:\/\/nkef.eus\/wp-content\/uploads\/2021\/03\/10-300x142.jpeg 300w, https:\/\/nkef.eus\/wp-content\/uploads\/2021\/03\/10-768x363.jpeg 768w, https:\/\/nkef.eus\/wp-content\/uploads\/2021\/03\/10-1536x727.jpeg 1536w, https:\/\/nkef.eus\/wp-content\/uploads\/2021\/03\/10-16x8.jpeg 16w, https:\/\/nkef.eus\/wp-content\/uploads\/2021\/03\/10-1200x568.jpeg 1200w, https:\/\/nkef.eus\/wp-content\/uploads\/2021\/03\/10.jpeg 1600w\" sizes=\"(max-width: 580px) 100vw, 580px\" \/>\t\t\t\t\t\t\t\t\t\t\t<figcaption class=\"widget-image-caption wp-caption-text\">Marta Casilda Martinez De Arag\u00f3n: Campeona de Euskadi y Campeona Absoluta <\/figcaption>\n\t\t\t\t\t\t\t\t\t\t<\/figure>\n\t\t\t\t\t\t\t\t<\/div>\n\t\t\t\t\t\t<\/div>\n\t\t\t\t<\/div>\n\t\t\t\t<div class=\"elementor-element elementor-element-3ed5154 elementor-widget-divider--view-line elementor-widget elementor-widget-divider\" data-id=\"3ed5154\" data-element_type=\"widget\" data-widget_type=\"divider.default\">\n\t\t\t\t<div class=\"elementor-widget-container\">\n\t\t\t\t\t<div class=\"elementor-divider\">\n\t\t\t<span class=\"elementor-divider-separator\">\n\t\t\t\t\t\t<\/span>\n\t\t<\/div>\n\t\t\t\t<\/div>\n\t\t\t\t<\/div>\n\t\t\t\t<div class=\"elementor-element elementor-element-a8c8822 elementor-widget elementor-widget-image\" data-id=\"a8c8822\" data-element_type=\"widget\" data-widget_type=\"image.default\">\n\t\t\t\t<div class=\"elementor-widget-container\">\n\t\t\t\t\t\t\t\t<div class=\"elementor-image\">\n\t\t\t\t\t\t\t\t\t<figure class=\"wp-caption\">\n\t\t\t\t\t\t\t\t\t\t<img width=\"580\" height=\"274\" src=\"https:\/\/nkef.eus\/wp-content\/uploads\/2021\/03\/11-1024x484.jpeg\" class=\"attachment-large size-large\" alt=\"\" loading=\"lazy\" srcset=\"https:\/\/nkef.eus\/wp-content\/uploads\/2021\/03\/11-1024x484.jpeg 1024w, https:\/\/nkef.eus\/wp-content\/uploads\/2021\/03\/11-300x142.jpeg 300w, https:\/\/nkef.eus\/wp-content\/uploads\/2021\/03\/11-768x363.jpeg 768w, https:\/\/nkef.eus\/wp-content\/uploads\/2021\/03\/11-1536x727.jpeg 1536w, https:\/\/nkef.eus\/wp-content\/uploads\/2021\/03\/11-16x8.jpeg 16w, https:\/\/nkef.eus\/wp-content\/uploads\/2021\/03\/11-1200x568.jpeg 1200w, https:\/\/nkef.eus\/wp-content\/uploads\/2021\/03\/11.jpeg 1600w\" sizes=\"(max-width: 580px) 100vw, 580px\" \/>\t\t\t\t\t\t\t\t\t\t\t<figcaption class=\"widget-image-caption wp-caption-text\">Mikel Garitano: Campe\u00f3n de Euskadi y Campe\u00f3n Absoluto.<\/figcaption>\n\t\t\t\t\t\t\t\t\t\t<\/figure>\n\t\t\t\t\t\t\t\t<\/div>\n\t\t\t\t\t\t<\/div>\n\t\t\t\t<\/div>\n\t\t\t\t<div class=\"elementor-element elementor-element-4dba530 elementor-widget-divider--view-line elementor-widget elementor-widget-divider\" data-id=\"4dba530\" data-element_type=\"widget\" data-widget_type=\"divider.default\">\n\t\t\t\t<div class=\"elementor-widget-container\">\n\t\t\t\t\t<div class=\"elementor-divider\">\n\t\t\t<span class=\"elementor-divider-separator\">\n\t\t\t\t\t\t<\/span>\n\t\t<\/div>\n\t\t\t\t<\/div>\n\t\t\t\t<\/div>\n\t\t\t\t<div class=\"elementor-element elementor-element-766d80a elementor-widget elementor-widget-text-editor\" data-id=\"766d80a\" data-element_type=\"widget\" data-widget_type=\"text-editor.default\">\n\t\t\t\t<div class=\"elementor-widget-container\">\n\t\t\t\t\t\t\t\t<div class=\"elementor-text-editor elementor-clearfix\">\n\t\t\t\t<p style=\"text-align: center;\"><span style=\"text-decoration: underline;\"><span style=\"color: #000000; text-decoration: underline;\">Resultados Completos de la Carrera.<\/span><\/span><\/p>\t\t\t\t\t<\/div>\n\t\t\t\t\t\t<\/div>\n\t\t\t\t<\/div>\n\t\t\t\t<div class=\"elementor-element elementor-element-00a3bac elementor-align-center elementor-widget elementor-widget-button\" data-id=\"00a3bac\" data-element_type=\"widget\" data-widget_type=\"button.default\">\n\t\t\t\t<div class=\"elementor-widget-container\">\n\t\t\t\t\t<div class=\"elementor-button-wrapper\">\n\t\t\t<a href=\"https:\/\/nkef.eus\/wp-content\/uploads\/2021\/04\/RESULTADOS-1.pdf\" class=\"elementor-button-link elementor-button elementor-size-sm\" role=\"button\">\n\t\t\t\t\t\t<span class=\"elementor-button-content-wrapper\">\n\t\t\t\t\t\t<span class=\"elementor-button-text\">VER RESULTADOS<\/span>\n\t\t<\/span>\n\t\t\t\t\t<\/a>\n\t\t<\/div>\n\t\t\t\t<\/div>\n\t\t\t\t<\/div>\n\t\t\t\t\t\t<\/div>\n\t\t\t\t\t<\/div>\n\t\t<\/div>\n\t\t\t\t\t\t\t\t<\/div>\n\t\t\t\t\t<\/div>\n\t\t<\/section>\n\t\t\t\t\t\t\t\t\t<\/div>\n\t\t\t<\/div>\n\t\t\t\t\t<\/div>\n\t\t","protected":false},"excerpt":{"rendered":"<p>RESULTADOS I CAMPEONATO DE EUSKADI,BIZKAIA Y NAVARRA ESQU\u00cd ALPINO ABSOLUTO Ma\u00f1ana soleada y buena nieve en el primer Campeonato de Euskadi, Bizkaia y Navarra de esqu\u00ed alpino Absoluto en la estaci\u00f3n invernal de Ast\u00fan con los siguientes resultados y campeones de Bizkaia y Euskadi. Fernando Lacadena: Campe\u00f3n de Bizkaia y Euskadi Master B8 Jes\u00fas Apraiz: [&hellip;]<\/p>\n","protected":false},"author":3,"featured_media":3289,"comment_status":"closed","ping_status":"closed","sticky":false,"template":"elementor_header_footer","format":"standard","meta":[],"categories":[3],"tags":[],"_links":{"self":[{"href":"https:\/\/nkef.eus\/es_es\/index.php\/wp-json\/wp\/v2\/posts\/3474"}],"collection":[{"href":"https:\/\/nkef.eus\/es_es\/index.php\/wp-json\/wp\/v2\/posts"}],"about":[{"href":"https:\/\/nkef.eus\/es_es\/index.php\/wp-json\/wp\/v2\/types\/post"}],"author":[{"embeddable":true,"href":"https:\/\/nkef.eus\/es_es\/index.php\/wp-json\/wp\/v2\/users\/3"}],"replies":[{"embeddable":true,"href":"https:\/\/nkef.eus\/es_es\/index.php\/wp-json\/wp\/v2\/comments?post=3474"}],"version-history":[{"count":7,"href":"https:\/\/nkef.eus\/es_es\/index.php\/wp-json\/wp\/v2\/posts\/3474\/revisions"}],"predecessor-version":[{"id":3671,"href":"https:\/\/nkef.eus\/es_es\/index.php\/wp-json\/wp\/v2\/posts\/3474\/revisions\/3671"}],"wp:featuredmedia":[{"embeddable":true,"href":"https:\/\/nkef.eus\/es_es\/index.php\/wp-json\/wp\/v2\/media\/3289"}],"wp:attachment":[{"href":"https:\/\/nkef.eus\/es_es\/index.php\/wp-json\/wp\/v2\/media?parent=3474"}],"wp:term":[{"taxonomy":"category","embeddable":true,"href":"https:\/\/nkef.eus\/es_es\/index.php\/wp-json\/wp\/v2\/categories?post=3474"},{"taxonomy":"post_tag","embeddable":true,"href":"https:\/\/nkef.eus\/es_es\/index.php\/wp-json\/wp\/v2\/tags?post=3474"}],"curies":[{"name":"wp","href":"https:\/\/api.w.org\/{rel}","templated":true}]}}