{"id":3214,"date":"2021-02-19T08:26:11","date_gmt":"2021-02-19T08:26:11","guid":{"rendered":"https:\/\/nkef.eus\/?p=3214"},"modified":"2021-02-19T08:29:37","modified_gmt":"2021-02-19T08:29:37","slug":"medalla-de-plata-para-lucas-eguibar-en-la-copa-del-mundo-de-reiteralm-aut","status":"publish","type":"post","link":"https:\/\/nkef.eus\/es_es\/index.php\/2021\/02\/19\/medalla-de-plata-para-lucas-eguibar-en-la-copa-del-mundo-de-reiteralm-aut\/","title":{"rendered":"MEDALLA DE PLATA PARA LUCAS EGUIBAR EN LA COPA DEL MUNDO DE REITERALM (AUT)"},"content":{"rendered":"\t\t<div data-elementor-type=\"wp-post\" data-elementor-id=\"3214\" class=\"elementor elementor-3214\">\n\t\t\t\t\t\t<div class=\"elementor-inner\">\n\t\t\t\t<div class=\"elementor-section-wrap\">\n\t\t\t\t\t\t\t\t\t<section class=\"elementor-section elementor-top-section elementor-element elementor-element-444787f3 elementor-section-content-middle elementor-section-boxed elementor-section-height-default elementor-section-height-default\" data-id=\"444787f3\" data-element_type=\"section\">\n\t\t\t\t\t\t<div class=\"elementor-container elementor-column-gap-no\">\n\t\t\t\t\t\t\t<div class=\"elementor-row\">\n\t\t\t\t\t<div class=\"elementor-column elementor-col-100 elementor-top-column elementor-element elementor-element-4ff7481b\" data-id=\"4ff7481b\" data-element_type=\"column\">\n\t\t\t<div class=\"elementor-column-wrap elementor-element-populated\">\n\t\t\t\t\t\t\t<div class=\"elementor-widget-wrap\">\n\t\t\t\t\t\t<div class=\"elementor-element elementor-element-3aee06b4 elementor-widget elementor-widget-heading\" data-id=\"3aee06b4\" data-element_type=\"widget\" data-widget_type=\"heading.default\">\n\t\t\t\t<div class=\"elementor-widget-container\">\n\t\t\t<h4 class=\"elementor-heading-title elementor-size-default\">MEDALLA DE PLATA PARA LUCAS EGUIBAR EN LA COPA DEL MUNDO DE REITERALM (AUT)<\/h4>\t\t<\/div>\n\t\t\t\t<\/div>\n\t\t\t\t<div class=\"elementor-element elementor-element-5120fb1 elementor-widget elementor-widget-image\" data-id=\"5120fb1\" data-element_type=\"widget\" data-widget_type=\"image.default\">\n\t\t\t\t<div class=\"elementor-widget-container\">\n\t\t\t\t\t\t\t\t<div class=\"elementor-image\">\n\t\t\t\t\t\t\t\t\t\t\t\t<img width=\"580\" height=\"435\" src=\"https:\/\/nkef.eus\/wp-content\/uploads\/2021\/02\/5-1024x768.png\" class=\"attachment-large size-large\" alt=\"\" loading=\"lazy\" srcset=\"https:\/\/nkef.eus\/wp-content\/uploads\/2021\/02\/5-1024x768.png 1024w, https:\/\/nkef.eus\/wp-content\/uploads\/2021\/02\/5-300x225.png 300w, https:\/\/nkef.eus\/wp-content\/uploads\/2021\/02\/5-768x576.png 768w, https:\/\/nkef.eus\/wp-content\/uploads\/2021\/02\/5-16x12.png 16w, https:\/\/nkef.eus\/wp-content\/uploads\/2021\/02\/5.png 1058w\" sizes=\"(max-width: 580px) 100vw, 580px\" \/>\t\t\t\t\t\t\t\t\t\t\t\t\t\t<\/div>\n\t\t\t\t\t\t<\/div>\n\t\t\t\t<\/div>\n\t\t\t\t<div class=\"elementor-element elementor-element-25bb3e0 elementor-widget-divider--view-line elementor-widget elementor-widget-divider\" data-id=\"25bb3e0\" data-element_type=\"widget\" data-widget_type=\"divider.default\">\n\t\t\t\t<div class=\"elementor-widget-container\">\n\t\t\t\t\t<div class=\"elementor-divider\">\n\t\t\t<span class=\"elementor-divider-separator\">\n\t\t\t\t\t\t<\/span>\n\t\t<\/div>\n\t\t\t\t<\/div>\n\t\t\t\t<\/div>\n\t\t\t\t<div class=\"elementor-element elementor-element-6d44085c elementor-widget elementor-widget-text-editor\" data-id=\"6d44085c\" data-element_type=\"widget\" data-widget_type=\"text-editor.default\">\n\t\t\t\t<div class=\"elementor-widget-container\">\n\t\t\t\t\t\t\t\t<div class=\"elementor-text-editor elementor-clearfix\">\n\t\t\t\t<p style=\"text-align: center;\">El vigente campe\u00f3n del Mundo de boardercross y becado de Basque Team ha sido segundo en la final de la Copa del Mundo disputada hoy, imponi\u00e9ndose al austriaco Alessandro H\u00e4memerle.<br \/>\u00a0<br \/>El donostiarra fue 19\u00ba en la tanda clasificatoria disputada el martes, pero marcando el segundo mejor tiempo de la segunda tanda. Con ese detalle ya dej\u00f3 entrever que sus molestias en la espalda tras la exigente fase final del Mundial, no ser\u00edan un obst\u00e1culo en esta Copa disputada en Austria.<br \/>\u00a0<br \/>Durante la jornada de hoy ha vuelto a mostrar sus credenciales en la lucha del Globo de Cristal, su segundo gran objetivo tras haber obtenido el t\u00edtulo mundial. Ejemplo del poder\u00edo que Lucas est\u00e1 teniendo esta temporada es la manera en la que ha avanzado, siendo segundo en octavos y cuartos, e imponi\u00e9ndose en la semifinal, para meterse de lleno en la gran final. En esa final ha ganado el local Alessandro H\u00e4mmerle, vencedor de las \u00faltimas dos ediciones de la competici\u00f3n, y el estadounidense\u00a0Mick Dierdorff, oro en el Mundial de Solitude (Utah, EEUU) hace dos a\u00f1os, ha sido tercero.<br \/>\u00a0<br \/>El campe\u00f3n guipuzcoano, ganador del Globo de Cristal la temporada 2014-15, y tambi\u00e9n doble medallista de plata en los Mundiales de Sierra Nevada 2017 ha sumado hoy su decimotercer podio en Copa del Mundo.<br \/>\u00a0<br \/>Tras el segundo puesto de hoy &#8216;Luki&#8217; ya es octavo en la general, con 118 puntos, 102 menos que el austriaco H\u00e4mmerle. \u00abEstoy s\u00faper-contento, estoy andando bastante bien, que es lo que m\u00e1s me motiva\u00bb ha explicado despu\u00e9s de acabar segundo en Reiteralm.<br \/><br \/><\/p>\t\t\t\t\t<\/div>\n\t\t\t\t\t\t<\/div>\n\t\t\t\t<\/div>\n\t\t\t\t\t\t<\/div>\n\t\t\t\t\t<\/div>\n\t\t<\/div>\n\t\t\t\t\t\t\t\t<\/div>\n\t\t\t\t\t<\/div>\n\t\t<\/section>\n\t\t\t\t\t\t\t\t\t<\/div>\n\t\t\t<\/div>\n\t\t\t\t\t<\/div>\n\t\t","protected":false},"excerpt":{"rendered":"<p>MEDALLA DE PLATA PARA LUCAS EGUIBAR EN LA COPA DEL MUNDO DE REITERALM (AUT) El vigente campe\u00f3n del Mundo de boardercross y becado de Basque Team ha sido segundo en la final de la Copa del Mundo disputada hoy, imponi\u00e9ndose al austriaco Alessandro H\u00e4memerle.\u00a0El donostiarra fue 19\u00ba en la tanda clasificatoria disputada el martes, pero [&hellip;]<\/p>\n","protected":false},"author":3,"featured_media":3215,"comment_status":"closed","ping_status":"closed","sticky":false,"template":"elementor_header_footer","format":"standard","meta":[],"categories":[15,19],"tags":[],"_links":{"self":[{"href":"https:\/\/nkef.eus\/es_es\/index.php\/wp-json\/wp\/v2\/posts\/3214"}],"collection":[{"href":"https:\/\/nkef.eus\/es_es\/index.php\/wp-json\/wp\/v2\/posts"}],"about":[{"href":"https:\/\/nkef.eus\/es_es\/index.php\/wp-json\/wp\/v2\/types\/post"}],"author":[{"embeddable":true,"href":"https:\/\/nkef.eus\/es_es\/index.php\/wp-json\/wp\/v2\/users\/3"}],"replies":[{"embeddable":true,"href":"https:\/\/nkef.eus\/es_es\/index.php\/wp-json\/wp\/v2\/comments?post=3214"}],"version-history":[{"count":7,"href":"https:\/\/nkef.eus\/es_es\/index.php\/wp-json\/wp\/v2\/posts\/3214\/revisions"}],"predecessor-version":[{"id":3222,"href":"https:\/\/nkef.eus\/es_es\/index.php\/wp-json\/wp\/v2\/posts\/3214\/revisions\/3222"}],"wp:featuredmedia":[{"embeddable":true,"href":"https:\/\/nkef.eus\/es_es\/index.php\/wp-json\/wp\/v2\/media\/3215"}],"wp:attachment":[{"href":"https:\/\/nkef.eus\/es_es\/index.php\/wp-json\/wp\/v2\/media?parent=3214"}],"wp:term":[{"taxonomy":"category","embeddable":true,"href":"https:\/\/nkef.eus\/es_es\/index.php\/wp-json\/wp\/v2\/categories?post=3214"},{"taxonomy":"post_tag","embeddable":true,"href":"https:\/\/nkef.eus\/es_es\/index.php\/wp-json\/wp\/v2\/tags?post=3214"}],"curies":[{"name":"wp","href":"https:\/\/api.w.org\/{rel}","templated":true}]}}