{"id":2991,"date":"2021-02-08T12:18:57","date_gmt":"2021-02-08T12:18:57","guid":{"rendered":"https:\/\/nkef.eus\/?p=2991"},"modified":"2021-02-08T12:33:29","modified_gmt":"2021-02-08T12:33:29","slug":"lucas-eguibar-y-alvaro-romero-disputaran-los-campeonatos-del-mundo-fis-de-snowboardcross-sbx-en-idre-fjall-swe","status":"publish","type":"post","link":"https:\/\/nkef.eus\/es_es\/index.php\/2021\/02\/08\/lucas-eguibar-y-alvaro-romero-disputaran-los-campeonatos-del-mundo-fis-de-snowboardcross-sbx-en-idre-fjall-swe\/","title":{"rendered":"LUCAS EGUIBAR Y \u00c1LVARO ROMERO DISPUTARAN LOS CAMPEONATOS DEL MUNDO FIS DE SNOWBOARDCROSS (SBX) EN IDRE FJ\u00c4LL (SWE)"},"content":{"rendered":"\t\t<div data-elementor-type=\"wp-post\" data-elementor-id=\"2991\" class=\"elementor elementor-2991\">\n\t\t\t\t\t\t<div class=\"elementor-inner\">\n\t\t\t\t<div class=\"elementor-section-wrap\">\n\t\t\t\t\t\t\t\t\t<section class=\"elementor-section elementor-top-section elementor-element elementor-element-754ca859 elementor-section-content-middle elementor-section-boxed elementor-section-height-default elementor-section-height-default\" data-id=\"754ca859\" data-element_type=\"section\">\n\t\t\t\t\t\t<div class=\"elementor-container elementor-column-gap-no\">\n\t\t\t\t\t\t\t<div class=\"elementor-row\">\n\t\t\t\t\t<div class=\"elementor-column elementor-col-100 elementor-top-column elementor-element elementor-element-4cb12320\" data-id=\"4cb12320\" data-element_type=\"column\">\n\t\t\t<div class=\"elementor-column-wrap elementor-element-populated\">\n\t\t\t\t\t\t\t<div class=\"elementor-widget-wrap\">\n\t\t\t\t\t\t<div class=\"elementor-element elementor-element-48f79ebb elementor-widget elementor-widget-heading\" data-id=\"48f79ebb\" data-element_type=\"widget\" data-widget_type=\"heading.default\">\n\t\t\t\t<div class=\"elementor-widget-container\">\n\t\t\t<h4 class=\"elementor-heading-title elementor-size-default\">LUCAS EGUIBAR Y \u00c1LVARO ROMERO DISPUTARAN LOS CAMPEONATOS DEL MUNDO FIS DE SNOWBOARDCROSS (SBX) EN IDRE FJ\u00c4LL (SWE)<\/h4>\t\t<\/div>\n\t\t\t\t<\/div>\n\t\t\t\t<div class=\"elementor-element elementor-element-d1853f3 elementor-widget elementor-widget-image\" data-id=\"d1853f3\" data-element_type=\"widget\" data-widget_type=\"image.default\">\n\t\t\t\t<div class=\"elementor-widget-container\">\n\t\t\t\t\t\t\t\t<div class=\"elementor-image\">\n\t\t\t\t\t\t\t\t\t<figure class=\"wp-caption\">\n\t\t\t\t\t\t\t\t\t\t<img width=\"580\" height=\"328\" src=\"https:\/\/nkef.eus\/wp-content\/uploads\/2021\/02\/2-1.jpg\" class=\"attachment-large size-large\" alt=\"\" loading=\"lazy\" srcset=\"https:\/\/nkef.eus\/wp-content\/uploads\/2021\/02\/2-1.jpg 820w, https:\/\/nkef.eus\/wp-content\/uploads\/2021\/02\/2-1-300x170.jpg 300w, https:\/\/nkef.eus\/wp-content\/uploads\/2021\/02\/2-1-768x435.jpg 768w, https:\/\/nkef.eus\/wp-content\/uploads\/2021\/02\/2-1-16x9.jpg 16w\" sizes=\"(max-width: 580px) 100vw, 580px\" \/>\t\t\t\t\t\t\t\t\t\t\t<figcaption class=\"widget-image-caption wp-caption-text\">LUCAS EGUIBAR - MEDALLA DE PLATA SIERRA NEVADA 2017<\/figcaption>\n\t\t\t\t\t\t\t\t\t\t<\/figure>\n\t\t\t\t\t\t\t\t<\/div>\n\t\t\t\t\t\t<\/div>\n\t\t\t\t<\/div>\n\t\t\t\t<div class=\"elementor-element elementor-element-2c10bea elementor-widget-divider--view-line elementor-widget elementor-widget-divider\" data-id=\"2c10bea\" data-element_type=\"widget\" data-widget_type=\"divider.default\">\n\t\t\t\t<div class=\"elementor-widget-container\">\n\t\t\t\t\t<div class=\"elementor-divider\">\n\t\t\t<span class=\"elementor-divider-separator\">\n\t\t\t\t\t\t<\/span>\n\t\t<\/div>\n\t\t\t\t<\/div>\n\t\t\t\t<\/div>\n\t\t\t\t<div class=\"elementor-element elementor-element-a13a8e0 elementor-widget elementor-widget-image\" data-id=\"a13a8e0\" data-element_type=\"widget\" data-widget_type=\"image.default\">\n\t\t\t\t<div class=\"elementor-widget-container\">\n\t\t\t\t\t\t\t\t<div class=\"elementor-image\">\n\t\t\t\t\t\t\t\t\t<figure class=\"wp-caption\">\n\t\t\t\t\t\t\t\t\t\t<img width=\"580\" height=\"468\" src=\"https:\/\/nkef.eus\/wp-content\/uploads\/2021\/02\/1-1.jpg\" class=\"attachment-large size-large\" alt=\"\" loading=\"lazy\" srcset=\"https:\/\/nkef.eus\/wp-content\/uploads\/2021\/02\/1-1.jpg 1024w, https:\/\/nkef.eus\/wp-content\/uploads\/2021\/02\/1-1-300x242.jpg 300w, https:\/\/nkef.eus\/wp-content\/uploads\/2021\/02\/1-1-768x620.jpg 768w, https:\/\/nkef.eus\/wp-content\/uploads\/2021\/02\/1-1-16x12.jpg 16w\" sizes=\"(max-width: 580px) 100vw, 580px\" \/>\t\t\t\t\t\t\t\t\t\t\t<figcaption class=\"widget-image-caption wp-caption-text\">\u00c1LVARO ROMERO - QUINTO PUESTO COPA DE EUROPA ISOLA 2000 (FRA)<\/figcaption>\n\t\t\t\t\t\t\t\t\t\t<\/figure>\n\t\t\t\t\t\t\t\t<\/div>\n\t\t\t\t\t\t<\/div>\n\t\t\t\t<\/div>\n\t\t\t\t<div class=\"elementor-element elementor-element-c88a5da elementor-widget-divider--view-line elementor-widget elementor-widget-divider\" data-id=\"c88a5da\" data-element_type=\"widget\" data-widget_type=\"divider.default\">\n\t\t\t\t<div class=\"elementor-widget-container\">\n\t\t\t\t\t<div class=\"elementor-divider\">\n\t\t\t<span class=\"elementor-divider-separator\">\n\t\t\t\t\t\t<\/span>\n\t\t<\/div>\n\t\t\t\t<\/div>\n\t\t\t\t<\/div>\n\t\t\t\t<div class=\"elementor-element elementor-element-799b59a elementor-widget elementor-widget-text-editor\" data-id=\"799b59a\" data-element_type=\"widget\" data-widget_type=\"text-editor.default\">\n\t\t\t\t<div class=\"elementor-widget-container\">\n\t\t\t\t\t\t\t\t<div class=\"elementor-text-editor elementor-clearfix\">\n\t\t\t\t<p style=\"text-align: center;\">Cuenta atr\u00e1s para el comienzo de los Campeonatos del Mundo de snowboardcross SBX que se disputaran en Idre Fj\u00e4ll (SWE) del 9-12 de Febrero de 2021y en el que estar\u00e1n los riders del Club Dalton \/NKEF, Lucas Eguibar y \u00c1lvaro Romero.<br \/><br \/>Lucas ya sabe lo que es subirse al podium en un mundial tras conseguir dos medallas de plata en los mundiales de Sierra Nevada 2017 en categor\u00eda individual y por equipos.<br \/><br \/>Para \u00c1lvaro este ser\u00e1 su primer mundial absoluto y llega con mucha confianza tras su victoria en prueba Fis disputada en Reiteralm (Austria) y su quinto puesto obtenido en Copa de Europa en Isola 2000 (Francia).<br \/><br \/>Animo!!! y mucha fuerza para ambos.<\/p>\t\t\t\t\t<\/div>\n\t\t\t\t\t\t<\/div>\n\t\t\t\t<\/div>\n\t\t\t\t\t\t<\/div>\n\t\t\t\t\t<\/div>\n\t\t<\/div>\n\t\t\t\t\t\t\t\t<\/div>\n\t\t\t\t\t<\/div>\n\t\t<\/section>\n\t\t\t\t\t\t\t\t\t<\/div>\n\t\t\t<\/div>\n\t\t\t\t\t<\/div>\n\t\t","protected":false},"excerpt":{"rendered":"<p>LUCAS EGUIBAR Y \u00c1LVARO ROMERO DISPUTARAN LOS CAMPEONATOS DEL MUNDO FIS DE SNOWBOARDCROSS (SBX) EN IDRE FJ\u00c4LL (SWE) LUCAS EGUIBAR &#8211; MEDALLA DE PLATA SIERRA NEVADA 2017 \u00c1LVARO ROMERO &#8211; QUINTO PUESTO COPA DE EUROPA ISOLA 2000 (FRA) Cuenta atr\u00e1s para el comienzo de los Campeonatos del Mundo de snowboardcross SBX que se disputaran en [&hellip;]<\/p>\n","protected":false},"author":3,"featured_media":2993,"comment_status":"closed","ping_status":"closed","sticky":false,"template":"elementor_header_footer","format":"standard","meta":[],"categories":[15,19],"tags":[],"_links":{"self":[{"href":"https:\/\/nkef.eus\/es_es\/index.php\/wp-json\/wp\/v2\/posts\/2991"}],"collection":[{"href":"https:\/\/nkef.eus\/es_es\/index.php\/wp-json\/wp\/v2\/posts"}],"about":[{"href":"https:\/\/nkef.eus\/es_es\/index.php\/wp-json\/wp\/v2\/types\/post"}],"author":[{"embeddable":true,"href":"https:\/\/nkef.eus\/es_es\/index.php\/wp-json\/wp\/v2\/users\/3"}],"replies":[{"embeddable":true,"href":"https:\/\/nkef.eus\/es_es\/index.php\/wp-json\/wp\/v2\/comments?post=2991"}],"version-history":[{"count":4,"href":"https:\/\/nkef.eus\/es_es\/index.php\/wp-json\/wp\/v2\/posts\/2991\/revisions"}],"predecessor-version":[{"id":2997,"href":"https:\/\/nkef.eus\/es_es\/index.php\/wp-json\/wp\/v2\/posts\/2991\/revisions\/2997"}],"wp:featuredmedia":[{"embeddable":true,"href":"https:\/\/nkef.eus\/es_es\/index.php\/wp-json\/wp\/v2\/media\/2993"}],"wp:attachment":[{"href":"https:\/\/nkef.eus\/es_es\/index.php\/wp-json\/wp\/v2\/media?parent=2991"}],"wp:term":[{"taxonomy":"category","embeddable":true,"href":"https:\/\/nkef.eus\/es_es\/index.php\/wp-json\/wp\/v2\/categories?post=2991"},{"taxonomy":"post_tag","embeddable":true,"href":"https:\/\/nkef.eus\/es_es\/index.php\/wp-json\/wp\/v2\/tags?post=2991"}],"curies":[{"name":"wp","href":"https:\/\/api.w.org\/{rel}","templated":true}]}}